{"id":65003,"date":"2026-04-30T15:48:57","date_gmt":"2026-04-30T20:48:57","guid":{"rendered":"http:\/\/www.undar.edu.pe\/?p=65003"},"modified":"2026-04-30T15:54:00","modified_gmt":"2026-04-30T20:54:00","slug":"undar-recibe-reconocimiento-por-su-compromiso-con-la-formacion-de-jovenes-beneficiarios-de-beca-18","status":"publish","type":"post","link":"http:\/\/www.undar.edu.pe\/index.php\/2026\/04\/30\/undar-recibe-reconocimiento-por-su-compromiso-con-la-formacion-de-jovenes-beneficiarios-de-beca-18\/","title":{"rendered":"UNDAR RECIBE RECONOCIMIENTO POR SU COMPROMISO CON LA FORMACI\u00d3N DE J\u00d3VENES BENEFICIARIOS DE BECA 18"},"content":{"rendered":"\t\t<div data-elementor-type=\"wp-post\" data-elementor-id=\"65003\" class=\"elementor elementor-65003\" data-elementor-post-type=\"post\">\n\t\t\t\t\t\t<section class=\"elementor-section elementor-top-section elementor-element elementor-element-18871c0f elementor-section-boxed elementor-section-height-default elementor-section-height-default\" data-id=\"18871c0f\" data-element_type=\"section\">\n\t\t\t\t\t\t<div class=\"elementor-container elementor-column-gap-default\">\n\t\t\t\t\t<div class=\"elementor-column elementor-col-100 elementor-top-column elementor-element elementor-element-40331c9a\" data-id=\"40331c9a\" data-element_type=\"column\">\n\t\t\t<div class=\"elementor-widget-wrap elementor-element-populated\">\n\t\t\t\t\t\t<div class=\"elementor-element elementor-element-8e07069 elementor-widget elementor-widget-heading\" data-id=\"8e07069\" data-element_type=\"widget\" data-widget_type=\"heading.default\">\n\t\t\t\t<div class=\"elementor-widget-container\">\n\t\t\t<h4 class=\"elementor-heading-title elementor-size-default\">UNDAR RECIBE RECONOCIMIENTO POR SU COMPROMISO CON LA FORMACI\u00d3N DE J\u00d3VENES BENEFICIARIOS DE BECA 18<\/h4>\t\t<\/div>\n\t\t\t\t<\/div>\n\t\t\t\t<div class=\"elementor-element elementor-element-be5b4c8 elementor-widget elementor-widget-spacer\" data-id=\"be5b4c8\" data-element_type=\"widget\" data-widget_type=\"spacer.default\">\n\t\t\t\t<div class=\"elementor-widget-container\">\n\t\t\t\t\t<div class=\"elementor-spacer\">\n\t\t\t<div class=\"elementor-spacer-inner\"><\/div>\n\t\t<\/div>\n\t\t\t\t<\/div>\n\t\t\t\t<\/div>\n\t\t\t\t<div class=\"elementor-element elementor-element-4664c16 elementor-widget__width-initial elementor-widget elementor-widget-image\" data-id=\"4664c16\" data-element_type=\"widget\" data-widget_type=\"image.default\">\n\t\t\t\t<div class=\"elementor-widget-container\">\n\t\t\t\t\t\t\t\t\t\t\t\t\t<img fetchpriority=\"high\" decoding=\"async\" width=\"580\" height=\"385\" src=\"http:\/\/www.undar.edu.pe\/wp-content\/uploads\/2026\/04\/ProgramaJuntos.gif\" class=\"attachment-medium_large size-medium_large wp-image-65005\" alt=\"Banner de noticias: Programa Juntos Beca 18\" \/>\t\t\t\t\t\t\t\t\t\t\t\t\t<\/div>\n\t\t\t\t<\/div>\n\t\t\t\t<div class=\"elementor-element elementor-element-35352b80 elementor-widget elementor-widget-text-editor\" data-id=\"35352b80\" data-element_type=\"widget\" data-widget_type=\"text-editor.default\">\n\t\t\t\t<div class=\"elementor-widget-container\">\n\t\t\t\t\t\t\t<p>\u00a0<\/p><p>La Universidad Nacional Daniel Alom\u00eda Robles fue reconocida por su valioso aporte y compromiso en el desarrollo de la academia dirigida a los usuarios del programa Beca 18, iniciativa que ha contribuido significativamente en la preparaci\u00f3n acad\u00e9mica y el fortalecimiento de oportunidades para j\u00f3venes beneficiarios.<\/p><p>La ceremonia de reconocimiento cont\u00f3 con la presencia de la Dra. Charo Jacqueline J\u00e1uregui Sueldo, vicepresidenta acad\u00e9mica de la UNDAR; el Dr. Jos\u00e9 Ignacio L\u00f3pez Ram\u00edrez Gast\u00f3n, vicepresidente de investigaci\u00f3n; la directora ejecutiva nacional del programa Juntos, Mar\u00eda Elena Vidal Senador; y Enrique Garay Campos, jefe de Unidad Territorial del programa Juntos, quienes integraron la mesa de honor durante esta importante actividad de reconocimiento.<\/p><p>Durante su intervenci\u00f3n, Mar\u00eda Elena Vidal Senador destac\u00f3 la labor que viene realizando la Universidad Nacional Daniel Alom\u00eda Robles, resaltando especialmente su compromiso con la transformaci\u00f3n de vidas y el apoyo constante a j\u00f3venes que buscan salir adelante a trav\u00e9s de la educaci\u00f3n. Asimismo, comparti\u00f3 una alentadora noticia al anunciar que un grupo de 22 j\u00f3venes logr\u00f3 ingresar al Programa Nacional de Becas y Cr\u00e9dito Educativo (PRONABEC) resultado que refleja el impacto positivo de este trabajo articulado.<\/p><p>En el marco de esta actividad, se reconoci\u00f3 la destacada participaci\u00f3n de los docentes de la UNDAR que colaboraron en el desarrollo de la academia: la Dra. Betty Le\u00f3n Trujillo, el Mgtr. Huberto Tito Hinostroza y el Mgtr. Alan Manuel Rub\u00edn Robles. Del mismo modo, se resalt\u00f3 la contribuci\u00f3n del Mgtr. Fabio Rodr\u00edguez Mel\u00e9ndez como personal no docente.<\/p><p>Con este reconocimiento, la Universidad Nacional Daniel Alom\u00eda Robles reafirma su compromiso con la educaci\u00f3n, la inclusi\u00f3n y la generaci\u00f3n de mayores oportunidades para la juventud, fortaleciendo iniciativas que contribuyen al desarrollo acad\u00e9mico y profesional de los estudiantes de nuestra regi\u00f3n.<\/p>\t\t\t\t\t\t<\/div>\n\t\t\t\t<\/div>\n\t\t\t\t<div class=\"elementor-element elementor-element-f83af45 elementor-share-buttons--view-icon elementor-share-buttons--skin-minimal elementor-share-buttons--shape-circle elementor-share-buttons--align-center elementor-grid-0 elementor-share-buttons--color-official elementor-widget elementor-widget-share-buttons\" data-id=\"f83af45\" data-element_type=\"widget\" data-widget_type=\"share-buttons.default\">\n\t\t\t\t<div class=\"elementor-widget-container\">\n\t\t\t\t\t<div class=\"elementor-grid\">\n\t\t\t\t\t\t\t\t<div class=\"elementor-grid-item\">\n\t\t\t\t\t\t<div\n\t\t\t\t\t\t\tclass=\"elementor-share-btn elementor-share-btn_facebook\"\n\t\t\t\t\t\t\trole=\"button\"\n\t\t\t\t\t\t\ttabindex=\"0\"\n\t\t\t\t\t\t\taria-label=\"Compartir en facebook\"\n\t\t\t\t\t\t>\n\t\t\t\t\t\t\t\t\t\t\t\t\t\t\t<span class=\"elementor-share-btn__icon\">\n\t\t\t\t\t\t\t\t<i class=\"fab fa-facebook\" aria-hidden=\"true\"><\/i>\t\t\t\t\t\t\t<\/span>\n\t\t\t\t\t\t\t\t\t\t\t\t\t\t\t\t\t\t\t\t<\/div>\n\t\t\t\t\t<\/div>\n\t\t\t\t\t\t\t\t\t<div class=\"elementor-grid-item\">\n\t\t\t\t\t\t<div\n\t\t\t\t\t\t\tclass=\"elementor-share-btn elementor-share-btn_twitter\"\n\t\t\t\t\t\t\trole=\"button\"\n\t\t\t\t\t\t\ttabindex=\"0\"\n\t\t\t\t\t\t\taria-label=\"Compartir en twitter\"\n\t\t\t\t\t\t>\n\t\t\t\t\t\t\t\t\t\t\t\t\t\t\t<span class=\"elementor-share-btn__icon\">\n\t\t\t\t\t\t\t\t<i class=\"fab fa-twitter\" aria-hidden=\"true\"><\/i>\t\t\t\t\t\t\t<\/span>\n\t\t\t\t\t\t\t\t\t\t\t\t\t\t\t\t\t\t\t\t<\/div>\n\t\t\t\t\t<\/div>\n\t\t\t\t\t\t\t\t\t<div class=\"elementor-grid-item\">\n\t\t\t\t\t\t<div\n\t\t\t\t\t\t\tclass=\"elementor-share-btn elementor-share-btn_linkedin\"\n\t\t\t\t\t\t\trole=\"button\"\n\t\t\t\t\t\t\ttabindex=\"0\"\n\t\t\t\t\t\t\taria-label=\"Compartir en linkedin\"\n\t\t\t\t\t\t>\n\t\t\t\t\t\t\t\t\t\t\t\t\t\t\t<span class=\"elementor-share-btn__icon\">\n\t\t\t\t\t\t\t\t<i class=\"fab fa-linkedin\" aria-hidden=\"true\"><\/i>\t\t\t\t\t\t\t<\/span>\n\t\t\t\t\t\t\t\t\t\t\t\t\t\t\t\t\t\t\t\t<\/div>\n\t\t\t\t\t<\/div>\n\t\t\t\t\t\t<\/div>\n\t\t\t\t<\/div>\n\t\t\t\t<\/div>\n\t\t\t\t<section class=\"elementor-section elementor-inner-section elementor-element elementor-element-4bfc828 elementor-section-boxed elementor-section-height-default elementor-section-height-default\" data-id=\"4bfc828\" data-element_type=\"section\">\n\t\t\t\t\t\t<div class=\"elementor-container elementor-column-gap-default\">\n\t\t\t\t\t<div class=\"elementor-column elementor-col-33 elementor-inner-column elementor-element elementor-element-231c783\" data-id=\"231c783\" data-element_type=\"column\">\n\t\t\t<div class=\"elementor-widget-wrap elementor-element-populated\">\n\t\t\t\t\t\t<div class=\"elementor-element elementor-element-2845b88 elementor-align-justify elementor-widget__width-inherit elementor-widget elementor-widget-button\" data-id=\"2845b88\" data-element_type=\"widget\" data-widget_type=\"button.default\">\n\t\t\t\t<div class=\"elementor-widget-container\">\n\t\t\t\t\t\t\t<div class=\"elementor-button-wrapper\">\n\t\t\t\t\t<a class=\"elementor-button elementor-button-link elementor-size-md\" href=\"https:\/\/www.undar.edu.pe\/index.php\/2026\/04\/24\/a-34-anos-de-su-partida-undar-rinde-homenaje-a-rodolfo-holzmann\/\">\n\t\t\t\t\t\t<span class=\"elementor-button-content-wrapper\">\n\t\t\t\t\t\t<span class=\"elementor-button-icon\">\n\t\t\t\t<i aria-hidden=\"true\" class=\"fas fa-arrow-left\"><\/i>\t\t\t<\/span>\n\t\t\t\t\t\t\t\t\t<span class=\"elementor-button-text\">ATR\u00c1S<\/span>\n\t\t\t\t\t<\/span>\n\t\t\t\t\t<\/a>\n\t\t\t\t<\/div>\n\t\t\t\t\t\t<\/div>\n\t\t\t\t<\/div>\n\t\t\t\t\t<\/div>\n\t\t<\/div>\n\t\t\t\t<div class=\"elementor-column elementor-col-33 elementor-inner-column elementor-element elementor-element-4d23888\" data-id=\"4d23888\" data-element_type=\"column\">\n\t\t\t<div class=\"elementor-widget-wrap\">\n\t\t\t\t\t\t\t<\/div>\n\t\t<\/div>\n\t\t\t\t<div class=\"elementor-column elementor-col-33 elementor-inner-column elementor-element elementor-element-ea4fe31\" data-id=\"ea4fe31\" data-element_type=\"column\">\n\t\t\t<div class=\"elementor-widget-wrap elementor-element-populated\">\n\t\t\t\t\t\t<div class=\"elementor-element elementor-element-4e9bafd elementor-align-justify elementor-widget__width-inherit elementor-widget elementor-widget-button\" data-id=\"4e9bafd\" data-element_type=\"widget\" data-widget_type=\"button.default\">\n\t\t\t\t<div class=\"elementor-widget-container\">\n\t\t\t\t\t\t\t<div class=\"elementor-button-wrapper\">\n\t\t\t\t\t<a class=\"elementor-button elementor-button-link elementor-size-md\" href=\"#\">\n\t\t\t\t\t\t<span class=\"elementor-button-content-wrapper\">\n\t\t\t\t\t\t<span class=\"elementor-button-icon\">\n\t\t\t\t<i aria-hidden=\"true\" class=\"fas fa-arrow-right\"><\/i>\t\t\t<\/span>\n\t\t\t\t\t\t\t\t\t<span class=\"elementor-button-text\">SIGUIENTE<\/span>\n\t\t\t\t\t<\/span>\n\t\t\t\t\t<\/a>\n\t\t\t\t<\/div>\n\t\t\t\t\t\t<\/div>\n\t\t\t\t<\/div>\n\t\t\t\t\t<\/div>\n\t\t<\/div>\n\t\t\t\t\t<\/div>\n\t\t<\/section>\n\t\t\t\t<div class=\"elementor-element elementor-element-aa8fe31 elementor-widget elementor-widget-text-editor\" data-id=\"aa8fe31\" data-element_type=\"widget\" data-widget_type=\"text-editor.default\">\n\t\t\t\t<div class=\"elementor-widget-container\">\n\t\t\t\t\t\t\t<p><span style=\"color: #4b4f58; font-size: 15px;\"><button id=\"listenButton1\" class=\"responsivevoice-button\" type=\"button\" value=\"Play\" title=\"ResponsiveVoice Tap to Start\/Stop Speech\"><span>&#128266; Listen to this<\/span><\/button>\n        <script>\n            listenButton1.onclick = function(){\n                if(responsiveVoice.isPlaying()){\n                    responsiveVoice.cancel();\n                }else{\n                    responsiveVoice.speak(\"UNDAR RECIBE RECONOCIMIENTO POR SU COMPROMISO CON LA FORMACI\u00d3N DE J\u00d3VENES BENEFICIARIOS DE BECA 18 \u00a0La Universidad Nacional Daniel Alom\u00eda Robles fue reconocida por su valioso aporte y compromiso en el desarrollo de la academia dirigida a los usuarios del programa Beca 18, iniciativa que ha contribuido significativamente en la preparaci\u00f3n acad\u00e9mica y el fortalecimiento de oportunidades para j\u00f3venes beneficiarios.La ceremonia de reconocimiento cont\u00f3 con la presencia de la Dra. Charo Jacqueline J\u00e1uregui Sueldo, vicepresidenta acad\u00e9mica de la UNDAR; el Dr. Jos\u00e9 Ignacio L\u00f3pez Ram\u00edrez Gast\u00f3n, vicepresidente de investigaci\u00f3n; la directora ejecutiva nacional del programa Juntos, Mar\u00eda Elena Vidal Senador; y Enrique Garay Campos, jefe de Unidad Territorial del programa Juntos, quienes integraron la mesa de honor durante esta importante actividad de reconocimiento.Durante su intervenci\u00f3n, Mar\u00eda Elena Vidal Senador destac\u00f3 la labor que viene realizando la Universidad Nacional Daniel Alom\u00eda Robles, resaltando especialmente su compromiso con la transformaci\u00f3n de vidas y el apoyo constante a j\u00f3venes que buscan salir adelante a trav\u00e9s de la educaci\u00f3n. Asimismo, comparti\u00f3 una alentadora noticia al anunciar que un grupo de 22 j\u00f3venes logr\u00f3 ingresar al Programa Nacional de Becas y Cr\u00e9dito Educativo (PRONABEC) resultado que refleja el impacto positivo de este trabajo articulado.En el marco de esta actividad, se reconoci\u00f3 la destacada participaci\u00f3n de los docentes de la UNDAR que colaboraron en el desarrollo de la academia: la Dra. Betty Le\u00f3n Trujillo, el Mgtr. Huberto Tito Hinostroza y el Mgtr. Alan Manuel Rub\u00edn Robles. Del mismo modo, se resalt\u00f3 la contribuci\u00f3n del Mgtr. Fabio Rodr\u00edguez Mel\u00e9ndez como personal no docente.Con este reconocimiento, la Universidad Nacional Daniel Alom\u00eda Robles reafirma su compromiso con la educaci\u00f3n, la inclusi\u00f3n y la generaci\u00f3n de mayores oportunidades para la juventud, fortaleciendo iniciativas que contribuyen al desarrollo acad\u00e9mico y profesional de los estudiantes de nuestra regi\u00f3n. ATR\u00c1S SIGUIENTE \u00a0\", \"UK English Female\");\n                }\n            };\n        <\/script>\n    <\/span><span style=\"color: #4b4f58; font-size: 15px;\">\u00a0<\/span><\/p>\t\t\t\t\t\t<\/div>\n\t\t\t\t<\/div>\n\t\t\t\t\t<\/div>\n\t\t<\/div>\n\t\t\t\t\t<\/div>\n\t\t<\/section>\n\t\t\t\t<\/div>\n\t\t","protected":false},"excerpt":{"rendered":"<p>La Universidad Nacional Daniel Alom\u00eda Robles fue reconocida por su valioso aporte y compromiso en el desarrollo de la academia dirigida a los usuarios del programa Beca 18  (&#8230;)<\/p>\n","protected":false},"author":1,"featured_media":65005,"comment_status":"closed","ping_status":"closed","sticky":false,"template":"","format":"standard","meta":{"_uf_show_specific_survey":0,"_uf_disable_surveys":false,"footnotes":""},"categories":[7],"tags":[],"class_list":["post-65003","post","type-post","status-publish","format-standard","has-post-thumbnail","hentry","category-noticias"],"aioseo_notices":[],"_links":{"self":[{"href":"http:\/\/www.undar.edu.pe\/index.php\/wp-json\/wp\/v2\/posts\/65003","targetHints":{"allow":["GET"]}}],"collection":[{"href":"http:\/\/www.undar.edu.pe\/index.php\/wp-json\/wp\/v2\/posts"}],"about":[{"href":"http:\/\/www.undar.edu.pe\/index.php\/wp-json\/wp\/v2\/types\/post"}],"author":[{"embeddable":true,"href":"http:\/\/www.undar.edu.pe\/index.php\/wp-json\/wp\/v2\/users\/1"}],"replies":[{"embeddable":true,"href":"http:\/\/www.undar.edu.pe\/index.php\/wp-json\/wp\/v2\/comments?post=65003"}],"version-history":[{"count":8,"href":"http:\/\/www.undar.edu.pe\/index.php\/wp-json\/wp\/v2\/posts\/65003\/revisions"}],"predecessor-version":[{"id":65013,"href":"http:\/\/www.undar.edu.pe\/index.php\/wp-json\/wp\/v2\/posts\/65003\/revisions\/65013"}],"wp:featuredmedia":[{"embeddable":true,"href":"http:\/\/www.undar.edu.pe\/index.php\/wp-json\/wp\/v2\/media\/65005"}],"wp:attachment":[{"href":"http:\/\/www.undar.edu.pe\/index.php\/wp-json\/wp\/v2\/media?parent=65003"}],"wp:term":[{"taxonomy":"category","embeddable":true,"href":"http:\/\/www.undar.edu.pe\/index.php\/wp-json\/wp\/v2\/categories?post=65003"},{"taxonomy":"post_tag","embeddable":true,"href":"http:\/\/www.undar.edu.pe\/index.php\/wp-json\/wp\/v2\/tags?post=65003"}],"curies":[{"name":"wp","href":"https:\/\/api.w.org\/{rel}","templated":true}]}}