{"id":64634,"date":"2026-03-10T15:49:48","date_gmt":"2026-03-10T20:49:48","guid":{"rendered":"http:\/\/www.undar.edu.pe\/?p=64634"},"modified":"2026-03-12T15:13:14","modified_gmt":"2026-03-12T20:13:14","slug":"undar-celebra-el-i-festival-condor-pasa-en-homenaje-al-legado-de-daniel-alomia-robles","status":"publish","type":"post","link":"http:\/\/www.undar.edu.pe\/index.php\/2026\/03\/10\/undar-celebra-el-i-festival-condor-pasa-en-homenaje-al-legado-de-daniel-alomia-robles\/","title":{"rendered":"UNDAR CELEBRA EL I FESTIVAL \u201cC\u00d3NDOR PASA\u00bb EN HOMENAJE AL LEGADO DE DANIEL ALOM\u00cdA ROBLES"},"content":{"rendered":"\t\t<div data-elementor-type=\"wp-post\" data-elementor-id=\"64634\" class=\"elementor elementor-64634\" data-elementor-post-type=\"post\">\n\t\t\t\t\t\t<section class=\"elementor-section elementor-top-section elementor-element elementor-element-18871c0f elementor-section-boxed elementor-section-height-default elementor-section-height-default\" data-id=\"18871c0f\" data-element_type=\"section\">\n\t\t\t\t\t\t<div class=\"elementor-container elementor-column-gap-default\">\n\t\t\t\t\t<div class=\"elementor-column elementor-col-100 elementor-top-column elementor-element elementor-element-40331c9a\" data-id=\"40331c9a\" data-element_type=\"column\">\n\t\t\t<div class=\"elementor-widget-wrap elementor-element-populated\">\n\t\t\t\t\t\t<div class=\"elementor-element elementor-element-8e07069 elementor-widget elementor-widget-heading\" data-id=\"8e07069\" data-element_type=\"widget\" data-widget_type=\"heading.default\">\n\t\t\t\t<div class=\"elementor-widget-container\">\n\t\t\t<h4 class=\"elementor-heading-title elementor-size-default\">UNDAR CELEBRA EL I FESTIVAL \u201cC\u00d3NDOR PASA\" EN HOMENAJE AL LEGADO DE DANIEL ALOM\u00cdA ROBLES<\/h4>\t\t<\/div>\n\t\t\t\t<\/div>\n\t\t\t\t<div class=\"elementor-element elementor-element-be5b4c8 elementor-widget elementor-widget-spacer\" data-id=\"be5b4c8\" data-element_type=\"widget\" data-widget_type=\"spacer.default\">\n\t\t\t\t<div class=\"elementor-widget-container\">\n\t\t\t\t\t<div class=\"elementor-spacer\">\n\t\t\t<div class=\"elementor-spacer-inner\"><\/div>\n\t\t<\/div>\n\t\t\t\t<\/div>\n\t\t\t\t<\/div>\n\t\t\t\t<div class=\"elementor-element elementor-element-4664c16 elementor-widget__width-initial elementor-widget elementor-widget-image\" data-id=\"4664c16\" data-element_type=\"widget\" data-widget_type=\"image.default\">\n\t\t\t\t<div class=\"elementor-widget-container\">\n\t\t\t\t\t\t\t\t\t\t\t\t\t<img fetchpriority=\"high\" decoding=\"async\" width=\"768\" height=\"510\" src=\"http:\/\/www.undar.edu.pe\/wp-content\/uploads\/2026\/03\/IMAGEN-PARA-PRENSA-DEL-FESTIVAL-DE-CONDOR-PASA-768x510.png\" class=\"attachment-medium_large size-medium_large wp-image-64636\" alt=\"Banner de noticias: 1er festival &quot;C\u00f3ndor Pasa&quot;\" srcset=\"http:\/\/www.undar.edu.pe\/wp-content\/uploads\/2026\/03\/IMAGEN-PARA-PRENSA-DEL-FESTIVAL-DE-CONDOR-PASA-768x510.png 768w, http:\/\/www.undar.edu.pe\/wp-content\/uploads\/2026\/03\/IMAGEN-PARA-PRENSA-DEL-FESTIVAL-DE-CONDOR-PASA-300x199.png 300w, http:\/\/www.undar.edu.pe\/wp-content\/uploads\/2026\/03\/IMAGEN-PARA-PRENSA-DEL-FESTIVAL-DE-CONDOR-PASA-1024x680.png 1024w, http:\/\/www.undar.edu.pe\/wp-content\/uploads\/2026\/03\/IMAGEN-PARA-PRENSA-DEL-FESTIVAL-DE-CONDOR-PASA-1536x1019.png 1536w, http:\/\/www.undar.edu.pe\/wp-content\/uploads\/2026\/03\/IMAGEN-PARA-PRENSA-DEL-FESTIVAL-DE-CONDOR-PASA-2048x1359.png 2048w\" sizes=\"(max-width: 768px) 100vw, 768px\" \/>\t\t\t\t\t\t\t\t\t\t\t\t\t<\/div>\n\t\t\t\t<\/div>\n\t\t\t\t<div class=\"elementor-element elementor-element-35352b80 elementor-widget elementor-widget-text-editor\" data-id=\"35352b80\" data-element_type=\"widget\" data-widget_type=\"text-editor.default\">\n\t\t\t\t<div class=\"elementor-widget-container\">\n\t\t\t\t\t\t\t<p><\/p>\n<p>La Universidad Nacional Daniel Alom\u00eda Robles (UNDAR) invita a la comunidad huanuque\u00f1a al I Festival \u201cC\u00f3ndor Pasa\u00bb, un evento art\u00edstico que se llevar\u00e1 a cabo el pr\u00f3ximo 16 de marzo a las 6:00 p.m. en el Auditorio \u201cRoel Edgardo Tarazona Padilla\u201d.<\/p>\n<p>El festival conmemora la trascendencia de la obra cumbre de Alom\u00eda Robles, la cual fue declarada Patrimonio Cultural de la Naci\u00f3n en 2004 mediante la Resoluci\u00f3n Directoral Nacional N\u00b0 219\/INC. Este reconocimiento resalta su profunda significaci\u00f3n simb\u00f3lica y su rol fundamental en la identidad nacional y la difusi\u00f3n de la m\u00fasica peruana en el mundo.<\/p>\n<p>El evento contar\u00e1 con una cartelera que incluye a artistas como Kesia Rivera, Leonardo Choquevilca Lozano, Abel Paulino, el Coro de la I.E. Mar\u00eda de los \u00c1ngeles, y agrupaciones como Samhain Raymi, Naturalmente, Salva!!! y Alns.&nbsp;<\/p>\n<p>El Dr. Benjam\u00edn Velazco Reyes, presidente de la comisi\u00f3n organizadora de la UNDAR, destac\u00f3 que este evento es un espacio que deben darse como universidad para revalorar las costumbres y el legado de Daniel Alom\u00eda Robles, resaltando adem\u00e1s que el festival busca mostrar c\u00f3mo la melod\u00eda de \u00abEl C\u00f3ndor Pasa\u00bb posee una versatilidad \u00fanica que le permite adaptarse a una amplia variedad de g\u00e9neros musicales modernos y tradicionales.<\/p>\n<p>El ingreso al evento es libre. Con ello la UNDAR reafirma su compromiso con el acceso a la cultura permitiendo que la colectividad huanuque\u00f1a conecte con su herencia musical.<\/p>\t\t\t\t\t\t<\/div>\n\t\t\t\t<\/div>\n\t\t\t\t<div class=\"elementor-element elementor-element-f83af45 elementor-share-buttons--view-icon elementor-share-buttons--skin-minimal elementor-share-buttons--shape-circle elementor-share-buttons--align-center elementor-grid-0 elementor-share-buttons--color-official elementor-widget elementor-widget-share-buttons\" data-id=\"f83af45\" data-element_type=\"widget\" data-widget_type=\"share-buttons.default\">\n\t\t\t\t<div class=\"elementor-widget-container\">\n\t\t\t\t\t<div class=\"elementor-grid\">\n\t\t\t\t\t\t\t\t<div class=\"elementor-grid-item\">\n\t\t\t\t\t\t<div\n\t\t\t\t\t\t\tclass=\"elementor-share-btn elementor-share-btn_facebook\"\n\t\t\t\t\t\t\trole=\"button\"\n\t\t\t\t\t\t\ttabindex=\"0\"\n\t\t\t\t\t\t\taria-label=\"Compartir en facebook\"\n\t\t\t\t\t\t>\n\t\t\t\t\t\t\t\t\t\t\t\t\t\t\t<span class=\"elementor-share-btn__icon\">\n\t\t\t\t\t\t\t\t<i class=\"fab fa-facebook\" aria-hidden=\"true\"><\/i>\t\t\t\t\t\t\t<\/span>\n\t\t\t\t\t\t\t\t\t\t\t\t\t\t\t\t\t\t\t\t<\/div>\n\t\t\t\t\t<\/div>\n\t\t\t\t\t\t\t\t\t<div class=\"elementor-grid-item\">\n\t\t\t\t\t\t<div\n\t\t\t\t\t\t\tclass=\"elementor-share-btn elementor-share-btn_twitter\"\n\t\t\t\t\t\t\trole=\"button\"\n\t\t\t\t\t\t\ttabindex=\"0\"\n\t\t\t\t\t\t\taria-label=\"Compartir en twitter\"\n\t\t\t\t\t\t>\n\t\t\t\t\t\t\t\t\t\t\t\t\t\t\t<span class=\"elementor-share-btn__icon\">\n\t\t\t\t\t\t\t\t<i class=\"fab fa-twitter\" aria-hidden=\"true\"><\/i>\t\t\t\t\t\t\t<\/span>\n\t\t\t\t\t\t\t\t\t\t\t\t\t\t\t\t\t\t\t\t<\/div>\n\t\t\t\t\t<\/div>\n\t\t\t\t\t\t\t\t\t<div class=\"elementor-grid-item\">\n\t\t\t\t\t\t<div\n\t\t\t\t\t\t\tclass=\"elementor-share-btn elementor-share-btn_linkedin\"\n\t\t\t\t\t\t\trole=\"button\"\n\t\t\t\t\t\t\ttabindex=\"0\"\n\t\t\t\t\t\t\taria-label=\"Compartir en linkedin\"\n\t\t\t\t\t\t>\n\t\t\t\t\t\t\t\t\t\t\t\t\t\t\t<span class=\"elementor-share-btn__icon\">\n\t\t\t\t\t\t\t\t<i class=\"fab fa-linkedin\" aria-hidden=\"true\"><\/i>\t\t\t\t\t\t\t<\/span>\n\t\t\t\t\t\t\t\t\t\t\t\t\t\t\t\t\t\t\t\t<\/div>\n\t\t\t\t\t<\/div>\n\t\t\t\t\t\t<\/div>\n\t\t\t\t<\/div>\n\t\t\t\t<\/div>\n\t\t\t\t<section class=\"elementor-section elementor-inner-section elementor-element elementor-element-4bfc828 elementor-section-boxed elementor-section-height-default elementor-section-height-default\" data-id=\"4bfc828\" data-element_type=\"section\">\n\t\t\t\t\t\t<div class=\"elementor-container elementor-column-gap-default\">\n\t\t\t\t\t<div class=\"elementor-column elementor-col-33 elementor-inner-column elementor-element elementor-element-231c783\" data-id=\"231c783\" data-element_type=\"column\">\n\t\t\t<div class=\"elementor-widget-wrap elementor-element-populated\">\n\t\t\t\t\t\t<div class=\"elementor-element elementor-element-2845b88 elementor-align-justify elementor-widget__width-inherit elementor-widget elementor-widget-button\" data-id=\"2845b88\" data-element_type=\"widget\" data-widget_type=\"button.default\">\n\t\t\t\t<div class=\"elementor-widget-container\">\n\t\t\t\t\t\t\t<div class=\"elementor-button-wrapper\">\n\t\t\t\t\t<a class=\"elementor-button elementor-button-link elementor-size-md\" href=\"https:\/\/www.undar.edu.pe\/index.php\/2026\/02\/23\/isaura-sabino-destaco-en-el-ii-festival-de-canto-en-lenguas-originarias-2026\/\">\n\t\t\t\t\t\t<span class=\"elementor-button-content-wrapper\">\n\t\t\t\t\t\t<span class=\"elementor-button-icon\">\n\t\t\t\t<i aria-hidden=\"true\" class=\"fas fa-arrow-left\"><\/i>\t\t\t<\/span>\n\t\t\t\t\t\t\t\t\t<span class=\"elementor-button-text\">ATR\u00c1S<\/span>\n\t\t\t\t\t<\/span>\n\t\t\t\t\t<\/a>\n\t\t\t\t<\/div>\n\t\t\t\t\t\t<\/div>\n\t\t\t\t<\/div>\n\t\t\t\t\t<\/div>\n\t\t<\/div>\n\t\t\t\t<div class=\"elementor-column elementor-col-33 elementor-inner-column elementor-element elementor-element-4d23888\" data-id=\"4d23888\" data-element_type=\"column\">\n\t\t\t<div class=\"elementor-widget-wrap\">\n\t\t\t\t\t\t\t<\/div>\n\t\t<\/div>\n\t\t\t\t<div class=\"elementor-column elementor-col-33 elementor-inner-column elementor-element elementor-element-ea4fe31\" data-id=\"ea4fe31\" data-element_type=\"column\">\n\t\t\t<div class=\"elementor-widget-wrap elementor-element-populated\">\n\t\t\t\t\t\t<div class=\"elementor-element elementor-element-4e9bafd elementor-align-justify elementor-widget__width-inherit elementor-widget elementor-widget-button\" data-id=\"4e9bafd\" data-element_type=\"widget\" data-widget_type=\"button.default\">\n\t\t\t\t<div class=\"elementor-widget-container\">\n\t\t\t\t\t\t\t<div class=\"elementor-button-wrapper\">\n\t\t\t\t\t<a class=\"elementor-button elementor-button-link elementor-size-md\" href=\"https:\/\/www.undar.edu.pe\/index.php\/2026\/03\/12\/undar-marco-el-inicio-del-proceso-de-admision-2026-con-la-prueba-de-ejecucion-instrumental-musical\/\">\n\t\t\t\t\t\t<span class=\"elementor-button-content-wrapper\">\n\t\t\t\t\t\t<span class=\"elementor-button-icon\">\n\t\t\t\t<i aria-hidden=\"true\" class=\"fas fa-arrow-right\"><\/i>\t\t\t<\/span>\n\t\t\t\t\t\t\t\t\t<span class=\"elementor-button-text\">SIGUIENTE<\/span>\n\t\t\t\t\t<\/span>\n\t\t\t\t\t<\/a>\n\t\t\t\t<\/div>\n\t\t\t\t\t\t<\/div>\n\t\t\t\t<\/div>\n\t\t\t\t\t<\/div>\n\t\t<\/div>\n\t\t\t\t\t<\/div>\n\t\t<\/section>\n\t\t\t\t<div class=\"elementor-element elementor-element-aa8fe31 elementor-widget elementor-widget-text-editor\" data-id=\"aa8fe31\" data-element_type=\"widget\" data-widget_type=\"text-editor.default\">\n\t\t\t\t<div class=\"elementor-widget-container\">\n\t\t\t\t\t\t\t<p><span style=\"color: #4b4f58; font-size: 15px;\"><button id=\"listenButton1\" class=\"responsivevoice-button\" type=\"button\" value=\"Play\" title=\"ResponsiveVoice Tap to Start\/Stop Speech\"><span>&#128266; Listen to this<\/span><\/button>\n        <script>\n            listenButton1.onclick = function(){\n                if(responsiveVoice.isPlaying()){\n                    responsiveVoice.cancel();\n                }else{\n                    responsiveVoice.speak(\"UNDAR CELEBRA EL I FESTIVAL \u201cC\u00d3NDOR PASA\\\" EN HOMENAJE AL LEGADO DE DANIEL ALOM\u00cdA ROBLES La Universidad Nacional Daniel Alom\u00eda Robles (UNDAR) invita a la comunidad huanuque\u00f1a al I Festival \u201cC\u00f3ndor Pasa\\\", un evento art\u00edstico que se llevar\u00e1 a cabo el pr\u00f3ximo 16 de marzo a las 6:00 p.m. en el Auditorio \u201cRoel Edgardo Tarazona Padilla\u201d. El festival conmemora la trascendencia de la obra cumbre de Alom\u00eda Robles, la cual fue declarada Patrimonio Cultural de la Naci\u00f3n en 2004 mediante la Resoluci\u00f3n Directoral Nacional N\u00b0 219\/INC. Este reconocimiento resalta su profunda significaci\u00f3n simb\u00f3lica y su rol fundamental en la identidad nacional y la difusi\u00f3n de la m\u00fasica peruana en el mundo. El evento contar\u00e1 con una cartelera que incluye a artistas como Kesia Rivera, Leonardo Choquevilca Lozano, Abel Paulino, el Coro de la I.E. Mar\u00eda de los \u00c1ngeles, y agrupaciones como Samhain Raymi, Naturalmente, Salva!!! y Alns. El Dr. Benjam\u00edn Velazco Reyes, presidente de la comisi\u00f3n organizadora de la UNDAR, destac\u00f3 que este evento es un espacio que deben darse como universidad para revalorar las costumbres y el legado de Daniel Alom\u00eda Robles, resaltando adem\u00e1s que el festival busca mostrar c\u00f3mo la melod\u00eda de \\\"El C\u00f3ndor Pasa\\\" posee una versatilidad \u00fanica que le permite adaptarse a una amplia variedad de g\u00e9neros musicales modernos y tradicionales. El ingreso al evento es libre. Con ello la UNDAR reafirma su compromiso con el acceso a la cultura permitiendo que la colectividad huanuque\u00f1a conecte con su herencia musical. ATR\u00c1S SIGUIENTE \u00a0\", \"UK English Female\");\n                }\n            };\n        <\/script>\n    <\/span><span style=\"color: #4b4f58; font-size: 15px;\">\u00a0<\/span><\/p>\t\t\t\t\t\t<\/div>\n\t\t\t\t<\/div>\n\t\t\t\t\t<\/div>\n\t\t<\/div>\n\t\t\t\t\t<\/div>\n\t\t<\/section>\n\t\t\t\t<\/div>\n\t\t","protected":false},"excerpt":{"rendered":"<p>La Universidad Nacional Daniel Alom\u00eda Robles (UNDAR) invita a la comunidad huanuque\u00f1a al I Festival \u201cC\u00f3ndor Pasa\u00bb, un evento art\u00edstico que se llevar\u00e1 a cabo el  (&#8230;)<\/p>\n","protected":false},"author":1,"featured_media":64636,"comment_status":"closed","ping_status":"closed","sticky":false,"template":"","format":"standard","meta":{"_uf_show_specific_survey":0,"_uf_disable_surveys":false,"footnotes":""},"categories":[7],"tags":[],"class_list":["post-64634","post","type-post","status-publish","format-standard","has-post-thumbnail","hentry","category-noticias"],"aioseo_notices":[],"_links":{"self":[{"href":"http:\/\/www.undar.edu.pe\/index.php\/wp-json\/wp\/v2\/posts\/64634","targetHints":{"allow":["GET"]}}],"collection":[{"href":"http:\/\/www.undar.edu.pe\/index.php\/wp-json\/wp\/v2\/posts"}],"about":[{"href":"http:\/\/www.undar.edu.pe\/index.php\/wp-json\/wp\/v2\/types\/post"}],"author":[{"embeddable":true,"href":"http:\/\/www.undar.edu.pe\/index.php\/wp-json\/wp\/v2\/users\/1"}],"replies":[{"embeddable":true,"href":"http:\/\/www.undar.edu.pe\/index.php\/wp-json\/wp\/v2\/comments?post=64634"}],"version-history":[{"count":15,"href":"http:\/\/www.undar.edu.pe\/index.php\/wp-json\/wp\/v2\/posts\/64634\/revisions"}],"predecessor-version":[{"id":64661,"href":"http:\/\/www.undar.edu.pe\/index.php\/wp-json\/wp\/v2\/posts\/64634\/revisions\/64661"}],"wp:featuredmedia":[{"embeddable":true,"href":"http:\/\/www.undar.edu.pe\/index.php\/wp-json\/wp\/v2\/media\/64636"}],"wp:attachment":[{"href":"http:\/\/www.undar.edu.pe\/index.php\/wp-json\/wp\/v2\/media?parent=64634"}],"wp:term":[{"taxonomy":"category","embeddable":true,"href":"http:\/\/www.undar.edu.pe\/index.php\/wp-json\/wp\/v2\/categories?post=64634"},{"taxonomy":"post_tag","embeddable":true,"href":"http:\/\/www.undar.edu.pe\/index.php\/wp-json\/wp\/v2\/tags?post=64634"}],"curies":[{"name":"wp","href":"https:\/\/api.w.org\/{rel}","templated":true}]}}