{"id":64315,"date":"2025-11-12T17:00:59","date_gmt":"2025-11-12T22:00:59","guid":{"rendered":"http:\/\/www.undar.edu.pe\/?p=64315"},"modified":"2025-12-03T10:35:14","modified_gmt":"2025-12-03T15:35:14","slug":"undar-fortalecio-alianzas-estrategicas-en-la-reunion-institucional-de-insercion-laboral","status":"publish","type":"post","link":"http:\/\/www.undar.edu.pe\/index.php\/2025\/11\/12\/undar-fortalecio-alianzas-estrategicas-en-la-reunion-institucional-de-insercion-laboral\/","title":{"rendered":"UNDAR FORTALECI\u00d3 ALIANZAS ESTRAT\u00c9GICAS EN LA REUNI\u00d3N INSTITUCIONAL DE INSERCI\u00d3N LABORAL"},"content":{"rendered":"\t\t<div data-elementor-type=\"wp-post\" data-elementor-id=\"64315\" class=\"elementor elementor-64315\" data-elementor-post-type=\"post\">\n\t\t\t\t\t\t<section class=\"elementor-section elementor-top-section elementor-element elementor-element-18871c0f elementor-section-boxed elementor-section-height-default elementor-section-height-default\" data-id=\"18871c0f\" data-element_type=\"section\">\n\t\t\t\t\t\t<div class=\"elementor-container elementor-column-gap-default\">\n\t\t\t\t\t<div class=\"elementor-column elementor-col-100 elementor-top-column elementor-element elementor-element-40331c9a\" data-id=\"40331c9a\" data-element_type=\"column\">\n\t\t\t<div class=\"elementor-widget-wrap elementor-element-populated\">\n\t\t\t\t\t\t<div class=\"elementor-element elementor-element-8e07069 elementor-widget elementor-widget-heading\" data-id=\"8e07069\" data-element_type=\"widget\" data-widget_type=\"heading.default\">\n\t\t\t\t<div class=\"elementor-widget-container\">\n\t\t\t<h4 class=\"elementor-heading-title elementor-size-default\">UNDAR FORTALECI\u00d3 ALIANZAS ESTRAT\u00c9GICAS EN LA REUNI\u00d3N INSTITUCIONAL DE INSERCI\u00d3N LABORAL<\/h4>\t\t<\/div>\n\t\t\t\t<\/div>\n\t\t\t\t<div class=\"elementor-element elementor-element-4664c16 elementor-widget__width-initial elementor-widget elementor-widget-image\" data-id=\"4664c16\" data-element_type=\"widget\" data-widget_type=\"image.default\">\n\t\t\t\t<div class=\"elementor-widget-container\">\n\t\t\t\t\t\t\t\t\t\t\t\t\t<img fetchpriority=\"high\" decoding=\"async\" width=\"580\" height=\"385\" src=\"http:\/\/www.undar.edu.pe\/wp-content\/uploads\/2025\/11\/egresados.gif\" class=\"attachment-medium_large size-medium_large wp-image-64318\" alt=\"Banner de noticias: Inserci\u00f3n Laboral\" \/>\t\t\t\t\t\t\t\t\t\t\t\t\t<\/div>\n\t\t\t\t<\/div>\n\t\t\t\t<div class=\"elementor-element elementor-element-be5b4c8 elementor-widget elementor-widget-spacer\" data-id=\"be5b4c8\" data-element_type=\"widget\" data-widget_type=\"spacer.default\">\n\t\t\t\t<div class=\"elementor-widget-container\">\n\t\t\t\t\t<div class=\"elementor-spacer\">\n\t\t\t<div class=\"elementor-spacer-inner\"><\/div>\n\t\t<\/div>\n\t\t\t\t<\/div>\n\t\t\t\t<\/div>\n\t\t\t\t<div class=\"elementor-element elementor-element-35352b80 elementor-widget elementor-widget-text-editor\" data-id=\"35352b80\" data-element_type=\"widget\" data-widget_type=\"text-editor.default\">\n\t\t\t\t<div class=\"elementor-widget-container\">\n\t\t\t\t\t\t\t<p>La Universidad Nacional Daniel Alom\u00eda Robles desarroll\u00f3 la Reuni\u00f3n Institucional de Inserci\u00f3n Laboral, un encuentro orientado a fortalecer y consolidar alianzas estrat\u00e9gicas con instituciones p\u00fablicas y privadas de la regi\u00f3n, en beneficio de los estudiantes y egresados. La actividad se llev\u00f3 a cabo en el Grand Hotel Hu\u00e1nuco, ubicado en Jr. D\u00e1maso Bera\u00fan N.\u00b0 775.<\/p><p>El evento fue organizado por la Vicepresidencia Acad\u00e9mica, a trav\u00e9s de la Direcci\u00f3n de Bienestar Universitario y el Programa de Inserci\u00f3n Laboral y Seguimiento al Egresado, con el prop\u00f3sito de promover la suscripci\u00f3n de convenios para pr\u00e1cticas preprofesionales e impulsar nuevas oportunidades de inserci\u00f3n laboral.<\/p><p>La jornada inici\u00f3 con las palabras de bienvenida del maestro de ceremonias, seguidas del mensaje institucional del Vicepresidente Acad\u00e9mico, Dr. Amancio Rodolfo Valdivieso Echevarr\u00eda, quien resalt\u00f3 la importancia de articular esfuerzos interinstitucionales en favor de la formaci\u00f3n profesional y la empleabilidad. Posteriormente, se present\u00f3 una intervenci\u00f3n musical a cargo del estudiante Walder Walfredo S\u00e1nchez Baltazar, del X ciclo de la carrera profesional de M\u00fasica.<\/p><p>Durante el desarrollo del programa, se expusieron las caracter\u00edsticas y avances de las pr\u00e1cticas preprofesionales de la Facultad de Educaci\u00f3n Musical y Artes, a cargo del Dr. Fredy R\u00f3mulo Marcellini Morales, y de la Facultad de M\u00fasica, a cargo del Mgtr. Freddy Omar Majino Gargate. Asimismo, la CPC Anali Jessica Remigio Irribarren, especialista en Seguimiento al Egresado y Bolsa de Trabajo, present\u00f3 la Plataforma de Bolsa de Trabajo de la UNDAR, herramienta institucional dise\u00f1ada para facilitar el acceso a oportunidades laborales para estudiantes y egresados.<\/p><p>El encuentro culmin\u00f3 con las palabras finales del director de la Direcci\u00f3n de Bienestar Universitario, Mgtr. Jaime Roosevelt Galarza C\u00e9spedes, quien agradeci\u00f3 la presencia de las instituciones invitadas y destac\u00f3 el compromiso de la UNDAR con la mejora de los procesos de empleabilidad y la construcci\u00f3n de alianzas estrat\u00e9gicas en la regi\u00f3n.<\/p>\t\t\t\t\t\t<\/div>\n\t\t\t\t<\/div>\n\t\t\t\t<div class=\"elementor-element elementor-element-f83af45 elementor-share-buttons--view-icon elementor-share-buttons--skin-minimal elementor-share-buttons--shape-circle elementor-share-buttons--align-center elementor-grid-0 elementor-share-buttons--color-official elementor-widget elementor-widget-share-buttons\" data-id=\"f83af45\" data-element_type=\"widget\" data-widget_type=\"share-buttons.default\">\n\t\t\t\t<div class=\"elementor-widget-container\">\n\t\t\t\t\t<div class=\"elementor-grid\">\n\t\t\t\t\t\t\t\t<div class=\"elementor-grid-item\">\n\t\t\t\t\t\t<div\n\t\t\t\t\t\t\tclass=\"elementor-share-btn elementor-share-btn_facebook\"\n\t\t\t\t\t\t\trole=\"button\"\n\t\t\t\t\t\t\ttabindex=\"0\"\n\t\t\t\t\t\t\taria-label=\"Compartir en facebook\"\n\t\t\t\t\t\t>\n\t\t\t\t\t\t\t\t\t\t\t\t\t\t\t<span class=\"elementor-share-btn__icon\">\n\t\t\t\t\t\t\t\t<i class=\"fab fa-facebook\" aria-hidden=\"true\"><\/i>\t\t\t\t\t\t\t<\/span>\n\t\t\t\t\t\t\t\t\t\t\t\t\t\t\t\t\t\t\t\t<\/div>\n\t\t\t\t\t<\/div>\n\t\t\t\t\t\t\t\t\t<div class=\"elementor-grid-item\">\n\t\t\t\t\t\t<div\n\t\t\t\t\t\t\tclass=\"elementor-share-btn elementor-share-btn_twitter\"\n\t\t\t\t\t\t\trole=\"button\"\n\t\t\t\t\t\t\ttabindex=\"0\"\n\t\t\t\t\t\t\taria-label=\"Compartir en twitter\"\n\t\t\t\t\t\t>\n\t\t\t\t\t\t\t\t\t\t\t\t\t\t\t<span class=\"elementor-share-btn__icon\">\n\t\t\t\t\t\t\t\t<i class=\"fab fa-twitter\" aria-hidden=\"true\"><\/i>\t\t\t\t\t\t\t<\/span>\n\t\t\t\t\t\t\t\t\t\t\t\t\t\t\t\t\t\t\t\t<\/div>\n\t\t\t\t\t<\/div>\n\t\t\t\t\t\t\t\t\t<div class=\"elementor-grid-item\">\n\t\t\t\t\t\t<div\n\t\t\t\t\t\t\tclass=\"elementor-share-btn elementor-share-btn_linkedin\"\n\t\t\t\t\t\t\trole=\"button\"\n\t\t\t\t\t\t\ttabindex=\"0\"\n\t\t\t\t\t\t\taria-label=\"Compartir en linkedin\"\n\t\t\t\t\t\t>\n\t\t\t\t\t\t\t\t\t\t\t\t\t\t\t<span class=\"elementor-share-btn__icon\">\n\t\t\t\t\t\t\t\t<i class=\"fab fa-linkedin\" aria-hidden=\"true\"><\/i>\t\t\t\t\t\t\t<\/span>\n\t\t\t\t\t\t\t\t\t\t\t\t\t\t\t\t\t\t\t\t<\/div>\n\t\t\t\t\t<\/div>\n\t\t\t\t\t\t<\/div>\n\t\t\t\t<\/div>\n\t\t\t\t<\/div>\n\t\t\t\t<section class=\"elementor-section elementor-inner-section elementor-element elementor-element-4bfc828 elementor-section-boxed elementor-section-height-default elementor-section-height-default\" data-id=\"4bfc828\" data-element_type=\"section\">\n\t\t\t\t\t\t<div class=\"elementor-container elementor-column-gap-default\">\n\t\t\t\t\t<div class=\"elementor-column elementor-col-33 elementor-inner-column elementor-element elementor-element-231c783\" data-id=\"231c783\" data-element_type=\"column\">\n\t\t\t<div class=\"elementor-widget-wrap elementor-element-populated\">\n\t\t\t\t\t\t<div class=\"elementor-element elementor-element-2845b88 elementor-align-justify elementor-widget__width-inherit elementor-widget elementor-widget-button\" data-id=\"2845b88\" data-element_type=\"widget\" data-widget_type=\"button.default\">\n\t\t\t\t<div class=\"elementor-widget-container\">\n\t\t\t\t\t\t\t<div class=\"elementor-button-wrapper\">\n\t\t\t\t\t<a class=\"elementor-button elementor-button-link elementor-size-md\" href=\"https:\/\/www.undar.edu.pe\/index.php\/2025\/10\/23\/undar-prepara-examen-de-admision-para-marzo-2026\/\">\n\t\t\t\t\t\t<span class=\"elementor-button-content-wrapper\">\n\t\t\t\t\t\t<span class=\"elementor-button-icon\">\n\t\t\t\t<i aria-hidden=\"true\" class=\"fas fa-arrow-left\"><\/i>\t\t\t<\/span>\n\t\t\t\t\t\t\t\t\t<span class=\"elementor-button-text\">ATR\u00c1S<\/span>\n\t\t\t\t\t<\/span>\n\t\t\t\t\t<\/a>\n\t\t\t\t<\/div>\n\t\t\t\t\t\t<\/div>\n\t\t\t\t<\/div>\n\t\t\t\t\t<\/div>\n\t\t<\/div>\n\t\t\t\t<div class=\"elementor-column elementor-col-33 elementor-inner-column elementor-element elementor-element-4d23888\" data-id=\"4d23888\" data-element_type=\"column\">\n\t\t\t<div class=\"elementor-widget-wrap\">\n\t\t\t\t\t\t\t<\/div>\n\t\t<\/div>\n\t\t\t\t<div class=\"elementor-column elementor-col-33 elementor-inner-column elementor-element elementor-element-ea4fe31\" data-id=\"ea4fe31\" data-element_type=\"column\">\n\t\t\t<div class=\"elementor-widget-wrap elementor-element-populated\">\n\t\t\t\t\t\t<div class=\"elementor-element elementor-element-4e9bafd elementor-align-justify elementor-widget__width-inherit elementor-widget elementor-widget-button\" data-id=\"4e9bafd\" data-element_type=\"widget\" data-widget_type=\"button.default\">\n\t\t\t\t<div class=\"elementor-widget-container\">\n\t\t\t\t\t\t\t<div class=\"elementor-button-wrapper\">\n\t\t\t\t\t<a class=\"elementor-button elementor-button-link elementor-size-md\" href=\"https:\/\/www.undar.edu.pe\/index.php\/2025\/11\/19\/undar-realizo-con-exito-el-ii-concurso-de-bandas-escolares-2025\/\">\n\t\t\t\t\t\t<span class=\"elementor-button-content-wrapper\">\n\t\t\t\t\t\t<span class=\"elementor-button-icon\">\n\t\t\t\t<i aria-hidden=\"true\" class=\"fas fa-arrow-right\"><\/i>\t\t\t<\/span>\n\t\t\t\t\t\t\t\t\t<span class=\"elementor-button-text\">SIGUIENTE<\/span>\n\t\t\t\t\t<\/span>\n\t\t\t\t\t<\/a>\n\t\t\t\t<\/div>\n\t\t\t\t\t\t<\/div>\n\t\t\t\t<\/div>\n\t\t\t\t\t<\/div>\n\t\t<\/div>\n\t\t\t\t\t<\/div>\n\t\t<\/section>\n\t\t\t\t<div class=\"elementor-element elementor-element-aa8fe31 elementor-widget elementor-widget-text-editor\" data-id=\"aa8fe31\" data-element_type=\"widget\" data-widget_type=\"text-editor.default\">\n\t\t\t\t<div class=\"elementor-widget-container\">\n\t\t\t\t\t\t\t<p><span style=\"color: #4b4f58; font-size: 15px;\"><button id=\"listenButton1\" class=\"responsivevoice-button\" type=\"button\" value=\"Play\" title=\"ResponsiveVoice Tap to Start\/Stop Speech\"><span>&#128266; Listen to this<\/span><\/button>\n        <script>\n            listenButton1.onclick = function(){\n                if(responsiveVoice.isPlaying()){\n                    responsiveVoice.cancel();\n                }else{\n                    responsiveVoice.speak(\"UNDAR FORTALECI\u00d3 ALIANZAS ESTRAT\u00c9GICAS EN LA REUNI\u00d3N INSTITUCIONAL DE INSERCI\u00d3N LABORAL La Universidad Nacional Daniel Alom\u00eda Robles desarroll\u00f3 la Reuni\u00f3n Institucional de Inserci\u00f3n Laboral, un encuentro orientado a fortalecer y consolidar alianzas estrat\u00e9gicas con instituciones p\u00fablicas y privadas de la regi\u00f3n, en beneficio de los estudiantes y egresados. La actividad se llev\u00f3 a cabo en el Grand Hotel Hu\u00e1nuco, ubicado en Jr. D\u00e1maso Bera\u00fan N.\u00b0 775.El evento fue organizado por la Vicepresidencia Acad\u00e9mica, a trav\u00e9s de la Direcci\u00f3n de Bienestar Universitario y el Programa de Inserci\u00f3n Laboral y Seguimiento al Egresado, con el prop\u00f3sito de promover la suscripci\u00f3n de convenios para pr\u00e1cticas preprofesionales e impulsar nuevas oportunidades de inserci\u00f3n laboral.La jornada inici\u00f3 con las palabras de bienvenida del maestro de ceremonias, seguidas del mensaje institucional del Vicepresidente Acad\u00e9mico, Dr. Amancio Rodolfo Valdivieso Echevarr\u00eda, quien resalt\u00f3 la importancia de articular esfuerzos interinstitucionales en favor de la formaci\u00f3n profesional y la empleabilidad. Posteriormente, se present\u00f3 una intervenci\u00f3n musical a cargo del estudiante Walder Walfredo S\u00e1nchez Baltazar, del X ciclo de la carrera profesional de M\u00fasica.Durante el desarrollo del programa, se expusieron las caracter\u00edsticas y avances de las pr\u00e1cticas preprofesionales de la Facultad de Educaci\u00f3n Musical y Artes, a cargo del Dr. Fredy R\u00f3mulo Marcellini Morales, y de la Facultad de M\u00fasica, a cargo del Mgtr. Freddy Omar Majino Gargate. Asimismo, la CPC Anali Jessica Remigio Irribarren, especialista en Seguimiento al Egresado y Bolsa de Trabajo, present\u00f3 la Plataforma de Bolsa de Trabajo de la UNDAR, herramienta institucional dise\u00f1ada para facilitar el acceso a oportunidades laborales para estudiantes y egresados.El encuentro culmin\u00f3 con las palabras finales del director de la Direcci\u00f3n de Bienestar Universitario, Mgtr. Jaime Roosevelt Galarza C\u00e9spedes, quien agradeci\u00f3 la presencia de las instituciones invitadas y destac\u00f3 el compromiso de la UNDAR con la mejora de los procesos de empleabilidad y la construcci\u00f3n de alianzas estrat\u00e9gicas en la regi\u00f3n. ATR\u00c1S SIGUIENTE \u00a0\", \"UK English Female\");\n                }\n            };\n        <\/script>\n    <\/span><span style=\"color: #4b4f58; font-size: 15px;\">\u00a0<\/span><\/p>\t\t\t\t\t\t<\/div>\n\t\t\t\t<\/div>\n\t\t\t\t\t<\/div>\n\t\t<\/div>\n\t\t\t\t\t<\/div>\n\t\t<\/section>\n\t\t\t\t<\/div>\n\t\t","protected":false},"excerpt":{"rendered":"<p>La Universidad Nacional Daniel Alom\u00eda Robles desarroll\u00f3 la Reuni\u00f3n Institucional de Inserci\u00f3n Laboral, un encuentro orientado a fortalecer y consolidar alianzas (&#8230;)<\/p>\n","protected":false},"author":1,"featured_media":64318,"comment_status":"closed","ping_status":"closed","sticky":false,"template":"","format":"standard","meta":{"_uf_show_specific_survey":0,"_uf_disable_surveys":false,"footnotes":""},"categories":[7],"tags":[],"class_list":["post-64315","post","type-post","status-publish","format-standard","has-post-thumbnail","hentry","category-noticias"],"aioseo_notices":[],"_links":{"self":[{"href":"http:\/\/www.undar.edu.pe\/index.php\/wp-json\/wp\/v2\/posts\/64315","targetHints":{"allow":["GET"]}}],"collection":[{"href":"http:\/\/www.undar.edu.pe\/index.php\/wp-json\/wp\/v2\/posts"}],"about":[{"href":"http:\/\/www.undar.edu.pe\/index.php\/wp-json\/wp\/v2\/types\/post"}],"author":[{"embeddable":true,"href":"http:\/\/www.undar.edu.pe\/index.php\/wp-json\/wp\/v2\/users\/1"}],"replies":[{"embeddable":true,"href":"http:\/\/www.undar.edu.pe\/index.php\/wp-json\/wp\/v2\/comments?post=64315"}],"version-history":[{"count":9,"href":"http:\/\/www.undar.edu.pe\/index.php\/wp-json\/wp\/v2\/posts\/64315\/revisions"}],"predecessor-version":[{"id":64386,"href":"http:\/\/www.undar.edu.pe\/index.php\/wp-json\/wp\/v2\/posts\/64315\/revisions\/64386"}],"wp:featuredmedia":[{"embeddable":true,"href":"http:\/\/www.undar.edu.pe\/index.php\/wp-json\/wp\/v2\/media\/64318"}],"wp:attachment":[{"href":"http:\/\/www.undar.edu.pe\/index.php\/wp-json\/wp\/v2\/media?parent=64315"}],"wp:term":[{"taxonomy":"category","embeddable":true,"href":"http:\/\/www.undar.edu.pe\/index.php\/wp-json\/wp\/v2\/categories?post=64315"},{"taxonomy":"post_tag","embeddable":true,"href":"http:\/\/www.undar.edu.pe\/index.php\/wp-json\/wp\/v2\/tags?post=64315"}],"curies":[{"name":"wp","href":"https:\/\/api.w.org\/{rel}","templated":true}]}}