{"id":64288,"date":"2025-11-28T20:49:15","date_gmt":"2025-11-29T01:49:15","guid":{"rendered":"http:\/\/www.undar.edu.pe\/?p=64288"},"modified":"2025-12-03T10:24:34","modified_gmt":"2025-12-03T15:24:34","slug":"daniel-alomia-robles-recibe-reconocimiento-postumo-orden-de-los-grandes-maestros-de-la-cultura-peruana-otorgado-por-el-gobierno-del-peru","status":"publish","type":"post","link":"http:\/\/www.undar.edu.pe\/index.php\/2025\/11\/28\/daniel-alomia-robles-recibe-reconocimiento-postumo-orden-de-los-grandes-maestros-de-la-cultura-peruana-otorgado-por-el-gobierno-del-peru\/","title":{"rendered":"DANIEL ALOM\u00cdA ROBLES RECIBE RECONOCIMIENTO P\u00d3STUMO \u201cORDEN DE LOS GRANDES MAESTROS DE LA CULTURA PERUANA\u201d, OTORGADO POR EL GOBIERNO DEL PER\u00da"},"content":{"rendered":"\t\t<div data-elementor-type=\"wp-post\" data-elementor-id=\"64288\" class=\"elementor elementor-64288\" data-elementor-post-type=\"post\">\n\t\t\t\t\t\t<section class=\"elementor-section elementor-top-section elementor-element elementor-element-18871c0f elementor-section-boxed elementor-section-height-default elementor-section-height-default\" data-id=\"18871c0f\" data-element_type=\"section\">\n\t\t\t\t\t\t<div class=\"elementor-container elementor-column-gap-default\">\n\t\t\t\t\t<div class=\"elementor-column elementor-col-100 elementor-top-column elementor-element elementor-element-40331c9a\" data-id=\"40331c9a\" data-element_type=\"column\">\n\t\t\t<div class=\"elementor-widget-wrap elementor-element-populated\">\n\t\t\t\t\t\t<div class=\"elementor-element elementor-element-8e07069 elementor-widget elementor-widget-heading\" data-id=\"8e07069\" data-element_type=\"widget\" data-widget_type=\"heading.default\">\n\t\t\t\t<div class=\"elementor-widget-container\">\n\t\t\t<h4 class=\"elementor-heading-title elementor-size-default\">DANIEL ALOM\u00cdA ROBLES RECIBE RECONOCIMIENTO P\u00d3STUMO \u201cORDEN DE LOS GRANDES MAESTROS DE LA CULTURA PERUANA\u201d, OTORGADO POR EL GOBIERNO DEL PER\u00da<\/h4>\t\t<\/div>\n\t\t\t\t<\/div>\n\t\t\t\t<div class=\"elementor-element elementor-element-4664c16 elementor-widget__width-initial elementor-widget elementor-widget-image\" data-id=\"4664c16\" data-element_type=\"widget\" data-widget_type=\"image.default\">\n\t\t\t\t<div class=\"elementor-widget-container\">\n\t\t\t\t\t\t\t\t\t\t\t\t\t<img fetchpriority=\"high\" decoding=\"async\" width=\"768\" height=\"432\" src=\"http:\/\/www.undar.edu.pe\/wp-content\/uploads\/2025\/11\/WhatsApp-Image-2025-12-01-at-10.34.55-AM-768x432.jpeg\" class=\"attachment-medium_large size-medium_large wp-image-64293\" alt=\"Banner de noticias: Dise\u00f1o de Daniel Alom\u00eda Robles\" srcset=\"http:\/\/www.undar.edu.pe\/wp-content\/uploads\/2025\/11\/WhatsApp-Image-2025-12-01-at-10.34.55-AM-768x432.jpeg 768w, http:\/\/www.undar.edu.pe\/wp-content\/uploads\/2025\/11\/WhatsApp-Image-2025-12-01-at-10.34.55-AM-300x169.jpeg 300w, http:\/\/www.undar.edu.pe\/wp-content\/uploads\/2025\/11\/WhatsApp-Image-2025-12-01-at-10.34.55-AM-1024x576.jpeg 1024w, http:\/\/www.undar.edu.pe\/wp-content\/uploads\/2025\/11\/WhatsApp-Image-2025-12-01-at-10.34.55-AM-1536x864.jpeg 1536w, http:\/\/www.undar.edu.pe\/wp-content\/uploads\/2025\/11\/WhatsApp-Image-2025-12-01-at-10.34.55-AM-2048x1152.jpeg 2048w\" sizes=\"(max-width: 768px) 100vw, 768px\" \/>\t\t\t\t\t\t\t\t\t\t\t\t\t<\/div>\n\t\t\t\t<\/div>\n\t\t\t\t<div class=\"elementor-element elementor-element-be5b4c8 elementor-widget elementor-widget-spacer\" data-id=\"be5b4c8\" data-element_type=\"widget\" data-widget_type=\"spacer.default\">\n\t\t\t\t<div class=\"elementor-widget-container\">\n\t\t\t\t\t<div class=\"elementor-spacer\">\n\t\t\t<div class=\"elementor-spacer-inner\"><\/div>\n\t\t<\/div>\n\t\t\t\t<\/div>\n\t\t\t\t<\/div>\n\t\t\t\t<div class=\"elementor-element elementor-element-35352b80 elementor-widget elementor-widget-text-editor\" data-id=\"35352b80\" data-element_type=\"widget\" data-widget_type=\"text-editor.default\">\n\t\t\t\t<div class=\"elementor-widget-container\">\n\t\t\t\t\t\t\t<p><span style=\"font-weight: 400;\">El compositor, investigador y pedagogo huanuque\u00f1o Daniel Alom\u00eda Robles fue reconocido p\u00f3stumamente con la \u201cOrden de los Grandes Maestros de la Cultura Peruana\u201d, m\u00e1xima distinci\u00f3n honor\u00edfica del Ministerio de Cultura. El reconocimiento ha sido gestionado por la presidencia de la Comisi\u00f3n Organizadora de la Universidad Nacional Daniel Alom\u00eda Robles &#8211; UNDAR, y oficializado mediante la Resoluci\u00f3n Suprema 019-2025-MC, publicada en el diario oficial <\/span><i><span style=\"font-weight: 400;\">El Peruano<\/span><\/i><span style=\"font-weight: 400;\"> el 28 de noviembre de 2025.<\/span><\/p>\n<p><span style=\"font-weight: 400;\">La distinci\u00f3n se otorga en la subcategor\u00eda m\u00fasica y\/o danzas tradicionales, luego de que un comit\u00e9 evaluador conformado por la Direcci\u00f3n General de Industrias y Artes del Ministerio de Cultura emitiera un informe t\u00e9cnico un\u00e1nime recomendando destacar la trayectoria de Alom\u00eda Robles por su aporte decisivo al desarrollo de la m\u00fasica peruana.<\/span><\/p>\n<p><span style=\"font-weight: 400;\">El documento oficial resalta su labor sistem\u00e1tica de recolecci\u00f3n de cantos, huaynos, yarav\u00edes, carnavales y danzas tradicionales desde finales del siglo XIX, labor que sent\u00f3 las bases de la etnomusicolog\u00eda peruana. Su metodolog\u00eda de observaci\u00f3n directa y transcripci\u00f3n en campo permiti\u00f3 identificar estructuras r\u00edtmicas y mel\u00f3dicas propias del folclore andino, otorg\u00e1ndole un enfoque anal\u00edtico adelantado a su tiempo.<\/span><\/p>\n<p><span style=\"font-weight: 400;\">Adem\u00e1s de su trabajo investigativo, la resoluci\u00f3n subraya su producci\u00f3n art\u00edstica, caracterizada por la integraci\u00f3n de elementos sonoros del paisaje andino en la composici\u00f3n acad\u00e9mica. Obras como <\/span><i><span style=\"font-weight: 400;\">Illa Cori<\/span><\/i><span style=\"font-weight: 400;\">, <\/span><i><span style=\"font-weight: 400;\">El indio<\/span><\/i><span style=\"font-weight: 400;\">, <\/span><i><span style=\"font-weight: 400;\">Las Acllas en el Coricancha<\/span><\/i><span style=\"font-weight: 400;\">, <\/span><i><span style=\"font-weight: 400;\">Himno al Sol<\/span><\/i><span style=\"font-weight: 400;\"> y <\/span><i><span style=\"font-weight: 400;\">El c\u00f3ndor pasa<\/span><\/i><span style=\"font-weight: 400;\"> representan una s\u00edntesis entre tradici\u00f3n y modernidad, convertidas hoy en referentes del repertorio musical peruano.<\/span><\/p>\n<p><span style=\"font-weight: 400;\">La influencia de Alom\u00eda Robles se extiende tambi\u00e9n al \u00e1mbito educativo. Su legado contin\u00faa vigente en la Universidad Nacional Daniel Alom\u00eda Robles, en Hu\u00e1nuco, instituci\u00f3n que lleva su nombre y mantiene l\u00edneas de investigaci\u00f3n sistematizadas a partir de sus m\u00e9todos de recopilaci\u00f3n y an\u00e1lisis musical. Su visi\u00f3n de la m\u00fasica como patrimonio colectivo y como instrumento para fortalecer la identidad nacional se alinea con los principios contempor\u00e1neos de diversidad cultural impulsados por la pol\u00edtica p\u00fablica.<\/span><\/p>\n<p><span style=\"font-weight: 400;\">La \u201cOrden de los Grandes Maestros de la Cultura Peruana\u201d reconoce la trascendencia de su obra, el rigor de su pensamiento y su contribuci\u00f3n a la revalorizaci\u00f3n del mundo andino. El Gobierno del Per\u00fa lo consagra, as\u00ed como uno de los representantes m\u00e1s influyentes de la cultura nacional.<\/span><\/p>\n<p><span style=\"font-weight: 400;\">Gracias a la gesti\u00f3n de la presidencia de la Comisi\u00f3n Organizadora de la UNDAR y con la firma del presidente Jos\u00e9 Enrique Jer\u00ed Or\u00e9 y el refrendo del ministro de Cultura Alfredo Mart\u00edn Luna Brice\u00f1o, el Estado peruano reconoce formalmente a Daniel Alom\u00eda Robles como uno de los grandes maestros de la cultura nacional, destacando su aporte a la identidad musical del Per\u00fa y su valiosa contribuci\u00f3n al patrimonio cultural.&nbsp;<\/span><\/p>\n<p><b>Fuente oficial:<\/b><span style=\"font-weight: 400;\"> Diario Oficial <\/span><i><span style=\"font-weight: 400;\">El Peruano<\/span><\/i><span style=\"font-weight: 400;\">, Resoluci\u00f3n Suprema 019-2025-MC (<\/span><a href=\"https:\/\/busquedas.elperuano.pe\/dispositivo\/NL\/2463489-9?utm_source=chatgpt.com\"><span style=\"font-weight: 400;\">https:\/\/busquedas.elperuano.pe\/dispositivo\/NL\/2463489-9<\/span><\/a><span style=\"font-weight: 400;\">).<\/span><\/p>\t\t\t\t\t\t<\/div>\n\t\t\t\t<\/div>\n\t\t\t\t<div class=\"elementor-element elementor-element-f83af45 elementor-share-buttons--view-icon elementor-share-buttons--skin-minimal elementor-share-buttons--shape-circle elementor-share-buttons--align-center elementor-grid-0 elementor-share-buttons--color-official elementor-widget elementor-widget-share-buttons\" data-id=\"f83af45\" data-element_type=\"widget\" data-widget_type=\"share-buttons.default\">\n\t\t\t\t<div class=\"elementor-widget-container\">\n\t\t\t\t\t<div class=\"elementor-grid\">\n\t\t\t\t\t\t\t\t<div class=\"elementor-grid-item\">\n\t\t\t\t\t\t<div\n\t\t\t\t\t\t\tclass=\"elementor-share-btn elementor-share-btn_facebook\"\n\t\t\t\t\t\t\trole=\"button\"\n\t\t\t\t\t\t\ttabindex=\"0\"\n\t\t\t\t\t\t\taria-label=\"Compartir en facebook\"\n\t\t\t\t\t\t>\n\t\t\t\t\t\t\t\t\t\t\t\t\t\t\t<span class=\"elementor-share-btn__icon\">\n\t\t\t\t\t\t\t\t<i class=\"fab fa-facebook\" aria-hidden=\"true\"><\/i>\t\t\t\t\t\t\t<\/span>\n\t\t\t\t\t\t\t\t\t\t\t\t\t\t\t\t\t\t\t\t<\/div>\n\t\t\t\t\t<\/div>\n\t\t\t\t\t\t\t\t\t<div class=\"elementor-grid-item\">\n\t\t\t\t\t\t<div\n\t\t\t\t\t\t\tclass=\"elementor-share-btn elementor-share-btn_twitter\"\n\t\t\t\t\t\t\trole=\"button\"\n\t\t\t\t\t\t\ttabindex=\"0\"\n\t\t\t\t\t\t\taria-label=\"Compartir en twitter\"\n\t\t\t\t\t\t>\n\t\t\t\t\t\t\t\t\t\t\t\t\t\t\t<span class=\"elementor-share-btn__icon\">\n\t\t\t\t\t\t\t\t<i class=\"fab fa-twitter\" aria-hidden=\"true\"><\/i>\t\t\t\t\t\t\t<\/span>\n\t\t\t\t\t\t\t\t\t\t\t\t\t\t\t\t\t\t\t\t<\/div>\n\t\t\t\t\t<\/div>\n\t\t\t\t\t\t\t\t\t<div class=\"elementor-grid-item\">\n\t\t\t\t\t\t<div\n\t\t\t\t\t\t\tclass=\"elementor-share-btn elementor-share-btn_linkedin\"\n\t\t\t\t\t\t\trole=\"button\"\n\t\t\t\t\t\t\ttabindex=\"0\"\n\t\t\t\t\t\t\taria-label=\"Compartir en linkedin\"\n\t\t\t\t\t\t>\n\t\t\t\t\t\t\t\t\t\t\t\t\t\t\t<span class=\"elementor-share-btn__icon\">\n\t\t\t\t\t\t\t\t<i class=\"fab fa-linkedin\" aria-hidden=\"true\"><\/i>\t\t\t\t\t\t\t<\/span>\n\t\t\t\t\t\t\t\t\t\t\t\t\t\t\t\t\t\t\t\t<\/div>\n\t\t\t\t\t<\/div>\n\t\t\t\t\t\t<\/div>\n\t\t\t\t<\/div>\n\t\t\t\t<\/div>\n\t\t\t\t<section class=\"elementor-section elementor-inner-section elementor-element elementor-element-4bfc828 elementor-section-boxed elementor-section-height-default elementor-section-height-default\" data-id=\"4bfc828\" data-element_type=\"section\">\n\t\t\t\t\t\t<div class=\"elementor-container elementor-column-gap-default\">\n\t\t\t\t\t<div class=\"elementor-column elementor-col-33 elementor-inner-column elementor-element elementor-element-231c783\" data-id=\"231c783\" data-element_type=\"column\">\n\t\t\t<div class=\"elementor-widget-wrap elementor-element-populated\">\n\t\t\t\t\t\t<div class=\"elementor-element elementor-element-2845b88 elementor-align-justify elementor-widget__width-inherit elementor-widget elementor-widget-button\" data-id=\"2845b88\" data-element_type=\"widget\" data-widget_type=\"button.default\">\n\t\t\t\t<div class=\"elementor-widget-container\">\n\t\t\t\t\t\t\t<div class=\"elementor-button-wrapper\">\n\t\t\t\t\t<a class=\"elementor-button elementor-button-link elementor-size-md\" href=\"https:\/\/www.undar.edu.pe\/index.php\/2025\/11\/23\/undar-celebro-su-77-o-aniversario-institucional-con-desfile-civico-en-la-plaza-de-armas-de-huanuco\/\">\n\t\t\t\t\t\t<span class=\"elementor-button-content-wrapper\">\n\t\t\t\t\t\t<span class=\"elementor-button-icon\">\n\t\t\t\t<i aria-hidden=\"true\" class=\"fas fa-arrow-left\"><\/i>\t\t\t<\/span>\n\t\t\t\t\t\t\t\t\t<span class=\"elementor-button-text\">ATR\u00c1S<\/span>\n\t\t\t\t\t<\/span>\n\t\t\t\t\t<\/a>\n\t\t\t\t<\/div>\n\t\t\t\t\t\t<\/div>\n\t\t\t\t<\/div>\n\t\t\t\t\t<\/div>\n\t\t<\/div>\n\t\t\t\t<div class=\"elementor-column elementor-col-33 elementor-inner-column elementor-element elementor-element-4d23888\" data-id=\"4d23888\" data-element_type=\"column\">\n\t\t\t<div class=\"elementor-widget-wrap\">\n\t\t\t\t\t\t\t<\/div>\n\t\t<\/div>\n\t\t\t\t<div class=\"elementor-column elementor-col-33 elementor-inner-column elementor-element elementor-element-ea4fe31\" data-id=\"ea4fe31\" data-element_type=\"column\">\n\t\t\t<div class=\"elementor-widget-wrap elementor-element-populated\">\n\t\t\t\t\t\t<div class=\"elementor-element elementor-element-4e9bafd elementor-align-justify elementor-widget__width-inherit elementor-widget elementor-widget-button\" data-id=\"4e9bafd\" data-element_type=\"widget\" data-widget_type=\"button.default\">\n\t\t\t\t<div class=\"elementor-widget-container\">\n\t\t\t\t\t\t\t<div class=\"elementor-button-wrapper\">\n\t\t\t\t\t<a class=\"elementor-button elementor-button-link elementor-size-md\" href=\"https:\/\/www.undar.edu.pe\/index.php\/2025\/12\/03\/e-e-s-p-p-marcos-duran-martel-otorgo-reconocimiento-y-rindio-homenaje-al-dr-rollin-max-guerra-huachi-en-el-xiii-festival-escolar-de-identidad-musical-huanuquena\/\">\n\t\t\t\t\t\t<span class=\"elementor-button-content-wrapper\">\n\t\t\t\t\t\t<span class=\"elementor-button-icon\">\n\t\t\t\t<i aria-hidden=\"true\" class=\"fas fa-arrow-right\"><\/i>\t\t\t<\/span>\n\t\t\t\t\t\t\t\t\t<span class=\"elementor-button-text\">SIGUIENTE<\/span>\n\t\t\t\t\t<\/span>\n\t\t\t\t\t<\/a>\n\t\t\t\t<\/div>\n\t\t\t\t\t\t<\/div>\n\t\t\t\t<\/div>\n\t\t\t\t\t<\/div>\n\t\t<\/div>\n\t\t\t\t\t<\/div>\n\t\t<\/section>\n\t\t\t\t<div class=\"elementor-element elementor-element-aa8fe31 elementor-widget elementor-widget-text-editor\" data-id=\"aa8fe31\" data-element_type=\"widget\" data-widget_type=\"text-editor.default\">\n\t\t\t\t<div class=\"elementor-widget-container\">\n\t\t\t\t\t\t\t<p><span style=\"color: #4b4f58; font-size: 15px;\"><button id=\"listenButton1\" class=\"responsivevoice-button\" type=\"button\" value=\"Play\" title=\"ResponsiveVoice Tap to Start\/Stop Speech\"><span>&#128266; Listen to this<\/span><\/button>\n        <script>\n            listenButton1.onclick = function(){\n                if(responsiveVoice.isPlaying()){\n                    responsiveVoice.cancel();\n                }else{\n                    responsiveVoice.speak(\"DANIEL ALOM\u00cdA ROBLES RECIBE RECONOCIMIENTO P\u00d3STUMO \u201cORDEN DE LOS GRANDES MAESTROS DE LA CULTURA PERUANA\u201d, OTORGADO POR EL GOBIERNO DEL PER\u00da El compositor, investigador y pedagogo huanuque\u00f1o Daniel Alom\u00eda Robles fue reconocido p\u00f3stumamente con la \u201cOrden de los Grandes Maestros de la Cultura Peruana\u201d, m\u00e1xima distinci\u00f3n honor\u00edfica del Ministerio de Cultura. El reconocimiento ha sido gestionado por la presidencia de la Comisi\u00f3n Organizadora de la Universidad Nacional Daniel Alom\u00eda Robles - UNDAR, y oficializado mediante la Resoluci\u00f3n Suprema 019-2025-MC, publicada en el diario oficial El Peruano el 28 de noviembre de 2025. La distinci\u00f3n se otorga en la subcategor\u00eda m\u00fasica y\/o danzas tradicionales, luego de que un comit\u00e9 evaluador conformado por la Direcci\u00f3n General de Industrias y Artes del Ministerio de Cultura emitiera un informe t\u00e9cnico un\u00e1nime recomendando destacar la trayectoria de Alom\u00eda Robles por su aporte decisivo al desarrollo de la m\u00fasica peruana. El documento oficial resalta su labor sistem\u00e1tica de recolecci\u00f3n de cantos, huaynos, yarav\u00edes, carnavales y danzas tradicionales desde finales del siglo XIX, labor que sent\u00f3 las bases de la etnomusicolog\u00eda peruana. Su metodolog\u00eda de observaci\u00f3n directa y transcripci\u00f3n en campo permiti\u00f3 identificar estructuras r\u00edtmicas y mel\u00f3dicas propias del folclore andino, otorg\u00e1ndole un enfoque anal\u00edtico adelantado a su tiempo. Adem\u00e1s de su trabajo investigativo, la resoluci\u00f3n subraya su producci\u00f3n art\u00edstica, caracterizada por la integraci\u00f3n de elementos sonoros del paisaje andino en la composici\u00f3n acad\u00e9mica. Obras como Illa Cori, El indio, Las Acllas en el Coricancha, Himno al Sol y El c\u00f3ndor pasa representan una s\u00edntesis entre tradici\u00f3n y modernidad, convertidas hoy en referentes del repertorio musical peruano. La influencia de Alom\u00eda Robles se extiende tambi\u00e9n al \u00e1mbito educativo. Su legado contin\u00faa vigente en la Universidad Nacional Daniel Alom\u00eda Robles, en Hu\u00e1nuco, instituci\u00f3n que lleva su nombre y mantiene l\u00edneas de investigaci\u00f3n sistematizadas a partir de sus m\u00e9todos de recopilaci\u00f3n y an\u00e1lisis musical. Su visi\u00f3n de la m\u00fasica como patrimonio colectivo y como instrumento para fortalecer la identidad nacional se alinea con los principios contempor\u00e1neos de diversidad cultural impulsados por la pol\u00edtica p\u00fablica. La \u201cOrden de los Grandes Maestros de la Cultura Peruana\u201d reconoce la trascendencia de su obra, el rigor de su pensamiento y su contribuci\u00f3n a la revalorizaci\u00f3n del mundo andino. El Gobierno del Per\u00fa lo consagra, as\u00ed como uno de los representantes m\u00e1s influyentes de la cultura nacional. Gracias a la gesti\u00f3n de la presidencia de la Comisi\u00f3n Organizadora de la UNDAR y con la firma del presidente Jos\u00e9 Enrique Jer\u00ed Or\u00e9 y el refrendo del ministro de Cultura Alfredo Mart\u00edn Luna Brice\u00f1o, el Estado peruano reconoce formalmente a Daniel Alom\u00eda Robles como uno de los grandes maestros de la cultura nacional, destacando su aporte a la identidad musical del Per\u00fa y su valiosa contribuci\u00f3n al patrimonio cultural. Fuente oficial: Diario Oficial El Peruano, Resoluci\u00f3n Suprema 019-2025-MC (https:\/\/busquedas.elperuano.pe\/dispositivo\/NL\/2463489-9). ATR\u00c1S SIGUIENTE \u00a0\", \"UK English Female\");\n                }\n            };\n        <\/script>\n    <\/span><span style=\"color: #4b4f58; font-size: 15px;\">\u00a0<\/span><\/p>\t\t\t\t\t\t<\/div>\n\t\t\t\t<\/div>\n\t\t\t\t\t<\/div>\n\t\t<\/div>\n\t\t\t\t\t<\/div>\n\t\t<\/section>\n\t\t\t\t<\/div>\n\t\t","protected":false},"excerpt":{"rendered":"<p>El compositor, investigador y pedagogo huanuque\u00f1o Daniel Alom\u00eda Robles fue reconocido p\u00f3stumamente con la \u201cOrden de los Grandes Maestros de la Cultura Peruana\u201d, m\u00e1xima distinci\u00f3n honor\u00edfica del Ministerio de Cultura (&#8230;)<\/p>\n","protected":false},"author":1,"featured_media":64293,"comment_status":"closed","ping_status":"closed","sticky":false,"template":"","format":"standard","meta":{"_uf_show_specific_survey":0,"_uf_disable_surveys":false,"footnotes":""},"categories":[7],"tags":[],"class_list":["post-64288","post","type-post","status-publish","format-standard","has-post-thumbnail","hentry","category-noticias"],"aioseo_notices":[],"_links":{"self":[{"href":"http:\/\/www.undar.edu.pe\/index.php\/wp-json\/wp\/v2\/posts\/64288","targetHints":{"allow":["GET"]}}],"collection":[{"href":"http:\/\/www.undar.edu.pe\/index.php\/wp-json\/wp\/v2\/posts"}],"about":[{"href":"http:\/\/www.undar.edu.pe\/index.php\/wp-json\/wp\/v2\/types\/post"}],"author":[{"embeddable":true,"href":"http:\/\/www.undar.edu.pe\/index.php\/wp-json\/wp\/v2\/users\/1"}],"replies":[{"embeddable":true,"href":"http:\/\/www.undar.edu.pe\/index.php\/wp-json\/wp\/v2\/comments?post=64288"}],"version-history":[{"count":21,"href":"http:\/\/www.undar.edu.pe\/index.php\/wp-json\/wp\/v2\/posts\/64288\/revisions"}],"predecessor-version":[{"id":64371,"href":"http:\/\/www.undar.edu.pe\/index.php\/wp-json\/wp\/v2\/posts\/64288\/revisions\/64371"}],"wp:featuredmedia":[{"embeddable":true,"href":"http:\/\/www.undar.edu.pe\/index.php\/wp-json\/wp\/v2\/media\/64293"}],"wp:attachment":[{"href":"http:\/\/www.undar.edu.pe\/index.php\/wp-json\/wp\/v2\/media?parent=64288"}],"wp:term":[{"taxonomy":"category","embeddable":true,"href":"http:\/\/www.undar.edu.pe\/index.php\/wp-json\/wp\/v2\/categories?post=64288"},{"taxonomy":"post_tag","embeddable":true,"href":"http:\/\/www.undar.edu.pe\/index.php\/wp-json\/wp\/v2\/tags?post=64288"}],"curies":[{"name":"wp","href":"https:\/\/api.w.org\/{rel}","templated":true}]}}