{"id":64213,"date":"2025-10-23T15:36:08","date_gmt":"2025-10-23T20:36:08","guid":{"rendered":"http:\/\/www.undar.edu.pe\/?p=64213"},"modified":"2025-12-03T10:41:20","modified_gmt":"2025-12-03T15:41:20","slug":"ii-conferencia-magistral-derechos-que-unen-deberes-que-construyen","status":"publish","type":"post","link":"http:\/\/www.undar.edu.pe\/index.php\/2025\/10\/23\/ii-conferencia-magistral-derechos-que-unen-deberes-que-construyen\/","title":{"rendered":"II CONFERENCIA MAGISTRAL \u201cDERECHOS QUE UNEN, DEBERES QUE CONSTRUYEN\u201d"},"content":{"rendered":"\t\t<div data-elementor-type=\"wp-post\" data-elementor-id=\"64213\" class=\"elementor elementor-64213\" data-elementor-post-type=\"post\">\n\t\t\t\t\t\t<section class=\"elementor-section elementor-top-section elementor-element elementor-element-18871c0f elementor-section-boxed elementor-section-height-default elementor-section-height-default\" data-id=\"18871c0f\" data-element_type=\"section\">\n\t\t\t\t\t\t<div class=\"elementor-container elementor-column-gap-default\">\n\t\t\t\t\t<div class=\"elementor-column elementor-col-100 elementor-top-column elementor-element elementor-element-40331c9a\" data-id=\"40331c9a\" data-element_type=\"column\">\n\t\t\t<div class=\"elementor-widget-wrap elementor-element-populated\">\n\t\t\t\t\t\t<div class=\"elementor-element elementor-element-8e07069 elementor-widget elementor-widget-heading\" data-id=\"8e07069\" data-element_type=\"widget\" data-widget_type=\"heading.default\">\n\t\t\t\t<div class=\"elementor-widget-container\">\n\t\t\t<h4 class=\"elementor-heading-title elementor-size-default\">II CONFERENCIA MAGISTRAL\n\u201cDERECHOS QUE UNEN, DEBERES QUE CONSTRUYEN\u201d\n<\/h4>\t\t<\/div>\n\t\t\t\t<\/div>\n\t\t\t\t<div class=\"elementor-element elementor-element-be5b4c8 elementor-widget elementor-widget-spacer\" data-id=\"be5b4c8\" data-element_type=\"widget\" data-widget_type=\"spacer.default\">\n\t\t\t\t<div class=\"elementor-widget-container\">\n\t\t\t\t\t<div class=\"elementor-spacer\">\n\t\t\t<div class=\"elementor-spacer-inner\"><\/div>\n\t\t<\/div>\n\t\t\t\t<\/div>\n\t\t\t\t<\/div>\n\t\t\t\t<div class=\"elementor-element elementor-element-4664c16 elementor-widget__width-initial elementor-widget elementor-widget-image\" data-id=\"4664c16\" data-element_type=\"widget\" data-widget_type=\"image.default\">\n\t\t\t\t<div class=\"elementor-widget-container\">\n\t\t\t\t\t\t\t\t\t\t\t\t\t<img fetchpriority=\"high\" decoding=\"async\" width=\"768\" height=\"512\" src=\"http:\/\/www.undar.edu.pe\/wp-content\/uploads\/2025\/11\/II-CONFERENCIA-768x512.jpg\" class=\"attachment-medium_large size-medium_large wp-image-64219\" alt=\"\" srcset=\"http:\/\/www.undar.edu.pe\/wp-content\/uploads\/2025\/11\/II-CONFERENCIA-768x512.jpg 768w, http:\/\/www.undar.edu.pe\/wp-content\/uploads\/2025\/11\/II-CONFERENCIA-300x200.jpg 300w, http:\/\/www.undar.edu.pe\/wp-content\/uploads\/2025\/11\/II-CONFERENCIA-1024x683.jpg 1024w, http:\/\/www.undar.edu.pe\/wp-content\/uploads\/2025\/11\/II-CONFERENCIA-1536x1024.jpg 1536w, http:\/\/www.undar.edu.pe\/wp-content\/uploads\/2025\/11\/II-CONFERENCIA.jpg 1600w\" sizes=\"(max-width: 768px) 100vw, 768px\" \/>\t\t\t\t\t\t\t\t\t\t\t\t\t<\/div>\n\t\t\t\t<\/div>\n\t\t\t\t<div class=\"elementor-element elementor-element-35352b80 elementor-widget elementor-widget-text-editor\" data-id=\"35352b80\" data-element_type=\"widget\" data-widget_type=\"text-editor.default\">\n\t\t\t\t<div class=\"elementor-widget-container\">\n\t\t\t\t\t\t\t<p><span style=\"font-weight: 400;\">En cumplimiento de su compromiso con la formaci\u00f3n integral de la comunidad universitaria, la <\/span><b>Universidad Nacional Daniel Alom\u00eda \u00a0 Robles<\/b><span style=\"font-weight: 400;\">, a trav\u00e9s de la <\/span><b>Oficina de Defensor\u00eda Universitaria<\/b><span style=\"font-weight: 400;\">, desarroll\u00f3 la <\/span><b>II <\/b><b><i>CONFERENCIA MAGISTRAL<\/i><\/b><span style=\"font-weight: 400;\"> denominada <\/span><b><i>\u201cDERECHOS QUE UNEN, DEBERES QUE CONSTRUYEN\u201d<\/i><\/b><b>,<\/b><span style=\"font-weight: 400;\"> dirigida a docentes, personal administrativo de la instituci\u00f3n.<\/span><\/p><p><span style=\"font-weight: 400;\">Esta actividad se enmarc\u00f3 con el objetivo institucional de <\/span><b>promover, difundir y salvaguardar los derechos individuales<\/b><span style=\"font-weight: 400;\"> dentro del \u00e1mbito universitario, as\u00ed como de <\/span><b>fortalecer el conocimiento y la pr\u00e1ctica responsable de los deberes<\/b><span style=\"font-weight: 400;\"> que competen a cada miembro de la comunidad. De esta manera, la universidad reafirma su compromiso con la construcci\u00f3n de una convivencia sustentada en los valores del <\/span><b>respeto, la equidad, la responsabilidad y la solidaridad<\/b><span style=\"font-weight: 400;\">.<\/span><\/p><p><span style=\"font-weight: 400;\">Durante el desarrollo de la conferencia, se subray\u00f3 que la experiencia universitaria va m\u00e1s all\u00e1 del aprendizaje acad\u00e9mico, convirti\u00e9ndose en un espacio de <\/span><b>crecimiento personal y social<\/b><span style=\"font-weight: 400;\">, donde la participaci\u00f3n activa, el respeto rec\u00edproco y la cooperaci\u00f3n constituyen pilares esenciales para alcanzar una <\/span><b>convivencia pac\u00edfica y productiva<\/b><span style=\"font-weight: 400;\">.<\/span><\/p><p><span style=\"font-weight: 400;\">Asimismo, se resalt\u00f3 que la <\/span><b>formaci\u00f3n en derechos y deberes<\/b><span style=\"font-weight: 400;\"> no debe concebirse como un esfuerzo aislado, sino como un <\/span><b>proceso continuo de reflexi\u00f3n, aprendizaje y fortalecimiento institucional<\/b><span style=\"font-weight: 400;\"> que contribuye significativamente al bienestar colectivo de la comunidad universitaria. En esta l\u00ednea de acci\u00f3n, la <\/span><b>Oficina de Defensor\u00eda Universitaria<\/b><span style=\"font-weight: 400;\"> impulsa de manera permanente <\/span><b>espacios de di\u00e1logo, capacitaci\u00f3n y sensibilizaci\u00f3n<\/b><span style=\"font-weight: 400;\">, orientados a generar conciencia, compromiso y corresponsabilidad entre todos los actores de la vida universitaria.<\/span><\/p><p><span style=\"font-weight: 400;\">Con esta segunda edici\u00f3n de la conferencia magistral, la <\/span><b>Universidad Nacional Daniel Alom\u00eda Robles<\/b><span style=\"font-weight: 400;\"> ratifica su voluntad institucional de <\/span><b>promover una cultura de respeto, equidad y responsabilidad compartida<\/b><span style=\"font-weight: 400;\">, garantizando los derechos de las personas y fomentando el cumplimiento de sus deberes.<\/span><\/p><p><span style=\"font-weight: 400;\">\u00a0Asimismo, esta iniciativa permiti\u00f3 fortalecer <\/span><b>competencias socioemocionales<\/b><span style=\"font-weight: 400;\"> como la empat\u00eda, el autocontrol y la resoluci\u00f3n pac\u00edfica de conflictos, contribuyendo al desarrollo de una comunidad universitaria <\/span><b>m\u00e1s comprometida, participativa y respetuosa de la diversidad<\/b><span style=\"font-weight: 400;\">.<\/span><\/p>\t\t\t\t\t\t<\/div>\n\t\t\t\t<\/div>\n\t\t\t\t<div class=\"elementor-element elementor-element-f83af45 elementor-share-buttons--view-icon elementor-share-buttons--skin-minimal elementor-share-buttons--shape-circle elementor-share-buttons--align-center elementor-grid-0 elementor-share-buttons--color-official elementor-widget elementor-widget-share-buttons\" data-id=\"f83af45\" data-element_type=\"widget\" data-widget_type=\"share-buttons.default\">\n\t\t\t\t<div class=\"elementor-widget-container\">\n\t\t\t\t\t<div class=\"elementor-grid\">\n\t\t\t\t\t\t\t\t<div class=\"elementor-grid-item\">\n\t\t\t\t\t\t<div\n\t\t\t\t\t\t\tclass=\"elementor-share-btn elementor-share-btn_facebook\"\n\t\t\t\t\t\t\trole=\"button\"\n\t\t\t\t\t\t\ttabindex=\"0\"\n\t\t\t\t\t\t\taria-label=\"Compartir en facebook\"\n\t\t\t\t\t\t>\n\t\t\t\t\t\t\t\t\t\t\t\t\t\t\t<span class=\"elementor-share-btn__icon\">\n\t\t\t\t\t\t\t\t<i class=\"fab fa-facebook\" aria-hidden=\"true\"><\/i>\t\t\t\t\t\t\t<\/span>\n\t\t\t\t\t\t\t\t\t\t\t\t\t\t\t\t\t\t\t\t<\/div>\n\t\t\t\t\t<\/div>\n\t\t\t\t\t\t\t\t\t<div class=\"elementor-grid-item\">\n\t\t\t\t\t\t<div\n\t\t\t\t\t\t\tclass=\"elementor-share-btn elementor-share-btn_twitter\"\n\t\t\t\t\t\t\trole=\"button\"\n\t\t\t\t\t\t\ttabindex=\"0\"\n\t\t\t\t\t\t\taria-label=\"Compartir en twitter\"\n\t\t\t\t\t\t>\n\t\t\t\t\t\t\t\t\t\t\t\t\t\t\t<span class=\"elementor-share-btn__icon\">\n\t\t\t\t\t\t\t\t<i class=\"fab fa-twitter\" aria-hidden=\"true\"><\/i>\t\t\t\t\t\t\t<\/span>\n\t\t\t\t\t\t\t\t\t\t\t\t\t\t\t\t\t\t\t\t<\/div>\n\t\t\t\t\t<\/div>\n\t\t\t\t\t\t\t\t\t<div class=\"elementor-grid-item\">\n\t\t\t\t\t\t<div\n\t\t\t\t\t\t\tclass=\"elementor-share-btn elementor-share-btn_linkedin\"\n\t\t\t\t\t\t\trole=\"button\"\n\t\t\t\t\t\t\ttabindex=\"0\"\n\t\t\t\t\t\t\taria-label=\"Compartir en linkedin\"\n\t\t\t\t\t\t>\n\t\t\t\t\t\t\t\t\t\t\t\t\t\t\t<span class=\"elementor-share-btn__icon\">\n\t\t\t\t\t\t\t\t<i class=\"fab fa-linkedin\" aria-hidden=\"true\"><\/i>\t\t\t\t\t\t\t<\/span>\n\t\t\t\t\t\t\t\t\t\t\t\t\t\t\t\t\t\t\t\t<\/div>\n\t\t\t\t\t<\/div>\n\t\t\t\t\t\t<\/div>\n\t\t\t\t<\/div>\n\t\t\t\t<\/div>\n\t\t\t\t<section class=\"elementor-section elementor-inner-section elementor-element elementor-element-4bfc828 elementor-section-boxed elementor-section-height-default elementor-section-height-default\" data-id=\"4bfc828\" data-element_type=\"section\">\n\t\t\t\t\t\t<div class=\"elementor-container elementor-column-gap-default\">\n\t\t\t\t\t<div class=\"elementor-column elementor-col-33 elementor-inner-column elementor-element elementor-element-231c783\" data-id=\"231c783\" data-element_type=\"column\">\n\t\t\t<div class=\"elementor-widget-wrap elementor-element-populated\">\n\t\t\t\t\t\t<div class=\"elementor-element elementor-element-2845b88 elementor-align-justify elementor-widget__width-inherit elementor-widget elementor-widget-button\" data-id=\"2845b88\" data-element_type=\"widget\" data-widget_type=\"button.default\">\n\t\t\t\t<div class=\"elementor-widget-container\">\n\t\t\t\t\t\t\t<div class=\"elementor-button-wrapper\">\n\t\t\t\t\t<a class=\"elementor-button elementor-button-link elementor-size-md\" href=\"https:\/\/www.undar.edu.pe\/index.php\/2025\/10\/14\/universidad-nacional-daniel-alomia-robles-recibe-distincion-honorifica-del-colegio-de-enfermeros-de-huanuco\/\">\n\t\t\t\t\t\t<span class=\"elementor-button-content-wrapper\">\n\t\t\t\t\t\t<span class=\"elementor-button-icon\">\n\t\t\t\t<i aria-hidden=\"true\" class=\"fas fa-arrow-left\"><\/i>\t\t\t<\/span>\n\t\t\t\t\t\t\t\t\t<span class=\"elementor-button-text\">ATR\u00c1S<\/span>\n\t\t\t\t\t<\/span>\n\t\t\t\t\t<\/a>\n\t\t\t\t<\/div>\n\t\t\t\t\t\t<\/div>\n\t\t\t\t<\/div>\n\t\t\t\t\t<\/div>\n\t\t<\/div>\n\t\t\t\t<div class=\"elementor-column elementor-col-33 elementor-inner-column elementor-element elementor-element-4d23888\" data-id=\"4d23888\" data-element_type=\"column\">\n\t\t\t<div class=\"elementor-widget-wrap\">\n\t\t\t\t\t\t\t<\/div>\n\t\t<\/div>\n\t\t\t\t<div class=\"elementor-column elementor-col-33 elementor-inner-column elementor-element elementor-element-ea4fe31\" data-id=\"ea4fe31\" data-element_type=\"column\">\n\t\t\t<div class=\"elementor-widget-wrap elementor-element-populated\">\n\t\t\t\t\t\t<div class=\"elementor-element elementor-element-4e9bafd elementor-align-justify elementor-widget__width-inherit elementor-widget elementor-widget-button\" data-id=\"4e9bafd\" data-element_type=\"widget\" data-widget_type=\"button.default\">\n\t\t\t\t<div class=\"elementor-widget-container\">\n\t\t\t\t\t\t\t<div class=\"elementor-button-wrapper\">\n\t\t\t\t\t<a class=\"elementor-button elementor-button-link elementor-size-md\" href=\"https:\/\/www.undar.edu.pe\/index.php\/2025\/10\/23\/undar-fortalece-la-formacion-practica-de-sus-estudiantes-mediante-convenio-interinstitucional\/\">\n\t\t\t\t\t\t<span class=\"elementor-button-content-wrapper\">\n\t\t\t\t\t\t<span class=\"elementor-button-icon\">\n\t\t\t\t<i aria-hidden=\"true\" class=\"fas fa-arrow-right\"><\/i>\t\t\t<\/span>\n\t\t\t\t\t\t\t\t\t<span class=\"elementor-button-text\">SIGUIENTE<\/span>\n\t\t\t\t\t<\/span>\n\t\t\t\t\t<\/a>\n\t\t\t\t<\/div>\n\t\t\t\t\t\t<\/div>\n\t\t\t\t<\/div>\n\t\t\t\t\t<\/div>\n\t\t<\/div>\n\t\t\t\t\t<\/div>\n\t\t<\/section>\n\t\t\t\t<div class=\"elementor-element elementor-element-aa8fe31 elementor-widget elementor-widget-text-editor\" data-id=\"aa8fe31\" data-element_type=\"widget\" data-widget_type=\"text-editor.default\">\n\t\t\t\t<div class=\"elementor-widget-container\">\n\t\t\t\t\t\t\t<p><span style=\"color: #4b4f58; font-size: 15px;\"><button id=\"listenButton1\" class=\"responsivevoice-button\" type=\"button\" value=\"Play\" title=\"ResponsiveVoice Tap to Start\/Stop Speech\"><span>&#128266; Listen to this<\/span><\/button>\n        <script>\n            listenButton1.onclick = function(){\n                if(responsiveVoice.isPlaying()){\n                    responsiveVoice.cancel();\n                }else{\n                    responsiveVoice.speak(\"II CONFERENCIA MAGISTRAL \u201cDERECHOS QUE UNEN, DEBERES QUE CONSTRUYEN\u201d En cumplimiento de su compromiso con la formaci\u00f3n integral de la comunidad universitaria, la Universidad Nacional Daniel Alom\u00eda \u00a0 Robles, a trav\u00e9s de la Oficina de Defensor\u00eda Universitaria, desarroll\u00f3 la II CONFERENCIA MAGISTRAL denominada \u201cDERECHOS QUE UNEN, DEBERES QUE CONSTRUYEN\u201d, dirigida a docentes, personal administrativo de la instituci\u00f3n.Esta actividad se enmarc\u00f3 con el objetivo institucional de promover, difundir y salvaguardar los derechos individuales dentro del \u00e1mbito universitario, as\u00ed como de fortalecer el conocimiento y la pr\u00e1ctica responsable de los deberes que competen a cada miembro de la comunidad. De esta manera, la universidad reafirma su compromiso con la construcci\u00f3n de una convivencia sustentada en los valores del respeto, la equidad, la responsabilidad y la solidaridad.Durante el desarrollo de la conferencia, se subray\u00f3 que la experiencia universitaria va m\u00e1s all\u00e1 del aprendizaje acad\u00e9mico, convirti\u00e9ndose en un espacio de crecimiento personal y social, donde la participaci\u00f3n activa, el respeto rec\u00edproco y la cooperaci\u00f3n constituyen pilares esenciales para alcanzar una convivencia pac\u00edfica y productiva.Asimismo, se resalt\u00f3 que la formaci\u00f3n en derechos y deberes no debe concebirse como un esfuerzo aislado, sino como un proceso continuo de reflexi\u00f3n, aprendizaje y fortalecimiento institucional que contribuye significativamente al bienestar colectivo de la comunidad universitaria. En esta l\u00ednea de acci\u00f3n, la Oficina de Defensor\u00eda Universitaria impulsa de manera permanente espacios de di\u00e1logo, capacitaci\u00f3n y sensibilizaci\u00f3n, orientados a generar conciencia, compromiso y corresponsabilidad entre todos los actores de la vida universitaria.Con esta segunda edici\u00f3n de la conferencia magistral, la Universidad Nacional Daniel Alom\u00eda Robles ratifica su voluntad institucional de promover una cultura de respeto, equidad y responsabilidad compartida, garantizando los derechos de las personas y fomentando el cumplimiento de sus deberes.\u00a0Asimismo, esta iniciativa permiti\u00f3 fortalecer competencias socioemocionales como la empat\u00eda, el autocontrol y la resoluci\u00f3n pac\u00edfica de conflictos, contribuyendo al desarrollo de una comunidad universitaria m\u00e1s comprometida, participativa y respetuosa de la diversidad. ATR\u00c1S SIGUIENTE \u00a0\", \"UK English Female\");\n                }\n            };\n        <\/script>\n    <\/span><span style=\"color: #4b4f58; font-size: 15px;\">\u00a0<\/span><\/p>\t\t\t\t\t\t<\/div>\n\t\t\t\t<\/div>\n\t\t\t\t\t<\/div>\n\t\t<\/div>\n\t\t\t\t\t<\/div>\n\t\t<\/section>\n\t\t\t\t<\/div>\n\t\t","protected":false},"excerpt":{"rendered":"<p>En cumplimiento de su compromiso con la formaci\u00f3n integral de la comunidad universitaria, la Universidad Nacional Daniel Alom\u00eda   Robles(&#8230;)<\/p>\n","protected":false},"author":1,"featured_media":64219,"comment_status":"closed","ping_status":"closed","sticky":false,"template":"","format":"standard","meta":{"_uf_show_specific_survey":0,"_uf_disable_surveys":false,"footnotes":""},"categories":[90],"tags":[],"class_list":["post-64213","post","type-post","status-publish","format-standard","has-post-thumbnail","hentry","category-defensoria"],"aioseo_notices":[],"_links":{"self":[{"href":"http:\/\/www.undar.edu.pe\/index.php\/wp-json\/wp\/v2\/posts\/64213","targetHints":{"allow":["GET"]}}],"collection":[{"href":"http:\/\/www.undar.edu.pe\/index.php\/wp-json\/wp\/v2\/posts"}],"about":[{"href":"http:\/\/www.undar.edu.pe\/index.php\/wp-json\/wp\/v2\/types\/post"}],"author":[{"embeddable":true,"href":"http:\/\/www.undar.edu.pe\/index.php\/wp-json\/wp\/v2\/users\/1"}],"replies":[{"embeddable":true,"href":"http:\/\/www.undar.edu.pe\/index.php\/wp-json\/wp\/v2\/comments?post=64213"}],"version-history":[{"count":10,"href":"http:\/\/www.undar.edu.pe\/index.php\/wp-json\/wp\/v2\/posts\/64213\/revisions"}],"predecessor-version":[{"id":64398,"href":"http:\/\/www.undar.edu.pe\/index.php\/wp-json\/wp\/v2\/posts\/64213\/revisions\/64398"}],"wp:featuredmedia":[{"embeddable":true,"href":"http:\/\/www.undar.edu.pe\/index.php\/wp-json\/wp\/v2\/media\/64219"}],"wp:attachment":[{"href":"http:\/\/www.undar.edu.pe\/index.php\/wp-json\/wp\/v2\/media?parent=64213"}],"wp:term":[{"taxonomy":"category","embeddable":true,"href":"http:\/\/www.undar.edu.pe\/index.php\/wp-json\/wp\/v2\/categories?post=64213"},{"taxonomy":"post_tag","embeddable":true,"href":"http:\/\/www.undar.edu.pe\/index.php\/wp-json\/wp\/v2\/tags?post=64213"}],"curies":[{"name":"wp","href":"https:\/\/api.w.org\/{rel}","templated":true}]}}