{"id":63588,"date":"2025-09-01T14:19:32","date_gmt":"2025-09-01T19:19:32","guid":{"rendered":"http:\/\/www.undar.edu.pe\/?p=63588"},"modified":"2025-09-03T09:20:36","modified_gmt":"2025-09-03T14:20:36","slug":"undar-y-camara-de-comercio-realizaron-el-conversatorio-musica-e-identidad-en-huanuco","status":"publish","type":"post","link":"http:\/\/www.undar.edu.pe\/index.php\/2025\/09\/01\/undar-y-camara-de-comercio-realizaron-el-conversatorio-musica-e-identidad-en-huanuco\/","title":{"rendered":"UNDAR Y C\u00c1MARA DE COMERCIO REALIZARON EL CONVERSATORIO \u201cM\u00daSICA E IDENTIDAD\u201d EN HU\u00c1NUCO"},"content":{"rendered":"\t\t<div data-elementor-type=\"wp-post\" data-elementor-id=\"63588\" class=\"elementor elementor-63588\" data-elementor-post-type=\"post\">\n\t\t\t\t\t\t<section class=\"elementor-section elementor-top-section elementor-element elementor-element-18871c0f elementor-section-boxed elementor-section-height-default elementor-section-height-default\" data-id=\"18871c0f\" data-element_type=\"section\">\n\t\t\t\t\t\t<div class=\"elementor-container elementor-column-gap-default\">\n\t\t\t\t\t<div class=\"elementor-column elementor-col-100 elementor-top-column elementor-element elementor-element-40331c9a\" data-id=\"40331c9a\" data-element_type=\"column\">\n\t\t\t<div class=\"elementor-widget-wrap elementor-element-populated\">\n\t\t\t\t\t\t<div class=\"elementor-element elementor-element-8e07069 elementor-widget elementor-widget-heading\" data-id=\"8e07069\" data-element_type=\"widget\" data-widget_type=\"heading.default\">\n\t\t\t\t<div class=\"elementor-widget-container\">\n\t\t\t<h4 class=\"elementor-heading-title elementor-size-default\">UNDAR Y C\u00c1MARA DE COMERCIO REALIZARON EL CONVERSATORIO \u201cM\u00daSICA E IDENTIDAD\u201d EN HU\u00c1NUCO<\/h4>\t\t<\/div>\n\t\t\t\t<\/div>\n\t\t\t\t<div class=\"elementor-element elementor-element-4664c16 elementor-widget__width-initial elementor-widget elementor-widget-image\" data-id=\"4664c16\" data-element_type=\"widget\" data-widget_type=\"image.default\">\n\t\t\t\t<div class=\"elementor-widget-container\">\n\t\t\t\t\t\t\t\t\t\t\t\t\t<img fetchpriority=\"high\" decoding=\"async\" width=\"580\" height=\"385\" src=\"http:\/\/www.undar.edu.pe\/wp-content\/uploads\/2025\/09\/conversatorio-musica-e-identidad.gif\" class=\"attachment-medium_large size-medium_large wp-image-63590\" alt=\"Banner de noticias: Fotos conversatorio m\u00fasica e identidad\" \/>\t\t\t\t\t\t\t\t\t\t\t\t\t<\/div>\n\t\t\t\t<\/div>\n\t\t\t\t<div class=\"elementor-element elementor-element-be5b4c8 elementor-widget elementor-widget-spacer\" data-id=\"be5b4c8\" data-element_type=\"widget\" data-widget_type=\"spacer.default\">\n\t\t\t\t<div class=\"elementor-widget-container\">\n\t\t\t\t\t<div class=\"elementor-spacer\">\n\t\t\t<div class=\"elementor-spacer-inner\"><\/div>\n\t\t<\/div>\n\t\t\t\t<\/div>\n\t\t\t\t<\/div>\n\t\t\t\t<div class=\"elementor-element elementor-element-35352b80 elementor-widget elementor-widget-text-editor\" data-id=\"35352b80\" data-element_type=\"widget\" data-widget_type=\"text-editor.default\">\n\t\t\t\t<div class=\"elementor-widget-container\">\n\t\t\t\t\t\t\t<p>La Universidad Nacional Daniel Alom\u00eda Robles (UNDAR), a trav\u00e9s de la Direcci\u00f3n de Incubadora de Empresas, en coordinaci\u00f3n con la C\u00e1mara de Comercio e Industrias de Hu\u00e1nuco, llev\u00f3 a cabo el conversatorio \u201cM\u00fasica e Identidad\u201d, el martes 26 de agosto de 2025, en el auditorio Roel Edgardo Tarazona Padilla con motivo de los 100 a\u00f1os de vida institucional de la c\u00e1mara.<\/p><p>El encuentro, enmarcado en la Semana de Identidad, tuvo como objetivo fortalecer los lazos entre el sector acad\u00e9mico, empresarial y art\u00edstico, resaltando la m\u00fasica como motor de identidad cultural y desarrollo econ\u00f3mico.<\/p><p>La ceremonia cont\u00f3 con las palabras de bienvenida del Dr. Benjamin Velazco Reyes, presidente de la Comisi\u00f3n Organizadora de la UNDAR, y con la apertura del Sr. Miguel \u00c1ngel Berrospi Jara, presidente de la C\u00e1mara de Comercio e Industrias de Hu\u00e1nuco. Ambos coincidieron en la necesidad de articular esfuerzos para impulsar la cultura musical de la regi\u00f3n.<\/p><p>Los ejes desarrollados fueron: 1) Estrategias para la formalizaci\u00f3n y empleabilidad en el sector art\u00edstico, 2) Innovaci\u00f3n y digitalizaci\u00f3n en la industria art\u00edstico-musical, 3) Creaci\u00f3n de un gremio de empresarios art\u00edsticos en la C\u00e1mara de Comercio e Industrias de Hu\u00e1nuco, y 4) Alianzas estrat\u00e9gicas entre universidades, empresarios y artistas.<\/p><p>En calidad de invitados clave participaron Erika Calixto Ram\u00edrez, coordinadora sectorial del Ministerio de Producci\u00f3n; Mgtr. Fabio Rodr\u00edguez Mel\u00e9ndez, jefe de la Oficina de Tecnolog\u00edas de la Informaci\u00f3n; Mgtr. Miguel \u00c1ngel Berrospi Jara, presidente de la C\u00e1mara de Comercio e Industrias de Hu\u00e1nuco; y Dr. Benjamin Velazco Reyes, presidente de la Comisi\u00f3n Organizadora de la Universidad Nacional Daniel Alom\u00eda Robles. Como panelistas intervinieron el Dr. F\u00e9lix Arturo Caldas y Caballero, coordinador de la Facultad de M\u00fasica; Mgtr. Freddy Omar Majino Gargate, responsable del Departamento Acad\u00e9mico de M\u00fasica; Sr. El\u00edas Valdivia Jara, representante del Gran Complejo Cultural Hu\u00e1nuco; y Sr. Fredy Niceto Dom\u00ednguez Ram\u00edrez, presidente de la Asociaci\u00f3n de M\u00fasicos Daniel Alom\u00eda Robles \u2013 Hu\u00e1nuco.<\/p><p>La parte cultural estuvo a cargo del Cuarteto de Sax Hu\u00e1nuco de la UNDAR y de los solistas Mgtr. F\u00e9lix Hip\u00f3lito Echevarr\u00eda Ram\u00edrez, coordinador de la Facultad de Educaci\u00f3n Musical, y Artes y el maestro Abel Luis Paulino Ponce, quienes ofrecieron un repertorio que puso en valor el talento regional.<\/p><p>El evento concluy\u00f3 con la intervenci\u00f3n del Sr. Miguel \u00c1ngel Berrospi Jara, quien expuso los compromisos asumidos por la C\u00e1mara de Comercio, y con las palabras de cierre de la Dra. Delma Flores Farf\u00e1n, vicepresidenta de Investigaci\u00f3n de la UNDAR, quien reafirm\u00f3 el compromiso institucional de promover la m\u00fasica como patrimonio cultural y factor de desarrollo sostenible para Hu\u00e1nuco.<\/p><p>\u00a0<\/p>\t\t\t\t\t\t<\/div>\n\t\t\t\t<\/div>\n\t\t\t\t<div class=\"elementor-element elementor-element-f83af45 elementor-share-buttons--view-icon elementor-share-buttons--skin-minimal elementor-share-buttons--shape-circle elementor-share-buttons--align-center elementor-grid-0 elementor-share-buttons--color-official elementor-widget elementor-widget-share-buttons\" data-id=\"f83af45\" data-element_type=\"widget\" data-widget_type=\"share-buttons.default\">\n\t\t\t\t<div class=\"elementor-widget-container\">\n\t\t\t\t\t<div class=\"elementor-grid\">\n\t\t\t\t\t\t\t\t<div class=\"elementor-grid-item\">\n\t\t\t\t\t\t<div\n\t\t\t\t\t\t\tclass=\"elementor-share-btn elementor-share-btn_facebook\"\n\t\t\t\t\t\t\trole=\"button\"\n\t\t\t\t\t\t\ttabindex=\"0\"\n\t\t\t\t\t\t\taria-label=\"Compartir en facebook\"\n\t\t\t\t\t\t>\n\t\t\t\t\t\t\t\t\t\t\t\t\t\t\t<span class=\"elementor-share-btn__icon\">\n\t\t\t\t\t\t\t\t<i class=\"fab fa-facebook\" aria-hidden=\"true\"><\/i>\t\t\t\t\t\t\t<\/span>\n\t\t\t\t\t\t\t\t\t\t\t\t\t\t\t\t\t\t\t\t<\/div>\n\t\t\t\t\t<\/div>\n\t\t\t\t\t\t\t\t\t<div class=\"elementor-grid-item\">\n\t\t\t\t\t\t<div\n\t\t\t\t\t\t\tclass=\"elementor-share-btn elementor-share-btn_twitter\"\n\t\t\t\t\t\t\trole=\"button\"\n\t\t\t\t\t\t\ttabindex=\"0\"\n\t\t\t\t\t\t\taria-label=\"Compartir en twitter\"\n\t\t\t\t\t\t>\n\t\t\t\t\t\t\t\t\t\t\t\t\t\t\t<span class=\"elementor-share-btn__icon\">\n\t\t\t\t\t\t\t\t<i class=\"fab fa-twitter\" aria-hidden=\"true\"><\/i>\t\t\t\t\t\t\t<\/span>\n\t\t\t\t\t\t\t\t\t\t\t\t\t\t\t\t\t\t\t\t<\/div>\n\t\t\t\t\t<\/div>\n\t\t\t\t\t\t\t\t\t<div class=\"elementor-grid-item\">\n\t\t\t\t\t\t<div\n\t\t\t\t\t\t\tclass=\"elementor-share-btn elementor-share-btn_linkedin\"\n\t\t\t\t\t\t\trole=\"button\"\n\t\t\t\t\t\t\ttabindex=\"0\"\n\t\t\t\t\t\t\taria-label=\"Compartir en linkedin\"\n\t\t\t\t\t\t>\n\t\t\t\t\t\t\t\t\t\t\t\t\t\t\t<span class=\"elementor-share-btn__icon\">\n\t\t\t\t\t\t\t\t<i class=\"fab fa-linkedin\" aria-hidden=\"true\"><\/i>\t\t\t\t\t\t\t<\/span>\n\t\t\t\t\t\t\t\t\t\t\t\t\t\t\t\t\t\t\t\t<\/div>\n\t\t\t\t\t<\/div>\n\t\t\t\t\t\t<\/div>\n\t\t\t\t<\/div>\n\t\t\t\t<\/div>\n\t\t\t\t<section class=\"elementor-section elementor-inner-section elementor-element elementor-element-4bfc828 elementor-section-boxed elementor-section-height-default elementor-section-height-default\" data-id=\"4bfc828\" data-element_type=\"section\">\n\t\t\t\t\t\t<div class=\"elementor-container elementor-column-gap-default\">\n\t\t\t\t\t<div class=\"elementor-column elementor-col-33 elementor-inner-column elementor-element elementor-element-231c783\" data-id=\"231c783\" data-element_type=\"column\">\n\t\t\t<div class=\"elementor-widget-wrap elementor-element-populated\">\n\t\t\t\t\t\t<div class=\"elementor-element elementor-element-2845b88 elementor-align-justify elementor-widget__width-inherit elementor-widget elementor-widget-button\" data-id=\"2845b88\" data-element_type=\"widget\" data-widget_type=\"button.default\">\n\t\t\t\t<div class=\"elementor-widget-container\">\n\t\t\t\t\t\t\t<div class=\"elementor-button-wrapper\">\n\t\t\t\t\t<a class=\"elementor-button elementor-button-link elementor-size-md\" href=\"https:\/\/www.undar.edu.pe\/index.php\/2025\/08\/29\/undar-fortalece-su-gestion-academica-y-administrativa-con-pasantia-en-la-unas\/\">\n\t\t\t\t\t\t<span class=\"elementor-button-content-wrapper\">\n\t\t\t\t\t\t<span class=\"elementor-button-icon\">\n\t\t\t\t<i aria-hidden=\"true\" class=\"fas fa-arrow-left\"><\/i>\t\t\t<\/span>\n\t\t\t\t\t\t\t\t\t<span class=\"elementor-button-text\">ATR\u00c1S<\/span>\n\t\t\t\t\t<\/span>\n\t\t\t\t\t<\/a>\n\t\t\t\t<\/div>\n\t\t\t\t\t\t<\/div>\n\t\t\t\t<\/div>\n\t\t\t\t\t<\/div>\n\t\t<\/div>\n\t\t\t\t<div class=\"elementor-column elementor-col-33 elementor-inner-column elementor-element elementor-element-4d23888\" data-id=\"4d23888\" data-element_type=\"column\">\n\t\t\t<div class=\"elementor-widget-wrap\">\n\t\t\t\t\t\t\t<\/div>\n\t\t<\/div>\n\t\t\t\t<div class=\"elementor-column elementor-col-33 elementor-inner-column elementor-element elementor-element-ea4fe31\" data-id=\"ea4fe31\" data-element_type=\"column\">\n\t\t\t<div class=\"elementor-widget-wrap elementor-element-populated\">\n\t\t\t\t\t\t<div class=\"elementor-element elementor-element-4e9bafd elementor-align-justify elementor-widget__width-inherit elementor-widget elementor-widget-button\" data-id=\"4e9bafd\" data-element_type=\"widget\" data-widget_type=\"button.default\">\n\t\t\t\t<div class=\"elementor-widget-container\">\n\t\t\t\t\t\t\t<div class=\"elementor-button-wrapper\">\n\t\t\t\t\t<a class=\"elementor-button elementor-button-link elementor-size-md\" href=\"https:\/\/www.undar.edu.pe\/index.php\/2025\/09\/02\/undar-obtiene-certificacion-itse-que-garantiza-condiciones-de-seguridad-en-su-sede-central\/\">\n\t\t\t\t\t\t<span class=\"elementor-button-content-wrapper\">\n\t\t\t\t\t\t<span class=\"elementor-button-icon\">\n\t\t\t\t<i aria-hidden=\"true\" class=\"fas fa-arrow-right\"><\/i>\t\t\t<\/span>\n\t\t\t\t\t\t\t\t\t<span class=\"elementor-button-text\">SIGUIENTE<\/span>\n\t\t\t\t\t<\/span>\n\t\t\t\t\t<\/a>\n\t\t\t\t<\/div>\n\t\t\t\t\t\t<\/div>\n\t\t\t\t<\/div>\n\t\t\t\t\t<\/div>\n\t\t<\/div>\n\t\t\t\t\t<\/div>\n\t\t<\/section>\n\t\t\t\t<div class=\"elementor-element elementor-element-aa8fe31 elementor-widget elementor-widget-text-editor\" data-id=\"aa8fe31\" data-element_type=\"widget\" data-widget_type=\"text-editor.default\">\n\t\t\t\t<div class=\"elementor-widget-container\">\n\t\t\t\t\t\t\t<p><span style=\"color: #4b4f58; font-size: 15px;\"><button id=\"listenButton1\" class=\"responsivevoice-button\" type=\"button\" value=\"Play\" title=\"ResponsiveVoice Tap to Start\/Stop Speech\"><span>&#128266; Listen to this<\/span><\/button>\n        <script>\n            listenButton1.onclick = function(){\n                if(responsiveVoice.isPlaying()){\n                    responsiveVoice.cancel();\n                }else{\n                    responsiveVoice.speak(\"UNDAR Y C\u00c1MARA DE COMERCIO REALIZARON EL CONVERSATORIO \u201cM\u00daSICA E IDENTIDAD\u201d EN HU\u00c1NUCO La Universidad Nacional Daniel Alom\u00eda Robles (UNDAR), a trav\u00e9s de la Direcci\u00f3n de Incubadora de Empresas, en coordinaci\u00f3n con la C\u00e1mara de Comercio e Industrias de Hu\u00e1nuco, llev\u00f3 a cabo el conversatorio \u201cM\u00fasica e Identidad\u201d, el martes 26 de agosto de 2025, en el auditorio Roel Edgardo Tarazona Padilla con motivo de los 100 a\u00f1os de vida institucional de la c\u00e1mara.El encuentro, enmarcado en la Semana de Identidad, tuvo como objetivo fortalecer los lazos entre el sector acad\u00e9mico, empresarial y art\u00edstico, resaltando la m\u00fasica como motor de identidad cultural y desarrollo econ\u00f3mico.La ceremonia cont\u00f3 con las palabras de bienvenida del Dr. Benjamin Velazco Reyes, presidente de la Comisi\u00f3n Organizadora de la UNDAR, y con la apertura del Sr. Miguel \u00c1ngel Berrospi Jara, presidente de la C\u00e1mara de Comercio e Industrias de Hu\u00e1nuco. Ambos coincidieron en la necesidad de articular esfuerzos para impulsar la cultura musical de la regi\u00f3n.Los ejes desarrollados fueron: 1) Estrategias para la formalizaci\u00f3n y empleabilidad en el sector art\u00edstico, 2) Innovaci\u00f3n y digitalizaci\u00f3n en la industria art\u00edstico-musical, 3) Creaci\u00f3n de un gremio de empresarios art\u00edsticos en la C\u00e1mara de Comercio e Industrias de Hu\u00e1nuco, y 4) Alianzas estrat\u00e9gicas entre universidades, empresarios y artistas.En calidad de invitados clave participaron Erika Calixto Ram\u00edrez, coordinadora sectorial del Ministerio de Producci\u00f3n; Mgtr. Fabio Rodr\u00edguez Mel\u00e9ndez, jefe de la Oficina de Tecnolog\u00edas de la Informaci\u00f3n; Mgtr. Miguel \u00c1ngel Berrospi Jara, presidente de la C\u00e1mara de Comercio e Industrias de Hu\u00e1nuco; y Dr. Benjamin Velazco Reyes, presidente de la Comisi\u00f3n Organizadora de la Universidad Nacional Daniel Alom\u00eda Robles. Como panelistas intervinieron el Dr. F\u00e9lix Arturo Caldas y Caballero, coordinador de la Facultad de M\u00fasica; Mgtr. Freddy Omar Majino Gargate, responsable del Departamento Acad\u00e9mico de M\u00fasica; Sr. El\u00edas Valdivia Jara, representante del Gran Complejo Cultural Hu\u00e1nuco; y Sr. Fredy Niceto Dom\u00ednguez Ram\u00edrez, presidente de la Asociaci\u00f3n de M\u00fasicos Daniel Alom\u00eda Robles \u2013 Hu\u00e1nuco.La parte cultural estuvo a cargo del Cuarteto de Sax Hu\u00e1nuco de la UNDAR y de los solistas Mgtr. F\u00e9lix Hip\u00f3lito Echevarr\u00eda Ram\u00edrez, coordinador de la Facultad de Educaci\u00f3n Musical, y Artes y el maestro Abel Luis Paulino Ponce, quienes ofrecieron un repertorio que puso en valor el talento regional.El evento concluy\u00f3 con la intervenci\u00f3n del Sr. Miguel \u00c1ngel Berrospi Jara, quien expuso los compromisos asumidos por la C\u00e1mara de Comercio, y con las palabras de cierre de la Dra. Delma Flores Farf\u00e1n, vicepresidenta de Investigaci\u00f3n de la UNDAR, quien reafirm\u00f3 el compromiso institucional de promover la m\u00fasica como patrimonio cultural y factor de desarrollo sostenible para Hu\u00e1nuco.\u00a0 ATR\u00c1S SIGUIENTE \u00a0\", \"UK English Female\");\n                }\n            };\n        <\/script>\n    <\/span><span style=\"color: #4b4f58; font-size: 15px;\">\u00a0<\/span><\/p>\t\t\t\t\t\t<\/div>\n\t\t\t\t<\/div>\n\t\t\t\t\t<\/div>\n\t\t<\/div>\n\t\t\t\t\t<\/div>\n\t\t<\/section>\n\t\t\t\t<\/div>\n\t\t","protected":false},"excerpt":{"rendered":"<p>La Universidad Nacional Daniel Alom\u00eda Robles (UNDAR), a trav\u00e9s de la Direcci\u00f3n de Incubadora de Empresas, en coordinaci\u00f3n con la C\u00e1mara de Comercio e Industrias de  (&#8230;)<\/p>\n","protected":false},"author":1,"featured_media":63590,"comment_status":"closed","ping_status":"closed","sticky":false,"template":"elementor_canvas","format":"standard","meta":{"_uf_show_specific_survey":0,"_uf_disable_surveys":false,"footnotes":""},"categories":[7],"tags":[],"class_list":["post-63588","post","type-post","status-publish","format-standard","has-post-thumbnail","hentry","category-noticias"],"aioseo_notices":[],"_links":{"self":[{"href":"http:\/\/www.undar.edu.pe\/index.php\/wp-json\/wp\/v2\/posts\/63588","targetHints":{"allow":["GET"]}}],"collection":[{"href":"http:\/\/www.undar.edu.pe\/index.php\/wp-json\/wp\/v2\/posts"}],"about":[{"href":"http:\/\/www.undar.edu.pe\/index.php\/wp-json\/wp\/v2\/types\/post"}],"author":[{"embeddable":true,"href":"http:\/\/www.undar.edu.pe\/index.php\/wp-json\/wp\/v2\/users\/1"}],"replies":[{"embeddable":true,"href":"http:\/\/www.undar.edu.pe\/index.php\/wp-json\/wp\/v2\/comments?post=63588"}],"version-history":[{"count":11,"href":"http:\/\/www.undar.edu.pe\/index.php\/wp-json\/wp\/v2\/posts\/63588\/revisions"}],"predecessor-version":[{"id":63632,"href":"http:\/\/www.undar.edu.pe\/index.php\/wp-json\/wp\/v2\/posts\/63588\/revisions\/63632"}],"wp:featuredmedia":[{"embeddable":true,"href":"http:\/\/www.undar.edu.pe\/index.php\/wp-json\/wp\/v2\/media\/63590"}],"wp:attachment":[{"href":"http:\/\/www.undar.edu.pe\/index.php\/wp-json\/wp\/v2\/media?parent=63588"}],"wp:term":[{"taxonomy":"category","embeddable":true,"href":"http:\/\/www.undar.edu.pe\/index.php\/wp-json\/wp\/v2\/categories?post=63588"},{"taxonomy":"post_tag","embeddable":true,"href":"http:\/\/www.undar.edu.pe\/index.php\/wp-json\/wp\/v2\/tags?post=63588"}],"curies":[{"name":"wp","href":"https:\/\/api.w.org\/{rel}","templated":true}]}}