{"id":63124,"date":"2025-07-09T12:03:07","date_gmt":"2025-07-09T17:03:07","guid":{"rendered":"http:\/\/www.undar.edu.pe\/?p=63124"},"modified":"2025-08-28T00:42:06","modified_gmt":"2025-08-28T05:42:06","slug":"undar-fortalece-alianzas-estrategicas-en-salud-durante-ii-reunion-ejecutiva-interinstitucional-en-huanuco","status":"publish","type":"post","link":"http:\/\/www.undar.edu.pe\/index.php\/2025\/07\/09\/undar-fortalece-alianzas-estrategicas-en-salud-durante-ii-reunion-ejecutiva-interinstitucional-en-huanuco\/","title":{"rendered":"UNDAR FORTALECE ALIANZAS ESTRAT\u00c9GICAS EN SALUD DURANTE II REUNI\u00d3N EJECUTIVA INTERINSTITUCIONAL EN HU\u00c1NUCO"},"content":{"rendered":"\t\t<div data-elementor-type=\"wp-post\" data-elementor-id=\"63124\" class=\"elementor elementor-63124\" data-elementor-post-type=\"post\">\n\t\t\t\t\t\t<section class=\"elementor-section elementor-top-section elementor-element elementor-element-18871c0f elementor-section-boxed elementor-section-height-default elementor-section-height-default\" data-id=\"18871c0f\" data-element_type=\"section\">\n\t\t\t\t\t\t<div class=\"elementor-container elementor-column-gap-default\">\n\t\t\t\t\t<div class=\"elementor-column elementor-col-100 elementor-top-column elementor-element elementor-element-40331c9a\" data-id=\"40331c9a\" data-element_type=\"column\">\n\t\t\t<div class=\"elementor-widget-wrap elementor-element-populated\">\n\t\t\t\t\t\t<div class=\"elementor-element elementor-element-8e07069 elementor-widget elementor-widget-heading\" data-id=\"8e07069\" data-element_type=\"widget\" data-widget_type=\"heading.default\">\n\t\t\t\t<div class=\"elementor-widget-container\">\n\t\t\t<h4 class=\"elementor-heading-title elementor-size-default\">UNDAR FORTALECE ALIANZAS ESTRAT\u00c9GICAS EN SALUD DURANTE II REUNI\u00d3N EJECUTIVA INTERINSTITUCIONAL EN HU\u00c1NUCO<\/h4>\t\t<\/div>\n\t\t\t\t<\/div>\n\t\t\t\t<div class=\"elementor-element elementor-element-4664c16 elementor-widget__width-initial elementor-widget elementor-widget-image\" data-id=\"4664c16\" data-element_type=\"widget\" data-widget_type=\"image.default\">\n\t\t\t\t<div class=\"elementor-widget-container\">\n\t\t\t\t\t\t\t\t\t\t\t\t\t<img fetchpriority=\"high\" decoding=\"async\" width=\"580\" height=\"385\" src=\"http:\/\/www.undar.edu.pe\/wp-content\/uploads\/2025\/07\/CONVENIO-UNHEVAL.gif\" class=\"attachment-medium_large size-medium_large wp-image-63150\" alt=\"Banner de noticias: Fotos con la UNHEVAL\" \/>\t\t\t\t\t\t\t\t\t\t\t\t\t<\/div>\n\t\t\t\t<\/div>\n\t\t\t\t<div class=\"elementor-element elementor-element-be5b4c8 elementor-widget elementor-widget-spacer\" data-id=\"be5b4c8\" data-element_type=\"widget\" data-widget_type=\"spacer.default\">\n\t\t\t\t<div class=\"elementor-widget-container\">\n\t\t\t\t\t<div class=\"elementor-spacer\">\n\t\t\t<div class=\"elementor-spacer-inner\"><\/div>\n\t\t<\/div>\n\t\t\t\t<\/div>\n\t\t\t\t<\/div>\n\t\t\t\t<div class=\"elementor-element elementor-element-35352b80 elementor-widget elementor-widget-text-editor\" data-id=\"35352b80\" data-element_type=\"widget\" data-widget_type=\"text-editor.default\">\n\t\t\t\t<div class=\"elementor-widget-container\">\n\t\t\t\t\t\t\t<p>Con el firme compromiso de impulsar la investigaci\u00f3n, la innovaci\u00f3n y la articulaci\u00f3n entre instituciones de educaci\u00f3n superior en favor de la salud p\u00fablica regional, la Universidad Nacional Daniel Alom\u00eda Robles (UNDAR) particip\u00f3 activamente en la II Reuni\u00f3n Ejecutiva para la firma del convenio marco de cooperaci\u00f3n interinstitucional en salud, realizada en las instalaciones de la Universidad Nacional Hermilio Valdiz\u00e1n (UNHEVAL).<\/p>\n<p>En representaci\u00f3n de la UNDAR, asistieron el Dr. Benjamin Velazco Reyes, presidente de la Comisi\u00f3n Organizadora, y la Dra. Delma Flores Farf\u00e1n, vicepresidenta de Investigaci\u00f3n, quienes reafirmaron el compromiso institucional con el trabajo conjunto para el desarrollo de proyectos orientados a mejorar la calidad de vida de la poblaci\u00f3n huanuque\u00f1a.<\/p>\n<p>El convenio fue suscrito entre la UNHEVAL, el Instituto Nacional de Salud (INS) y la Direcci\u00f3n Regional de Salud (DIRESA) Hu\u00e1nuco, y tiene como finalidad fomentar la investigaci\u00f3n cient\u00edfica, la formaci\u00f3n acad\u00e9mica, las pasant\u00edas, la transferencia tecnol\u00f3gica y el uso compartido de laboratorios, entre otras acciones estrat\u00e9gicas.<\/p>\n<p>Durante el evento, el titular de la UNDAR, Dr. Benjamin Velazco Reyes, destac\u00f3 la importancia de esta alianza y el compromiso asumido para afrontar los problemas de salud que aqueja a la sociedad, en especial, la salud mental que hoy en d\u00eda es uno de los problemas con mayor \u00edndice en la poblaci\u00f3n y, mediante proyectos de musicoterapia, se busca afrontar y reducir dichos \u00edndices.<\/p>\n<p>Con esta participaci\u00f3n, la UNDAR reafirma su rol protag\u00f3nico en la promoci\u00f3n del desarrollo regional y en la construcci\u00f3n de una comunidad cient\u00edfica comprometida con las necesidades reales de la poblaci\u00f3n.<\/p>\t\t\t\t\t\t<\/div>\n\t\t\t\t<\/div>\n\t\t\t\t<div class=\"elementor-element elementor-element-f83af45 elementor-share-buttons--view-icon elementor-share-buttons--skin-minimal elementor-share-buttons--shape-circle elementor-share-buttons--align-center elementor-grid-0 elementor-share-buttons--color-official elementor-widget elementor-widget-share-buttons\" data-id=\"f83af45\" data-element_type=\"widget\" data-widget_type=\"share-buttons.default\">\n\t\t\t\t<div class=\"elementor-widget-container\">\n\t\t\t\t\t<div class=\"elementor-grid\">\n\t\t\t\t\t\t\t\t<div class=\"elementor-grid-item\">\n\t\t\t\t\t\t<div\n\t\t\t\t\t\t\tclass=\"elementor-share-btn elementor-share-btn_facebook\"\n\t\t\t\t\t\t\trole=\"button\"\n\t\t\t\t\t\t\ttabindex=\"0\"\n\t\t\t\t\t\t\taria-label=\"Compartir en facebook\"\n\t\t\t\t\t\t>\n\t\t\t\t\t\t\t\t\t\t\t\t\t\t\t<span class=\"elementor-share-btn__icon\">\n\t\t\t\t\t\t\t\t<i class=\"fab fa-facebook\" aria-hidden=\"true\"><\/i>\t\t\t\t\t\t\t<\/span>\n\t\t\t\t\t\t\t\t\t\t\t\t\t\t\t\t\t\t\t\t<\/div>\n\t\t\t\t\t<\/div>\n\t\t\t\t\t\t\t\t\t<div class=\"elementor-grid-item\">\n\t\t\t\t\t\t<div\n\t\t\t\t\t\t\tclass=\"elementor-share-btn elementor-share-btn_twitter\"\n\t\t\t\t\t\t\trole=\"button\"\n\t\t\t\t\t\t\ttabindex=\"0\"\n\t\t\t\t\t\t\taria-label=\"Compartir en twitter\"\n\t\t\t\t\t\t>\n\t\t\t\t\t\t\t\t\t\t\t\t\t\t\t<span class=\"elementor-share-btn__icon\">\n\t\t\t\t\t\t\t\t<i class=\"fab fa-twitter\" aria-hidden=\"true\"><\/i>\t\t\t\t\t\t\t<\/span>\n\t\t\t\t\t\t\t\t\t\t\t\t\t\t\t\t\t\t\t\t<\/div>\n\t\t\t\t\t<\/div>\n\t\t\t\t\t\t\t\t\t<div class=\"elementor-grid-item\">\n\t\t\t\t\t\t<div\n\t\t\t\t\t\t\tclass=\"elementor-share-btn elementor-share-btn_linkedin\"\n\t\t\t\t\t\t\trole=\"button\"\n\t\t\t\t\t\t\ttabindex=\"0\"\n\t\t\t\t\t\t\taria-label=\"Compartir en linkedin\"\n\t\t\t\t\t\t>\n\t\t\t\t\t\t\t\t\t\t\t\t\t\t\t<span class=\"elementor-share-btn__icon\">\n\t\t\t\t\t\t\t\t<i class=\"fab fa-linkedin\" aria-hidden=\"true\"><\/i>\t\t\t\t\t\t\t<\/span>\n\t\t\t\t\t\t\t\t\t\t\t\t\t\t\t\t\t\t\t\t<\/div>\n\t\t\t\t\t<\/div>\n\t\t\t\t\t\t<\/div>\n\t\t\t\t<\/div>\n\t\t\t\t<\/div>\n\t\t\t\t<section class=\"elementor-section elementor-inner-section elementor-element elementor-element-4bfc828 elementor-section-boxed elementor-section-height-default elementor-section-height-default\" data-id=\"4bfc828\" data-element_type=\"section\">\n\t\t\t\t\t\t<div class=\"elementor-container elementor-column-gap-default\">\n\t\t\t\t\t<div class=\"elementor-column elementor-col-33 elementor-inner-column elementor-element elementor-element-231c783\" data-id=\"231c783\" data-element_type=\"column\">\n\t\t\t<div class=\"elementor-widget-wrap elementor-element-populated\">\n\t\t\t\t\t\t<div class=\"elementor-element elementor-element-2845b88 elementor-align-justify elementor-widget__width-inherit elementor-widget elementor-widget-button\" data-id=\"2845b88\" data-element_type=\"widget\" data-widget_type=\"button.default\">\n\t\t\t\t<div class=\"elementor-widget-container\">\n\t\t\t\t\t\t\t<div class=\"elementor-button-wrapper\">\n\t\t\t\t\t<a class=\"elementor-button elementor-button-link elementor-size-md\" href=\"https:\/\/www.undar.edu.pe\/index.php\/2025\/06\/27\/undar-inauguro-dos-modernos-ascensores-en-beneficio-de-la-comunidad-universitaria-de-la-undar\/\">\n\t\t\t\t\t\t<span class=\"elementor-button-content-wrapper\">\n\t\t\t\t\t\t<span class=\"elementor-button-icon\">\n\t\t\t\t<i aria-hidden=\"true\" class=\"fas fa-arrow-left\"><\/i>\t\t\t<\/span>\n\t\t\t\t\t\t\t\t\t<span class=\"elementor-button-text\">ATR\u00c1S<\/span>\n\t\t\t\t\t<\/span>\n\t\t\t\t\t<\/a>\n\t\t\t\t<\/div>\n\t\t\t\t\t\t<\/div>\n\t\t\t\t<\/div>\n\t\t\t\t\t<\/div>\n\t\t<\/div>\n\t\t\t\t<div class=\"elementor-column elementor-col-33 elementor-inner-column elementor-element elementor-element-4d23888\" data-id=\"4d23888\" data-element_type=\"column\">\n\t\t\t<div class=\"elementor-widget-wrap\">\n\t\t\t\t\t\t\t<\/div>\n\t\t<\/div>\n\t\t\t\t<div class=\"elementor-column elementor-col-33 elementor-inner-column elementor-element elementor-element-ea4fe31\" data-id=\"ea4fe31\" data-element_type=\"column\">\n\t\t\t<div class=\"elementor-widget-wrap elementor-element-populated\">\n\t\t\t\t\t\t<div class=\"elementor-element elementor-element-4e9bafd elementor-align-justify elementor-widget__width-inherit elementor-widget elementor-widget-button\" data-id=\"4e9bafd\" data-element_type=\"widget\" data-widget_type=\"button.default\">\n\t\t\t\t<div class=\"elementor-widget-container\">\n\t\t\t\t\t\t\t<div class=\"elementor-button-wrapper\">\n\t\t\t\t\t<a class=\"elementor-button elementor-button-link elementor-size-md\" href=\"#\">\n\t\t\t\t\t\t<span class=\"elementor-button-content-wrapper\">\n\t\t\t\t\t\t<span class=\"elementor-button-icon\">\n\t\t\t\t<i aria-hidden=\"true\" class=\"fas fa-arrow-right\"><\/i>\t\t\t<\/span>\n\t\t\t\t\t\t\t\t\t<span class=\"elementor-button-text\">SIGUIENTE<\/span>\n\t\t\t\t\t<\/span>\n\t\t\t\t\t<\/a>\n\t\t\t\t<\/div>\n\t\t\t\t\t\t<\/div>\n\t\t\t\t<\/div>\n\t\t\t\t\t<\/div>\n\t\t<\/div>\n\t\t\t\t\t<\/div>\n\t\t<\/section>\n\t\t\t\t<div class=\"elementor-element elementor-element-aa8fe31 elementor-widget elementor-widget-text-editor\" data-id=\"aa8fe31\" data-element_type=\"widget\" data-widget_type=\"text-editor.default\">\n\t\t\t\t<div class=\"elementor-widget-container\">\n\t\t\t\t\t\t\t<p><span style=\"color: #4b4f58; font-size: 15px;\"><button id=\"listenButton1\" class=\"responsivevoice-button\" type=\"button\" value=\"Play\" title=\"ResponsiveVoice Tap to Start\/Stop Speech\"><span>&#128266; Listen to this<\/span><\/button>\n        <script>\n            listenButton1.onclick = function(){\n                if(responsiveVoice.isPlaying()){\n                    responsiveVoice.cancel();\n                }else{\n                    responsiveVoice.speak(\"UNDAR FORTALECE ALIANZAS ESTRAT\u00c9GICAS EN SALUD DURANTE II REUNI\u00d3N EJECUTIVA INTERINSTITUCIONAL EN HU\u00c1NUCO Con el firme compromiso de impulsar la investigaci\u00f3n, la innovaci\u00f3n y la articulaci\u00f3n entre instituciones de educaci\u00f3n superior en favor de la salud p\u00fablica regional, la Universidad Nacional Daniel Alom\u00eda Robles (UNDAR) particip\u00f3 activamente en la II Reuni\u00f3n Ejecutiva para la firma del convenio marco de cooperaci\u00f3n interinstitucional en salud, realizada en las instalaciones de la Universidad Nacional Hermilio Valdiz\u00e1n (UNHEVAL). En representaci\u00f3n de la UNDAR, asistieron el Dr. Benjamin Velazco Reyes, presidente de la Comisi\u00f3n Organizadora, y la Dra. Delma Flores Farf\u00e1n, vicepresidenta de Investigaci\u00f3n, quienes reafirmaron el compromiso institucional con el trabajo conjunto para el desarrollo de proyectos orientados a mejorar la calidad de vida de la poblaci\u00f3n huanuque\u00f1a. El convenio fue suscrito entre la UNHEVAL, el Instituto Nacional de Salud (INS) y la Direcci\u00f3n Regional de Salud (DIRESA) Hu\u00e1nuco, y tiene como finalidad fomentar la investigaci\u00f3n cient\u00edfica, la formaci\u00f3n acad\u00e9mica, las pasant\u00edas, la transferencia tecnol\u00f3gica y el uso compartido de laboratorios, entre otras acciones estrat\u00e9gicas. Durante el evento, el titular de la UNDAR, Dr. Benjamin Velazco Reyes, destac\u00f3 la importancia de esta alianza y el compromiso asumido para afrontar los problemas de salud que aqueja a la sociedad, en especial, la salud mental que hoy en d\u00eda es uno de los problemas con mayor \u00edndice en la poblaci\u00f3n y, mediante proyectos de musicoterapia, se busca afrontar y reducir dichos \u00edndices. Con esta participaci\u00f3n, la UNDAR reafirma su rol protag\u00f3nico en la promoci\u00f3n del desarrollo regional y en la construcci\u00f3n de una comunidad cient\u00edfica comprometida con las necesidades reales de la poblaci\u00f3n. ATR\u00c1S SIGUIENTE \u00a0\", \"UK English Female\");\n                }\n            };\n        <\/script>\n    <\/span><span style=\"color: #4b4f58; font-size: 15px;\">\u00a0<\/span><\/p>\t\t\t\t\t\t<\/div>\n\t\t\t\t<\/div>\n\t\t\t\t\t<\/div>\n\t\t<\/div>\n\t\t\t\t\t<\/div>\n\t\t<\/section>\n\t\t\t\t<\/div>\n\t\t","protected":false},"excerpt":{"rendered":"<p>Con el firme compromiso de impulsar la investigaci\u00f3n, la innovaci\u00f3n y la articulaci\u00f3n entre instituciones de educaci\u00f3n superior en favor de la salud p\u00fablica regional, la (&#8230;)<\/p>\n","protected":false},"author":1,"featured_media":63150,"comment_status":"closed","ping_status":"closed","sticky":false,"template":"elementor_canvas","format":"standard","meta":{"_uf_show_specific_survey":0,"_uf_disable_surveys":false,"footnotes":""},"categories":[7],"tags":[],"class_list":["post-63124","post","type-post","status-publish","format-standard","has-post-thumbnail","hentry","category-noticias"],"aioseo_notices":[],"_links":{"self":[{"href":"http:\/\/www.undar.edu.pe\/index.php\/wp-json\/wp\/v2\/posts\/63124","targetHints":{"allow":["GET"]}}],"collection":[{"href":"http:\/\/www.undar.edu.pe\/index.php\/wp-json\/wp\/v2\/posts"}],"about":[{"href":"http:\/\/www.undar.edu.pe\/index.php\/wp-json\/wp\/v2\/types\/post"}],"author":[{"embeddable":true,"href":"http:\/\/www.undar.edu.pe\/index.php\/wp-json\/wp\/v2\/users\/1"}],"replies":[{"embeddable":true,"href":"http:\/\/www.undar.edu.pe\/index.php\/wp-json\/wp\/v2\/comments?post=63124"}],"version-history":[{"count":11,"href":"http:\/\/www.undar.edu.pe\/index.php\/wp-json\/wp\/v2\/posts\/63124\/revisions"}],"predecessor-version":[{"id":63561,"href":"http:\/\/www.undar.edu.pe\/index.php\/wp-json\/wp\/v2\/posts\/63124\/revisions\/63561"}],"wp:featuredmedia":[{"embeddable":true,"href":"http:\/\/www.undar.edu.pe\/index.php\/wp-json\/wp\/v2\/media\/63150"}],"wp:attachment":[{"href":"http:\/\/www.undar.edu.pe\/index.php\/wp-json\/wp\/v2\/media?parent=63124"}],"wp:term":[{"taxonomy":"category","embeddable":true,"href":"http:\/\/www.undar.edu.pe\/index.php\/wp-json\/wp\/v2\/categories?post=63124"},{"taxonomy":"post_tag","embeddable":true,"href":"http:\/\/www.undar.edu.pe\/index.php\/wp-json\/wp\/v2\/tags?post=63124"}],"curies":[{"name":"wp","href":"https:\/\/api.w.org\/{rel}","templated":true}]}}