{"id":63064,"date":"2025-07-01T13:26:05","date_gmt":"2025-07-01T18:26:05","guid":{"rendered":"http:\/\/www.undar.edu.pe\/?p=63064"},"modified":"2025-07-01T16:10:26","modified_gmt":"2025-07-01T21:10:26","slug":"undar-fortalece-lazos-academicos-con-historica-visita-a-la-facultad-de-educacion-de-la-unmsm","status":"publish","type":"post","link":"http:\/\/www.undar.edu.pe\/index.php\/2025\/07\/01\/undar-fortalece-lazos-academicos-con-historica-visita-a-la-facultad-de-educacion-de-la-unmsm\/","title":{"rendered":"UNDAR FORTALECE LAZOS ACAD\u00c9MICOS CON HIST\u00d3RICA VISITA A LA FACULTAD DE EDUCACI\u00d3N DE LA UNMSM"},"content":{"rendered":"\t\t<div data-elementor-type=\"wp-post\" data-elementor-id=\"63064\" class=\"elementor elementor-63064\" data-elementor-post-type=\"post\">\n\t\t\t\t\t\t<section class=\"elementor-section elementor-top-section elementor-element elementor-element-18871c0f elementor-section-boxed elementor-section-height-default elementor-section-height-default\" data-id=\"18871c0f\" data-element_type=\"section\">\n\t\t\t\t\t\t<div class=\"elementor-container elementor-column-gap-default\">\n\t\t\t\t\t<div class=\"elementor-column elementor-col-100 elementor-top-column elementor-element elementor-element-40331c9a\" data-id=\"40331c9a\" data-element_type=\"column\">\n\t\t\t<div class=\"elementor-widget-wrap elementor-element-populated\">\n\t\t\t\t\t\t<div class=\"elementor-element elementor-element-8e07069 elementor-widget elementor-widget-heading\" data-id=\"8e07069\" data-element_type=\"widget\" data-widget_type=\"heading.default\">\n\t\t\t\t<div class=\"elementor-widget-container\">\n\t\t\t<h4 class=\"elementor-heading-title elementor-size-default\">UNDAR FORTALECE LAZOS ACAD\u00c9MICOS CON HIST\u00d3RICA VISITA A LA FACULTAD DE EDUCACI\u00d3N DE LA UNMSM<\/h4>\t\t<\/div>\n\t\t\t\t<\/div>\n\t\t\t\t<div class=\"elementor-element elementor-element-4664c16 elementor-widget__width-initial elementor-widget elementor-widget-image\" data-id=\"4664c16\" data-element_type=\"widget\" data-widget_type=\"image.default\">\n\t\t\t\t<div class=\"elementor-widget-container\">\n\t\t\t\t\t\t\t\t\t\t\t\t\t<img fetchpriority=\"high\" decoding=\"async\" width=\"580\" height=\"385\" src=\"http:\/\/www.undar.edu.pe\/wp-content\/uploads\/2025\/07\/01-07.gif\" class=\"attachment-medium_large size-medium_large wp-image-63070\" alt=\"Banner de noticias: Fotos visita a la faculta de educaci\u00f3n de la UNMSM\" \/>\t\t\t\t\t\t\t\t\t\t\t\t\t<\/div>\n\t\t\t\t<\/div>\n\t\t\t\t<div class=\"elementor-element elementor-element-be5b4c8 elementor-widget elementor-widget-spacer\" data-id=\"be5b4c8\" data-element_type=\"widget\" data-widget_type=\"spacer.default\">\n\t\t\t\t<div class=\"elementor-widget-container\">\n\t\t\t\t\t<div class=\"elementor-spacer\">\n\t\t\t<div class=\"elementor-spacer-inner\"><\/div>\n\t\t<\/div>\n\t\t\t\t<\/div>\n\t\t\t\t<\/div>\n\t\t\t\t<div class=\"elementor-element elementor-element-35352b80 elementor-widget elementor-widget-text-editor\" data-id=\"35352b80\" data-element_type=\"widget\" data-widget_type=\"text-editor.default\">\n\t\t\t\t<div class=\"elementor-widget-container\">\n\t\t\t\t\t\t\t<p>En el marco del fortalecimiento de la cooperaci\u00f3n interinstitucional, la Universidad Nacional Daniel Alom\u00eda Robles (UNDAR) de Hu\u00e1nuco protagoniz\u00f3 una destacada visita acad\u00e9mica a la prestigiosa Facultad de Educaci\u00f3n de la Universidad Nacional Mayor de San Marcos (UNMSM), considerada la Decana de Am\u00e9rica.<\/p><p><br>\nEn representaci\u00f3n de la UNDAR, participaron el mag\u00edster Huberto Tito Hinostroza Robles, responsable del Departamento Acad\u00e9mico de Estudios Generales, y la doctora Betty Le\u00f3n Trujillo, quienes fueron recibidos con cordialidad y reconocimiento por las autoridades sanmarquinas: el decano Dr. Edgar Dami\u00e1n N\u00fa\u00f1ez, los vicedecanos Dr. Hernando D\u00edaz Dr. Miguel Inga Arias, as\u00ed como el coordinador de la visita, Dr. Gonzalo Pacheco Lay<\/p><p><br>\nLa jornada inici\u00f3 con un saludo protocolar en el despacho del decanato, seguido por un enriquecedor conversatorio en el sal\u00f3n de grados, que cont\u00f3 tambi\u00e9n con la participaci\u00f3n del profesor Xavier Fuentes y la psic\u00f3loga Erika Flores. Durante el encuentro se abordaron temas de inter\u00e9s mutuo, como los desaf\u00edos actuales en la formaci\u00f3n general universitaria, el intercambio de buenas pr\u00e1cticas docentes y futuras colaboraciones acad\u00e9micas.<\/p><p>\nComo cierre simb\u00f3lico, los representantes de la UNDAR compartieron un espacio de di\u00e1logo directo con los estudiantes del primer a\u00f1o de Estudios Generales, reafirmando su compromiso con una educaci\u00f3n superior humanista, descentralizada y de calidad.<br>\nEsta visita representa un paso importante en la articulaci\u00f3n de esfuerzos entre universidades p\u00fablicas del pa\u00eds, resaltando el rol protag\u00f3nico que viene asumiendo la UNDAR en el escenario acad\u00e9mico nacional.<\/p>\t\t\t\t\t\t<\/div>\n\t\t\t\t<\/div>\n\t\t\t\t<div class=\"elementor-element elementor-element-f83af45 elementor-share-buttons--view-icon elementor-share-buttons--skin-minimal elementor-share-buttons--shape-circle elementor-share-buttons--align-center elementor-grid-0 elementor-share-buttons--color-official elementor-widget elementor-widget-share-buttons\" data-id=\"f83af45\" data-element_type=\"widget\" data-widget_type=\"share-buttons.default\">\n\t\t\t\t<div class=\"elementor-widget-container\">\n\t\t\t\t\t<div class=\"elementor-grid\">\n\t\t\t\t\t\t\t\t<div class=\"elementor-grid-item\">\n\t\t\t\t\t\t<div\n\t\t\t\t\t\t\tclass=\"elementor-share-btn elementor-share-btn_facebook\"\n\t\t\t\t\t\t\trole=\"button\"\n\t\t\t\t\t\t\ttabindex=\"0\"\n\t\t\t\t\t\t\taria-label=\"Compartir en facebook\"\n\t\t\t\t\t\t>\n\t\t\t\t\t\t\t\t\t\t\t\t\t\t\t<span class=\"elementor-share-btn__icon\">\n\t\t\t\t\t\t\t\t<i class=\"fab fa-facebook\" aria-hidden=\"true\"><\/i>\t\t\t\t\t\t\t<\/span>\n\t\t\t\t\t\t\t\t\t\t\t\t\t\t\t\t\t\t\t\t<\/div>\n\t\t\t\t\t<\/div>\n\t\t\t\t\t\t\t\t\t<div class=\"elementor-grid-item\">\n\t\t\t\t\t\t<div\n\t\t\t\t\t\t\tclass=\"elementor-share-btn elementor-share-btn_twitter\"\n\t\t\t\t\t\t\trole=\"button\"\n\t\t\t\t\t\t\ttabindex=\"0\"\n\t\t\t\t\t\t\taria-label=\"Compartir en twitter\"\n\t\t\t\t\t\t>\n\t\t\t\t\t\t\t\t\t\t\t\t\t\t\t<span class=\"elementor-share-btn__icon\">\n\t\t\t\t\t\t\t\t<i class=\"fab fa-twitter\" aria-hidden=\"true\"><\/i>\t\t\t\t\t\t\t<\/span>\n\t\t\t\t\t\t\t\t\t\t\t\t\t\t\t\t\t\t\t\t<\/div>\n\t\t\t\t\t<\/div>\n\t\t\t\t\t\t\t\t\t<div class=\"elementor-grid-item\">\n\t\t\t\t\t\t<div\n\t\t\t\t\t\t\tclass=\"elementor-share-btn elementor-share-btn_linkedin\"\n\t\t\t\t\t\t\trole=\"button\"\n\t\t\t\t\t\t\ttabindex=\"0\"\n\t\t\t\t\t\t\taria-label=\"Compartir en linkedin\"\n\t\t\t\t\t\t>\n\t\t\t\t\t\t\t\t\t\t\t\t\t\t\t<span class=\"elementor-share-btn__icon\">\n\t\t\t\t\t\t\t\t<i class=\"fab fa-linkedin\" aria-hidden=\"true\"><\/i>\t\t\t\t\t\t\t<\/span>\n\t\t\t\t\t\t\t\t\t\t\t\t\t\t\t\t\t\t\t\t<\/div>\n\t\t\t\t\t<\/div>\n\t\t\t\t\t\t<\/div>\n\t\t\t\t<\/div>\n\t\t\t\t<\/div>\n\t\t\t\t<section class=\"elementor-section elementor-inner-section elementor-element elementor-element-4bfc828 elementor-section-boxed elementor-section-height-default elementor-section-height-default\" data-id=\"4bfc828\" data-element_type=\"section\">\n\t\t\t\t\t\t<div class=\"elementor-container elementor-column-gap-default\">\n\t\t\t\t\t<div class=\"elementor-column elementor-col-33 elementor-inner-column elementor-element elementor-element-231c783\" data-id=\"231c783\" data-element_type=\"column\">\n\t\t\t<div class=\"elementor-widget-wrap elementor-element-populated\">\n\t\t\t\t\t\t<div class=\"elementor-element elementor-element-2845b88 elementor-align-justify elementor-widget__width-inherit elementor-widget elementor-widget-button\" data-id=\"2845b88\" data-element_type=\"widget\" data-widget_type=\"button.default\">\n\t\t\t\t<div class=\"elementor-widget-container\">\n\t\t\t\t\t\t\t<div class=\"elementor-button-wrapper\">\n\t\t\t\t\t<a class=\"elementor-button elementor-button-link elementor-size-md\" href=\"https:\/\/www.undar.edu.pe\/index.php\/2025\/06\/27\/undar-inauguro-dos-modernos-ascensores-en-beneficio-de-la-comunidad-universitaria-de-la-undar\/\">\n\t\t\t\t\t\t<span class=\"elementor-button-content-wrapper\">\n\t\t\t\t\t\t<span class=\"elementor-button-icon\">\n\t\t\t\t<i aria-hidden=\"true\" class=\"fas fa-arrow-left\"><\/i>\t\t\t<\/span>\n\t\t\t\t\t\t\t\t\t<span class=\"elementor-button-text\">ATR\u00c1S<\/span>\n\t\t\t\t\t<\/span>\n\t\t\t\t\t<\/a>\n\t\t\t\t<\/div>\n\t\t\t\t\t\t<\/div>\n\t\t\t\t<\/div>\n\t\t\t\t\t<\/div>\n\t\t<\/div>\n\t\t\t\t<div class=\"elementor-column elementor-col-33 elementor-inner-column elementor-element elementor-element-4d23888\" data-id=\"4d23888\" data-element_type=\"column\">\n\t\t\t<div class=\"elementor-widget-wrap\">\n\t\t\t\t\t\t\t<\/div>\n\t\t<\/div>\n\t\t\t\t<div class=\"elementor-column elementor-col-33 elementor-inner-column elementor-element elementor-element-ea4fe31\" data-id=\"ea4fe31\" data-element_type=\"column\">\n\t\t\t<div class=\"elementor-widget-wrap elementor-element-populated\">\n\t\t\t\t\t\t<div class=\"elementor-element elementor-element-4e9bafd elementor-align-justify elementor-widget__width-inherit elementor-widget elementor-widget-button\" data-id=\"4e9bafd\" data-element_type=\"widget\" data-widget_type=\"button.default\">\n\t\t\t\t<div class=\"elementor-widget-container\">\n\t\t\t\t\t\t\t<div class=\"elementor-button-wrapper\">\n\t\t\t\t\t<a class=\"elementor-button elementor-button-link elementor-size-md\" href=\"#\">\n\t\t\t\t\t\t<span class=\"elementor-button-content-wrapper\">\n\t\t\t\t\t\t<span class=\"elementor-button-icon\">\n\t\t\t\t<i aria-hidden=\"true\" class=\"fas fa-arrow-right\"><\/i>\t\t\t<\/span>\n\t\t\t\t\t\t\t\t\t<span class=\"elementor-button-text\">SIGUIENTE<\/span>\n\t\t\t\t\t<\/span>\n\t\t\t\t\t<\/a>\n\t\t\t\t<\/div>\n\t\t\t\t\t\t<\/div>\n\t\t\t\t<\/div>\n\t\t\t\t\t<\/div>\n\t\t<\/div>\n\t\t\t\t\t<\/div>\n\t\t<\/section>\n\t\t\t\t<div class=\"elementor-element elementor-element-aa8fe31 elementor-widget elementor-widget-text-editor\" data-id=\"aa8fe31\" data-element_type=\"widget\" data-widget_type=\"text-editor.default\">\n\t\t\t\t<div class=\"elementor-widget-container\">\n\t\t\t\t\t\t\t<p><span style=\"color: #4b4f58; font-size: 15px;\"><button id=\"listenButton1\" class=\"responsivevoice-button\" type=\"button\" value=\"Play\" title=\"ResponsiveVoice Tap to Start\/Stop Speech\"><span>&#128266; Listen to this<\/span><\/button>\n        <script>\n            listenButton1.onclick = function(){\n                if(responsiveVoice.isPlaying()){\n                    responsiveVoice.cancel();\n                }else{\n                    responsiveVoice.speak(\"UNDAR FORTALECE LAZOS ACAD\u00c9MICOS CON HIST\u00d3RICA VISITA A LA FACULTAD DE EDUCACI\u00d3N DE LA UNMSM En el marco del fortalecimiento de la cooperaci\u00f3n interinstitucional, la Universidad Nacional Daniel Alom\u00eda Robles (UNDAR) de Hu\u00e1nuco protagoniz\u00f3 una destacada visita acad\u00e9mica a la prestigiosa Facultad de Educaci\u00f3n de la Universidad Nacional Mayor de San Marcos (UNMSM), considerada la Decana de Am\u00e9rica. En representaci\u00f3n de la UNDAR, participaron el mag\u00edster Huberto Tito Hinostroza Robles, responsable del Departamento Acad\u00e9mico de Estudios Generales, y la doctora Betty Le\u00f3n Trujillo, quienes fueron recibidos con cordialidad y reconocimiento por las autoridades sanmarquinas: el decano Dr. Edgar Dami\u00e1n N\u00fa\u00f1ez, los vicedecanos Dr. Hernando D\u00edaz Dr. Miguel Inga Arias, as\u00ed como el coordinador de la visita, Dr. Gonzalo Pacheco Lay La jornada inici\u00f3 con un saludo protocolar en el despacho del decanato, seguido por un enriquecedor conversatorio en el sal\u00f3n de grados, que cont\u00f3 tambi\u00e9n con la participaci\u00f3n del profesor Xavier Fuentes y la psic\u00f3loga Erika Flores. Durante el encuentro se abordaron temas de inter\u00e9s mutuo, como los desaf\u00edos actuales en la formaci\u00f3n general universitaria, el intercambio de buenas pr\u00e1cticas docentes y futuras colaboraciones acad\u00e9micas. Como cierre simb\u00f3lico, los representantes de la UNDAR compartieron un espacio de di\u00e1logo directo con los estudiantes del primer a\u00f1o de Estudios Generales, reafirmando su compromiso con una educaci\u00f3n superior humanista, descentralizada y de calidad. Esta visita representa un paso importante en la articulaci\u00f3n de esfuerzos entre universidades p\u00fablicas del pa\u00eds, resaltando el rol protag\u00f3nico que viene asumiendo la UNDAR en el escenario acad\u00e9mico nacional. ATR\u00c1S SIGUIENTE \u00a0\", \"UK English Female\");\n                }\n            };\n        <\/script>\n    <\/span><span style=\"color: #4b4f58; font-size: 15px;\">\u00a0<\/span><\/p>\t\t\t\t\t\t<\/div>\n\t\t\t\t<\/div>\n\t\t\t\t\t<\/div>\n\t\t<\/div>\n\t\t\t\t\t<\/div>\n\t\t<\/section>\n\t\t\t\t<\/div>\n\t\t","protected":false},"excerpt":{"rendered":"<p>En el marco del fortalecimiento de la cooperaci\u00f3n interinstitucional, la Universidad Nacional Daniel Alom\u00eda Robles (UNDAR) de Hu\u00e1nuco protagoniz\u00f3 una destacada visita  (&#8230;)<\/p>\n","protected":false},"author":1,"featured_media":63070,"comment_status":"closed","ping_status":"closed","sticky":false,"template":"elementor_canvas","format":"standard","meta":{"_uf_show_specific_survey":0,"_uf_disable_surveys":false,"footnotes":""},"categories":[7],"tags":[],"class_list":["post-63064","post","type-post","status-publish","format-standard","has-post-thumbnail","hentry","category-noticias"],"aioseo_notices":[],"_links":{"self":[{"href":"http:\/\/www.undar.edu.pe\/index.php\/wp-json\/wp\/v2\/posts\/63064","targetHints":{"allow":["GET"]}}],"collection":[{"href":"http:\/\/www.undar.edu.pe\/index.php\/wp-json\/wp\/v2\/posts"}],"about":[{"href":"http:\/\/www.undar.edu.pe\/index.php\/wp-json\/wp\/v2\/types\/post"}],"author":[{"embeddable":true,"href":"http:\/\/www.undar.edu.pe\/index.php\/wp-json\/wp\/v2\/users\/1"}],"replies":[{"embeddable":true,"href":"http:\/\/www.undar.edu.pe\/index.php\/wp-json\/wp\/v2\/comments?post=63064"}],"version-history":[{"count":17,"href":"http:\/\/www.undar.edu.pe\/index.php\/wp-json\/wp\/v2\/posts\/63064\/revisions"}],"predecessor-version":[{"id":63098,"href":"http:\/\/www.undar.edu.pe\/index.php\/wp-json\/wp\/v2\/posts\/63064\/revisions\/63098"}],"wp:featuredmedia":[{"embeddable":true,"href":"http:\/\/www.undar.edu.pe\/index.php\/wp-json\/wp\/v2\/media\/63070"}],"wp:attachment":[{"href":"http:\/\/www.undar.edu.pe\/index.php\/wp-json\/wp\/v2\/media?parent=63064"}],"wp:term":[{"taxonomy":"category","embeddable":true,"href":"http:\/\/www.undar.edu.pe\/index.php\/wp-json\/wp\/v2\/categories?post=63064"},{"taxonomy":"post_tag","embeddable":true,"href":"http:\/\/www.undar.edu.pe\/index.php\/wp-json\/wp\/v2\/tags?post=63064"}],"curies":[{"name":"wp","href":"https:\/\/api.w.org\/{rel}","templated":true}]}}