{"id":63004,"date":"2025-06-27T09:00:30","date_gmt":"2025-06-27T14:00:30","guid":{"rendered":"http:\/\/www.undar.edu.pe\/?p=63004"},"modified":"2025-07-01T13:42:39","modified_gmt":"2025-07-01T18:42:39","slug":"la-undar-celebro-8-anos-de-transformacion-institucional","status":"publish","type":"post","link":"http:\/\/www.undar.edu.pe\/index.php\/2025\/06\/27\/la-undar-celebro-8-anos-de-transformacion-institucional\/","title":{"rendered":"LA UNDAR CELEBR\u00d3 8 A\u00d1OS DE TRANSFORMACI\u00d3N INSTITUCIONAL"},"content":{"rendered":"\t\t<div data-elementor-type=\"wp-post\" data-elementor-id=\"63004\" class=\"elementor elementor-63004\" data-elementor-post-type=\"post\">\n\t\t\t\t\t\t<section class=\"elementor-section elementor-top-section elementor-element elementor-element-18871c0f elementor-section-boxed elementor-section-height-default elementor-section-height-default\" data-id=\"18871c0f\" data-element_type=\"section\">\n\t\t\t\t\t\t<div class=\"elementor-container elementor-column-gap-default\">\n\t\t\t\t\t<div class=\"elementor-column elementor-col-100 elementor-top-column elementor-element elementor-element-40331c9a\" data-id=\"40331c9a\" data-element_type=\"column\">\n\t\t\t<div class=\"elementor-widget-wrap elementor-element-populated\">\n\t\t\t\t\t\t<div class=\"elementor-element elementor-element-8e07069 elementor-widget elementor-widget-heading\" data-id=\"8e07069\" data-element_type=\"widget\" data-widget_type=\"heading.default\">\n\t\t\t\t<div class=\"elementor-widget-container\">\n\t\t\t<h4 class=\"elementor-heading-title elementor-size-default\">LA UNDAR CELEBR\u00d3 8 A\u00d1OS DE TRANSFORMACI\u00d3N INSTITUCIONAL<\/h4>\t\t<\/div>\n\t\t\t\t<\/div>\n\t\t\t\t<div class=\"elementor-element elementor-element-4664c16 elementor-widget__width-initial elementor-widget elementor-widget-image\" data-id=\"4664c16\" data-element_type=\"widget\" data-widget_type=\"image.default\">\n\t\t\t\t<div class=\"elementor-widget-container\">\n\t\t\t\t\t\t\t\t\t\t\t\t\t<img fetchpriority=\"high\" decoding=\"async\" width=\"580\" height=\"385\" src=\"http:\/\/www.undar.edu.pe\/wp-content\/uploads\/2025\/06\/1.gif\" class=\"attachment-medium_large size-medium_large wp-image-63006\" alt=\"Banner de noticias: Fotos de la ceremonia por el cambio de denominaci\u00f3n de instituto a universidad\" \/>\t\t\t\t\t\t\t\t\t\t\t\t\t<\/div>\n\t\t\t\t<\/div>\n\t\t\t\t<div class=\"elementor-element elementor-element-be5b4c8 elementor-widget elementor-widget-spacer\" data-id=\"be5b4c8\" data-element_type=\"widget\" data-widget_type=\"spacer.default\">\n\t\t\t\t<div class=\"elementor-widget-container\">\n\t\t\t\t\t<div class=\"elementor-spacer\">\n\t\t\t<div class=\"elementor-spacer-inner\"><\/div>\n\t\t<\/div>\n\t\t\t\t<\/div>\n\t\t\t\t<\/div>\n\t\t\t\t<div class=\"elementor-element elementor-element-35352b80 elementor-widget elementor-widget-text-editor\" data-id=\"35352b80\" data-element_type=\"widget\" data-widget_type=\"text-editor.default\">\n\t\t\t\t<div class=\"elementor-widget-container\">\n\t\t\t\t\t\t\t<p>La Universidad Nacional Daniel Alom\u00eda Robles (UNDAR) conmemor\u00f3 el pasado 25 de junio su octavo aniversario de transformaci\u00f3n de Instituto Superior a Universidad, en un emotivo acto realizado en la sede central de la instituci\u00f3n, a partir de las 11:00 a.m.<\/p>\n<p><\/p>\n<p>La ceremonia inici\u00f3 con la entonaci\u00f3n del Himno Nacional del Per\u00fa y del Himno a Hu\u00e1nuco, actos que reflejaron el profundo respeto por la patria y la identidad regional. Posteriormente, la Dra. Delma Flores Farf\u00e1n, vicepresidenta de investigaci\u00f3n de la Comisi\u00f3n Organizadora, dio las palabras de bienvenida, resaltando el valor del trabajo conjunto que permiti\u00f3 el crecimiento de la universidad.<\/p>\n<p><\/p>\n<p>Seguidamente, la Dra. Yersely Figueroa Qui\u00f1onez, secretaria general, procedi\u00f3 con la lectura de la Ley N.\u00ba 30597, norma que marc\u00f3 el cambio de denominaci\u00f3n y el nacimiento de la UNDAR como casa superior de estudios. A continuaci\u00f3n, el Dr. Roberto Carlos C\u00e1rdenas Viviano ofreci\u00f3 una rese\u00f1a hist\u00f3rica donde expuso los principales hitos, gestiones y esfuerzos que hicieron posible esta transformaci\u00f3n.<\/p>\n<p><\/p>\n<p>Durante el evento, se desarroll\u00f3 tambi\u00e9n la charla magistral \u201cEl rol del docente universitario en el desarrollo institucional y su entorno\u201d, a cargo de la Dra. Amparo Magdalena Guti\u00e9rrez Rojas, jefa de la Oficina de Gesti\u00f3n de la Calidad de la Universidad Nacional de Trujillo, quien reflexion\u00f3 sobre el compromiso docente en los procesos de mejora institucional.<\/p>\n<p><\/p>\n<p>Las palabras centrales del acto estuvieron a cargo del Dr. Benjamin Velazco Reyes, presidente de la Comisi\u00f3n Organizadora, quien destac\u00f3 el camino recorrido y proyect\u00f3 los desaf\u00edos futuros de la universidad en el marco de la excelencia acad\u00e9mica y la responsabilidad social.<\/p>\n<p><\/p>\n<p>La jornada culmin\u00f3 con una presentaci\u00f3n musical del Taller de M\u00fasica Tradicional Huanuque\u00f1a, que rindi\u00f3 homenaje al legado art\u00edstico de la regi\u00f3n, seguida del brindis de honor dirigido por el Dr. F\u00e9lix Arturo Caldas y Caballero, coordinador(e) de la Facultad de M\u00fasica, quien expres\u00f3 gratitud por el trabajo colectivo y alent\u00f3 a continuar construyendo una universidad al servicio del pa\u00eds.<\/p>\n<p><\/p>\n<p>La UNDAR, en esta conmemoraci\u00f3n, reafirm\u00f3 su compromiso con la formaci\u00f3n profesional de calidad, la identidad cultural y la transformaci\u00f3n educativa al servicio del desarrollo del Per\u00fa.<\/p>\t\t\t\t\t\t<\/div>\n\t\t\t\t<\/div>\n\t\t\t\t<div class=\"elementor-element elementor-element-f83af45 elementor-share-buttons--view-icon elementor-share-buttons--skin-minimal elementor-share-buttons--shape-circle elementor-share-buttons--align-center elementor-grid-0 elementor-share-buttons--color-official elementor-widget elementor-widget-share-buttons\" data-id=\"f83af45\" data-element_type=\"widget\" data-widget_type=\"share-buttons.default\">\n\t\t\t\t<div class=\"elementor-widget-container\">\n\t\t\t\t\t<div class=\"elementor-grid\">\n\t\t\t\t\t\t\t\t<div class=\"elementor-grid-item\">\n\t\t\t\t\t\t<div\n\t\t\t\t\t\t\tclass=\"elementor-share-btn elementor-share-btn_facebook\"\n\t\t\t\t\t\t\trole=\"button\"\n\t\t\t\t\t\t\ttabindex=\"0\"\n\t\t\t\t\t\t\taria-label=\"Compartir en facebook\"\n\t\t\t\t\t\t>\n\t\t\t\t\t\t\t\t\t\t\t\t\t\t\t<span class=\"elementor-share-btn__icon\">\n\t\t\t\t\t\t\t\t<i class=\"fab fa-facebook\" aria-hidden=\"true\"><\/i>\t\t\t\t\t\t\t<\/span>\n\t\t\t\t\t\t\t\t\t\t\t\t\t\t\t\t\t\t\t\t<\/div>\n\t\t\t\t\t<\/div>\n\t\t\t\t\t\t\t\t\t<div class=\"elementor-grid-item\">\n\t\t\t\t\t\t<div\n\t\t\t\t\t\t\tclass=\"elementor-share-btn elementor-share-btn_twitter\"\n\t\t\t\t\t\t\trole=\"button\"\n\t\t\t\t\t\t\ttabindex=\"0\"\n\t\t\t\t\t\t\taria-label=\"Compartir en twitter\"\n\t\t\t\t\t\t>\n\t\t\t\t\t\t\t\t\t\t\t\t\t\t\t<span class=\"elementor-share-btn__icon\">\n\t\t\t\t\t\t\t\t<i class=\"fab fa-twitter\" aria-hidden=\"true\"><\/i>\t\t\t\t\t\t\t<\/span>\n\t\t\t\t\t\t\t\t\t\t\t\t\t\t\t\t\t\t\t\t<\/div>\n\t\t\t\t\t<\/div>\n\t\t\t\t\t\t\t\t\t<div class=\"elementor-grid-item\">\n\t\t\t\t\t\t<div\n\t\t\t\t\t\t\tclass=\"elementor-share-btn elementor-share-btn_linkedin\"\n\t\t\t\t\t\t\trole=\"button\"\n\t\t\t\t\t\t\ttabindex=\"0\"\n\t\t\t\t\t\t\taria-label=\"Compartir en linkedin\"\n\t\t\t\t\t\t>\n\t\t\t\t\t\t\t\t\t\t\t\t\t\t\t<span class=\"elementor-share-btn__icon\">\n\t\t\t\t\t\t\t\t<i class=\"fab fa-linkedin\" aria-hidden=\"true\"><\/i>\t\t\t\t\t\t\t<\/span>\n\t\t\t\t\t\t\t\t\t\t\t\t\t\t\t\t\t\t\t\t<\/div>\n\t\t\t\t\t<\/div>\n\t\t\t\t\t\t<\/div>\n\t\t\t\t<\/div>\n\t\t\t\t<\/div>\n\t\t\t\t<section class=\"elementor-section elementor-inner-section elementor-element elementor-element-4bfc828 elementor-section-boxed elementor-section-height-default elementor-section-height-default\" data-id=\"4bfc828\" data-element_type=\"section\">\n\t\t\t\t\t\t<div class=\"elementor-container elementor-column-gap-default\">\n\t\t\t\t\t<div class=\"elementor-column elementor-col-33 elementor-inner-column elementor-element elementor-element-231c783\" data-id=\"231c783\" data-element_type=\"column\">\n\t\t\t<div class=\"elementor-widget-wrap elementor-element-populated\">\n\t\t\t\t\t\t<div class=\"elementor-element elementor-element-2845b88 elementor-align-justify elementor-widget__width-inherit elementor-widget elementor-widget-button\" data-id=\"2845b88\" data-element_type=\"widget\" data-widget_type=\"button.default\">\n\t\t\t\t<div class=\"elementor-widget-container\">\n\t\t\t\t\t\t\t<div class=\"elementor-button-wrapper\">\n\t\t\t\t\t<a class=\"elementor-button elementor-button-link elementor-size-md\" href=\"https:\/\/www.undar.edu.pe\/index.php\/2025\/06\/25\/docentes-de-la-undar-participaron-en-la-xiii-jornada-internacional-de-investigacion-cientifica-untumbes-2025\/\">\n\t\t\t\t\t\t<span class=\"elementor-button-content-wrapper\">\n\t\t\t\t\t\t<span class=\"elementor-button-icon\">\n\t\t\t\t<i aria-hidden=\"true\" class=\"fas fa-arrow-left\"><\/i>\t\t\t<\/span>\n\t\t\t\t\t\t\t\t\t<span class=\"elementor-button-text\">ATR\u00c1S<\/span>\n\t\t\t\t\t<\/span>\n\t\t\t\t\t<\/a>\n\t\t\t\t<\/div>\n\t\t\t\t\t\t<\/div>\n\t\t\t\t<\/div>\n\t\t\t\t\t<\/div>\n\t\t<\/div>\n\t\t\t\t<div class=\"elementor-column elementor-col-33 elementor-inner-column elementor-element elementor-element-4d23888\" data-id=\"4d23888\" data-element_type=\"column\">\n\t\t\t<div class=\"elementor-widget-wrap\">\n\t\t\t\t\t\t\t<\/div>\n\t\t<\/div>\n\t\t\t\t<div class=\"elementor-column elementor-col-33 elementor-inner-column elementor-element elementor-element-ea4fe31\" data-id=\"ea4fe31\" data-element_type=\"column\">\n\t\t\t<div class=\"elementor-widget-wrap elementor-element-populated\">\n\t\t\t\t\t\t<div class=\"elementor-element elementor-element-4e9bafd elementor-align-justify elementor-widget__width-inherit elementor-widget elementor-widget-button\" data-id=\"4e9bafd\" data-element_type=\"widget\" data-widget_type=\"button.default\">\n\t\t\t\t<div class=\"elementor-widget-container\">\n\t\t\t\t\t\t\t<div class=\"elementor-button-wrapper\">\n\t\t\t\t\t<a class=\"elementor-button elementor-button-link elementor-size-md\" href=\"https:\/\/www.undar.edu.pe\/index.php\/2025\/06\/27\/undar-inauguro-dos-modernos-ascensores-en-beneficio-de-la-comunidad-universitaria-de-la-undar\/\">\n\t\t\t\t\t\t<span class=\"elementor-button-content-wrapper\">\n\t\t\t\t\t\t<span class=\"elementor-button-icon\">\n\t\t\t\t<i aria-hidden=\"true\" class=\"fas fa-arrow-right\"><\/i>\t\t\t<\/span>\n\t\t\t\t\t\t\t\t\t<span class=\"elementor-button-text\">SIGUIENTE<\/span>\n\t\t\t\t\t<\/span>\n\t\t\t\t\t<\/a>\n\t\t\t\t<\/div>\n\t\t\t\t\t\t<\/div>\n\t\t\t\t<\/div>\n\t\t\t\t\t<\/div>\n\t\t<\/div>\n\t\t\t\t\t<\/div>\n\t\t<\/section>\n\t\t\t\t<div class=\"elementor-element elementor-element-aa8fe31 elementor-widget elementor-widget-text-editor\" data-id=\"aa8fe31\" data-element_type=\"widget\" data-widget_type=\"text-editor.default\">\n\t\t\t\t<div class=\"elementor-widget-container\">\n\t\t\t\t\t\t\t<p><span style=\"color: #4b4f58; font-size: 15px;\"><button id=\"listenButton1\" class=\"responsivevoice-button\" type=\"button\" value=\"Play\" title=\"ResponsiveVoice Tap to Start\/Stop Speech\"><span>&#128266; Listen to this<\/span><\/button>\n        <script>\n            listenButton1.onclick = function(){\n                if(responsiveVoice.isPlaying()){\n                    responsiveVoice.cancel();\n                }else{\n                    responsiveVoice.speak(\"LA UNDAR CELEBR\u00d3 8 A\u00d1OS DE TRANSFORMACI\u00d3N INSTITUCIONAL La Universidad Nacional Daniel Alom\u00eda Robles (UNDAR) conmemor\u00f3 el pasado 25 de junio su octavo aniversario de transformaci\u00f3n de Instituto Superior a Universidad, en un emotivo acto realizado en la sede central de la instituci\u00f3n, a partir de las 11:00 a.m. La ceremonia inici\u00f3 con la entonaci\u00f3n del Himno Nacional del Per\u00fa y del Himno a Hu\u00e1nuco, actos que reflejaron el profundo respeto por la patria y la identidad regional. Posteriormente, la Dra. Delma Flores Farf\u00e1n, vicepresidenta de investigaci\u00f3n de la Comisi\u00f3n Organizadora, dio las palabras de bienvenida, resaltando el valor del trabajo conjunto que permiti\u00f3 el crecimiento de la universidad. Seguidamente, la Dra. Yersely Figueroa Qui\u00f1onez, secretaria general, procedi\u00f3 con la lectura de la Ley N.\u00ba 30597, norma que marc\u00f3 el cambio de denominaci\u00f3n y el nacimiento de la UNDAR como casa superior de estudios. A continuaci\u00f3n, el Dr. Roberto Carlos C\u00e1rdenas Viviano ofreci\u00f3 una rese\u00f1a hist\u00f3rica donde expuso los principales hitos, gestiones y esfuerzos que hicieron posible esta transformaci\u00f3n. Durante el evento, se desarroll\u00f3 tambi\u00e9n la charla magistral \u201cEl rol del docente universitario en el desarrollo institucional y su entorno\u201d, a cargo de la Dra. Amparo Magdalena Guti\u00e9rrez Rojas, jefa de la Oficina de Gesti\u00f3n de la Calidad de la Universidad Nacional de Trujillo, quien reflexion\u00f3 sobre el compromiso docente en los procesos de mejora institucional. Las palabras centrales del acto estuvieron a cargo del Dr. Benjamin Velazco Reyes, presidente de la Comisi\u00f3n Organizadora, quien destac\u00f3 el camino recorrido y proyect\u00f3 los desaf\u00edos futuros de la universidad en el marco de la excelencia acad\u00e9mica y la responsabilidad social. La jornada culmin\u00f3 con una presentaci\u00f3n musical del Taller de M\u00fasica Tradicional Huanuque\u00f1a, que rindi\u00f3 homenaje al legado art\u00edstico de la regi\u00f3n, seguida del brindis de honor dirigido por el Dr. F\u00e9lix Arturo Caldas y Caballero, coordinador(e) de la Facultad de M\u00fasica, quien expres\u00f3 gratitud por el trabajo colectivo y alent\u00f3 a continuar construyendo una universidad al servicio del pa\u00eds. La UNDAR, en esta conmemoraci\u00f3n, reafirm\u00f3 su compromiso con la formaci\u00f3n profesional de calidad, la identidad cultural y la transformaci\u00f3n educativa al servicio del desarrollo del Per\u00fa. ATR\u00c1S SIGUIENTE \u00a0\", \"UK English Female\");\n                }\n            };\n        <\/script>\n    <\/span><span style=\"color: #4b4f58; font-size: 15px;\">\u00a0<\/span><\/p>\t\t\t\t\t\t<\/div>\n\t\t\t\t<\/div>\n\t\t\t\t\t<\/div>\n\t\t<\/div>\n\t\t\t\t\t<\/div>\n\t\t<\/section>\n\t\t\t\t<\/div>\n\t\t","protected":false},"excerpt":{"rendered":"<p>La Universidad Nacional Daniel Alom\u00eda Robles (UNDAR) conmemor\u00f3 el pasado 25 de junio su octavo aniversario de transformaci\u00f3n de Instituto Superior a Universidad, en un (&#8230;)<\/p>\n","protected":false},"author":1,"featured_media":63006,"comment_status":"closed","ping_status":"closed","sticky":false,"template":"","format":"standard","meta":{"_uf_show_specific_survey":0,"_uf_disable_surveys":false,"footnotes":""},"categories":[7],"tags":[],"class_list":["post-63004","post","type-post","status-publish","format-standard","has-post-thumbnail","hentry","category-noticias"],"aioseo_notices":[],"_links":{"self":[{"href":"http:\/\/www.undar.edu.pe\/index.php\/wp-json\/wp\/v2\/posts\/63004","targetHints":{"allow":["GET"]}}],"collection":[{"href":"http:\/\/www.undar.edu.pe\/index.php\/wp-json\/wp\/v2\/posts"}],"about":[{"href":"http:\/\/www.undar.edu.pe\/index.php\/wp-json\/wp\/v2\/types\/post"}],"author":[{"embeddable":true,"href":"http:\/\/www.undar.edu.pe\/index.php\/wp-json\/wp\/v2\/users\/1"}],"replies":[{"embeddable":true,"href":"http:\/\/www.undar.edu.pe\/index.php\/wp-json\/wp\/v2\/comments?post=63004"}],"version-history":[{"count":8,"href":"http:\/\/www.undar.edu.pe\/index.php\/wp-json\/wp\/v2\/posts\/63004\/revisions"}],"predecessor-version":[{"id":63080,"href":"http:\/\/www.undar.edu.pe\/index.php\/wp-json\/wp\/v2\/posts\/63004\/revisions\/63080"}],"wp:featuredmedia":[{"embeddable":true,"href":"http:\/\/www.undar.edu.pe\/index.php\/wp-json\/wp\/v2\/media\/63006"}],"wp:attachment":[{"href":"http:\/\/www.undar.edu.pe\/index.php\/wp-json\/wp\/v2\/media?parent=63004"}],"wp:term":[{"taxonomy":"category","embeddable":true,"href":"http:\/\/www.undar.edu.pe\/index.php\/wp-json\/wp\/v2\/categories?post=63004"},{"taxonomy":"post_tag","embeddable":true,"href":"http:\/\/www.undar.edu.pe\/index.php\/wp-json\/wp\/v2\/tags?post=63004"}],"curies":[{"name":"wp","href":"https:\/\/api.w.org\/{rel}","templated":true}]}}