{"id":62983,"date":"2025-06-27T09:40:01","date_gmt":"2025-06-27T14:40:01","guid":{"rendered":"http:\/\/www.undar.edu.pe\/?p=62983"},"modified":"2025-07-01T13:41:26","modified_gmt":"2025-07-01T18:41:26","slug":"undar-inauguro-dos-modernos-ascensores-en-beneficio-de-la-comunidad-universitaria-de-la-undar","status":"publish","type":"post","link":"http:\/\/www.undar.edu.pe\/index.php\/2025\/06\/27\/undar-inauguro-dos-modernos-ascensores-en-beneficio-de-la-comunidad-universitaria-de-la-undar\/","title":{"rendered":"UNDAR INAUGUR\u00d3 DOS MODERNOS ASCENSORES EN BENEFICIO DE LA COMUNIDAD UNIVERSITARIA DE LA UNDAR"},"content":{"rendered":"\t\t<div data-elementor-type=\"wp-post\" data-elementor-id=\"62983\" class=\"elementor elementor-62983\" data-elementor-post-type=\"post\">\n\t\t\t\t\t\t<section class=\"elementor-section elementor-top-section elementor-element elementor-element-18871c0f elementor-section-boxed elementor-section-height-default elementor-section-height-default\" data-id=\"18871c0f\" data-element_type=\"section\">\n\t\t\t\t\t\t<div class=\"elementor-container elementor-column-gap-default\">\n\t\t\t\t\t<div class=\"elementor-column elementor-col-100 elementor-top-column elementor-element elementor-element-40331c9a\" data-id=\"40331c9a\" data-element_type=\"column\">\n\t\t\t<div class=\"elementor-widget-wrap elementor-element-populated\">\n\t\t\t\t\t\t<div class=\"elementor-element elementor-element-8e07069 elementor-widget elementor-widget-heading\" data-id=\"8e07069\" data-element_type=\"widget\" data-widget_type=\"heading.default\">\n\t\t\t\t<div class=\"elementor-widget-container\">\n\t\t\t<h4 class=\"elementor-heading-title elementor-size-default\">UNDAR INAUGUR\u00d3 DOS MODERNOS ASCENSORES EN BENEFICIO DE LA COMUNIDAD UNIVERSITARIA DE LA UNDAR <\/h4>\t\t<\/div>\n\t\t\t\t<\/div>\n\t\t\t\t<div class=\"elementor-element elementor-element-4664c16 elementor-widget__width-initial elementor-widget elementor-widget-image\" data-id=\"4664c16\" data-element_type=\"widget\" data-widget_type=\"image.default\">\n\t\t\t\t<div class=\"elementor-widget-container\">\n\t\t\t\t\t\t\t\t\t\t\t\t\t<img fetchpriority=\"high\" decoding=\"async\" width=\"580\" height=\"385\" src=\"http:\/\/www.undar.edu.pe\/wp-content\/uploads\/2025\/06\/2.gif\" class=\"attachment-medium_large size-medium_large wp-image-62985\" alt=\"Banner de noticias: Fotos de la inauguraci\u00f3n del ascensor\" \/>\t\t\t\t\t\t\t\t\t\t\t\t\t<\/div>\n\t\t\t\t<\/div>\n\t\t\t\t<div class=\"elementor-element elementor-element-be5b4c8 elementor-widget elementor-widget-spacer\" data-id=\"be5b4c8\" data-element_type=\"widget\" data-widget_type=\"spacer.default\">\n\t\t\t\t<div class=\"elementor-widget-container\">\n\t\t\t\t\t<div class=\"elementor-spacer\">\n\t\t\t<div class=\"elementor-spacer-inner\"><\/div>\n\t\t<\/div>\n\t\t\t\t<\/div>\n\t\t\t\t<\/div>\n\t\t\t\t<div class=\"elementor-element elementor-element-35352b80 elementor-widget elementor-widget-text-editor\" data-id=\"35352b80\" data-element_type=\"widget\" data-widget_type=\"text-editor.default\">\n\t\t\t\t<div class=\"elementor-widget-container\">\n\t\t\t\t\t\t\t<p>El d\u00eda 25 de junio del presente a\u00f1o, la <b>Universidad Nacional Daniel Alom\u00eda Robles (UNDAR)<\/b> realiz\u00f3 la inauguraci\u00f3n de la IOARR:<span style=\"color: #212529; background: white;\"> <b>CONSTRUCCI\u00d3N DEL ASCENSOR; EN EL (LA) UNIDAD DE SERVICIO SOCIAL DE LA UNIVERSIDAD NACIONAL DANIEL ALOM\u00cdA ROBLES (UNDAR), DEL DISTRITO DE HU\u00c1NUCO, PROVINCIA HU\u00c1NUCO, DEPARTAMENTO HU\u00c1NUCO<\/b>, la cual tiene como componentes elementales:<\/span> Construcci\u00f3n de la caja del ascensor, instalaci\u00f3n del ascensor e instalaci\u00f3n de plataformas de acceso de estructura met\u00e1lica, cuyo monto de inversi\u00f3n asciende a <b>S\/ 1,038,949.86 soles<\/b>.<\/p><p>El proyecto contempl\u00f3 la instalaci\u00f3n de dos ascensores panor\u00e1micos electromec\u00e1nicos con una capacidad de <b>1,100 kg<\/b> (9 personas), cuatro paradas y estructura met\u00e1lica con cimentaci\u00f3n de concreto armado tipo platea. El proyecto de accesibilidad e inclusi\u00f3n est\u00e1 dirigido a mejorar la infraestructura y brindar mayores facilidades de desplazamiento a estudiantes, docentes, personal no docente, visitantes, as\u00ed como instrumentos musicales de mayor tama\u00f1o.<\/p><p>Esta obra permite dotar de modernidad a la infraestructura educativa de la UNDAR, para posicionarse a la vanguardia de los tiempos, lo cual servir\u00e1 de sobremanera a los actuales y futuros estudiantes de la comunidad universitaria.<\/p><p>El acto inaugural se realiz\u00f3 en las instalaciones de la sede central de la universidad y cont\u00f3 con la presencia de las principales autoridades acad\u00e9micas, entre ellas los miembros de la Comisi\u00f3n Organizadora y los coordinadores de las facultades, responsables de los departamentos acad\u00e9micos y escuelas profesionales. La ceremonia se inici\u00f3 con la develaci\u00f3n de la placa conmemorativa, por el presidente de la Comisi\u00f3n Organizadora Dr. Benjamin Velazco Reyes y la vicepresidenta de investigaci\u00f3n Dra. Delma Flores Farf\u00e1n; asimismo, se cont\u00f3 con la presentaci\u00f3n de la ficha t\u00e9cnica del proyecto, a cargo del ingeniero Franco Campos Firma, jefe (e) de la Unidad Ejecutora de Inversiones, quien destac\u00f3 las caracter\u00edsticas t\u00e9cnicas, los beneficios y el impacto de la obra.<\/p><p>La construcci\u00f3n e implementaci\u00f3n de los ascensores forman parte de las condiciones b\u00e1sicas de calidad (CBC) que coadyuvar\u00e1n para el logro del ansiado licenciamiento institucional, que se encuentra en su fase final de obtenci\u00f3n.<\/p>\t\t\t\t\t\t<\/div>\n\t\t\t\t<\/div>\n\t\t\t\t<div class=\"elementor-element elementor-element-f83af45 elementor-share-buttons--view-icon elementor-share-buttons--skin-minimal elementor-share-buttons--shape-circle elementor-share-buttons--align-center elementor-grid-0 elementor-share-buttons--color-official elementor-widget elementor-widget-share-buttons\" data-id=\"f83af45\" data-element_type=\"widget\" data-widget_type=\"share-buttons.default\">\n\t\t\t\t<div class=\"elementor-widget-container\">\n\t\t\t\t\t<div class=\"elementor-grid\">\n\t\t\t\t\t\t\t\t<div class=\"elementor-grid-item\">\n\t\t\t\t\t\t<div\n\t\t\t\t\t\t\tclass=\"elementor-share-btn elementor-share-btn_facebook\"\n\t\t\t\t\t\t\trole=\"button\"\n\t\t\t\t\t\t\ttabindex=\"0\"\n\t\t\t\t\t\t\taria-label=\"Compartir en facebook\"\n\t\t\t\t\t\t>\n\t\t\t\t\t\t\t\t\t\t\t\t\t\t\t<span class=\"elementor-share-btn__icon\">\n\t\t\t\t\t\t\t\t<i class=\"fab fa-facebook\" aria-hidden=\"true\"><\/i>\t\t\t\t\t\t\t<\/span>\n\t\t\t\t\t\t\t\t\t\t\t\t\t\t\t\t\t\t\t\t<\/div>\n\t\t\t\t\t<\/div>\n\t\t\t\t\t\t\t\t\t<div class=\"elementor-grid-item\">\n\t\t\t\t\t\t<div\n\t\t\t\t\t\t\tclass=\"elementor-share-btn elementor-share-btn_twitter\"\n\t\t\t\t\t\t\trole=\"button\"\n\t\t\t\t\t\t\ttabindex=\"0\"\n\t\t\t\t\t\t\taria-label=\"Compartir en twitter\"\n\t\t\t\t\t\t>\n\t\t\t\t\t\t\t\t\t\t\t\t\t\t\t<span class=\"elementor-share-btn__icon\">\n\t\t\t\t\t\t\t\t<i class=\"fab fa-twitter\" aria-hidden=\"true\"><\/i>\t\t\t\t\t\t\t<\/span>\n\t\t\t\t\t\t\t\t\t\t\t\t\t\t\t\t\t\t\t\t<\/div>\n\t\t\t\t\t<\/div>\n\t\t\t\t\t\t\t\t\t<div class=\"elementor-grid-item\">\n\t\t\t\t\t\t<div\n\t\t\t\t\t\t\tclass=\"elementor-share-btn elementor-share-btn_linkedin\"\n\t\t\t\t\t\t\trole=\"button\"\n\t\t\t\t\t\t\ttabindex=\"0\"\n\t\t\t\t\t\t\taria-label=\"Compartir en linkedin\"\n\t\t\t\t\t\t>\n\t\t\t\t\t\t\t\t\t\t\t\t\t\t\t<span class=\"elementor-share-btn__icon\">\n\t\t\t\t\t\t\t\t<i class=\"fab fa-linkedin\" aria-hidden=\"true\"><\/i>\t\t\t\t\t\t\t<\/span>\n\t\t\t\t\t\t\t\t\t\t\t\t\t\t\t\t\t\t\t\t<\/div>\n\t\t\t\t\t<\/div>\n\t\t\t\t\t\t<\/div>\n\t\t\t\t<\/div>\n\t\t\t\t<\/div>\n\t\t\t\t<section class=\"elementor-section elementor-inner-section elementor-element elementor-element-4bfc828 elementor-section-boxed elementor-section-height-default elementor-section-height-default\" data-id=\"4bfc828\" data-element_type=\"section\">\n\t\t\t\t\t\t<div class=\"elementor-container elementor-column-gap-default\">\n\t\t\t\t\t<div class=\"elementor-column elementor-col-33 elementor-inner-column elementor-element elementor-element-231c783\" data-id=\"231c783\" data-element_type=\"column\">\n\t\t\t<div class=\"elementor-widget-wrap elementor-element-populated\">\n\t\t\t\t\t\t<div class=\"elementor-element elementor-element-2845b88 elementor-align-justify elementor-widget__width-inherit elementor-widget elementor-widget-button\" data-id=\"2845b88\" data-element_type=\"widget\" data-widget_type=\"button.default\">\n\t\t\t\t<div class=\"elementor-widget-container\">\n\t\t\t\t\t\t\t<div class=\"elementor-button-wrapper\">\n\t\t\t\t\t<a class=\"elementor-button elementor-button-link elementor-size-md\" href=\"https:\/\/www.undar.edu.pe\/index.php\/2025\/06\/27\/la-undar-celebro-8-anos-de-transformacion-institucional\/\">\n\t\t\t\t\t\t<span class=\"elementor-button-content-wrapper\">\n\t\t\t\t\t\t<span class=\"elementor-button-icon\">\n\t\t\t\t<i aria-hidden=\"true\" class=\"fas fa-arrow-left\"><\/i>\t\t\t<\/span>\n\t\t\t\t\t\t\t\t\t<span class=\"elementor-button-text\">ATR\u00c1S<\/span>\n\t\t\t\t\t<\/span>\n\t\t\t\t\t<\/a>\n\t\t\t\t<\/div>\n\t\t\t\t\t\t<\/div>\n\t\t\t\t<\/div>\n\t\t\t\t\t<\/div>\n\t\t<\/div>\n\t\t\t\t<div class=\"elementor-column elementor-col-33 elementor-inner-column elementor-element elementor-element-4d23888\" data-id=\"4d23888\" data-element_type=\"column\">\n\t\t\t<div class=\"elementor-widget-wrap\">\n\t\t\t\t\t\t\t<\/div>\n\t\t<\/div>\n\t\t\t\t<div class=\"elementor-column elementor-col-33 elementor-inner-column elementor-element elementor-element-ea4fe31\" data-id=\"ea4fe31\" data-element_type=\"column\">\n\t\t\t<div class=\"elementor-widget-wrap elementor-element-populated\">\n\t\t\t\t\t\t<div class=\"elementor-element elementor-element-4e9bafd elementor-align-justify elementor-widget__width-inherit elementor-widget elementor-widget-button\" data-id=\"4e9bafd\" data-element_type=\"widget\" data-widget_type=\"button.default\">\n\t\t\t\t<div class=\"elementor-widget-container\">\n\t\t\t\t\t\t\t<div class=\"elementor-button-wrapper\">\n\t\t\t\t\t<a class=\"elementor-button elementor-button-link elementor-size-md\" href=\"#\">\n\t\t\t\t\t\t<span class=\"elementor-button-content-wrapper\">\n\t\t\t\t\t\t<span class=\"elementor-button-icon\">\n\t\t\t\t<i aria-hidden=\"true\" class=\"fas fa-arrow-right\"><\/i>\t\t\t<\/span>\n\t\t\t\t\t\t\t\t\t<span class=\"elementor-button-text\">SIGUIENTE<\/span>\n\t\t\t\t\t<\/span>\n\t\t\t\t\t<\/a>\n\t\t\t\t<\/div>\n\t\t\t\t\t\t<\/div>\n\t\t\t\t<\/div>\n\t\t\t\t\t<\/div>\n\t\t<\/div>\n\t\t\t\t\t<\/div>\n\t\t<\/section>\n\t\t\t\t<div class=\"elementor-element elementor-element-aa8fe31 elementor-widget elementor-widget-text-editor\" data-id=\"aa8fe31\" data-element_type=\"widget\" data-widget_type=\"text-editor.default\">\n\t\t\t\t<div class=\"elementor-widget-container\">\n\t\t\t\t\t\t\t<p><span style=\"color: #4b4f58; font-size: 15px;\"><button id=\"listenButton1\" class=\"responsivevoice-button\" type=\"button\" value=\"Play\" title=\"ResponsiveVoice Tap to Start\/Stop Speech\"><span>&#128266; Listen to this<\/span><\/button>\n        <script>\n            listenButton1.onclick = function(){\n                if(responsiveVoice.isPlaying()){\n                    responsiveVoice.cancel();\n                }else{\n                    responsiveVoice.speak(\"UNDAR INAUGUR\u00d3 DOS MODERNOS ASCENSORES EN BENEFICIO DE LA COMUNIDAD UNIVERSITARIA DE LA UNDAR El d\u00eda 25 de junio del presente a\u00f1o, la Universidad Nacional Daniel Alom\u00eda Robles (UNDAR) realiz\u00f3 la inauguraci\u00f3n de la IOARR: CONSTRUCCI\u00d3N DEL ASCENSOR; EN EL (LA) UNIDAD DE SERVICIO SOCIAL DE LA UNIVERSIDAD NACIONAL DANIEL ALOM\u00cdA ROBLES (UNDAR), DEL DISTRITO DE HU\u00c1NUCO, PROVINCIA HU\u00c1NUCO, DEPARTAMENTO HU\u00c1NUCO, la cual tiene como componentes elementales: Construcci\u00f3n de la caja del ascensor, instalaci\u00f3n del ascensor e instalaci\u00f3n de plataformas de acceso de estructura met\u00e1lica, cuyo monto de inversi\u00f3n asciende a S\/ 1,038,949.86 soles.El proyecto contempl\u00f3 la instalaci\u00f3n de dos ascensores panor\u00e1micos electromec\u00e1nicos con una capacidad de 1,100 kg (9 personas), cuatro paradas y estructura met\u00e1lica con cimentaci\u00f3n de concreto armado tipo platea. El proyecto de accesibilidad e inclusi\u00f3n est\u00e1 dirigido a mejorar la infraestructura y brindar mayores facilidades de desplazamiento a estudiantes, docentes, personal no docente, visitantes, as\u00ed como instrumentos musicales de mayor tama\u00f1o.Esta obra permite dotar de modernidad a la infraestructura educativa de la UNDAR, para posicionarse a la vanguardia de los tiempos, lo cual servir\u00e1 de sobremanera a los actuales y futuros estudiantes de la comunidad universitaria.El acto inaugural se realiz\u00f3 en las instalaciones de la sede central de la universidad y cont\u00f3 con la presencia de las principales autoridades acad\u00e9micas, entre ellas los miembros de la Comisi\u00f3n Organizadora y los coordinadores de las facultades, responsables de los departamentos acad\u00e9micos y escuelas profesionales. La ceremonia se inici\u00f3 con la develaci\u00f3n de la placa conmemorativa, por el presidente de la Comisi\u00f3n Organizadora Dr. Benjamin Velazco Reyes y la vicepresidenta de investigaci\u00f3n Dra. Delma Flores Farf\u00e1n; asimismo, se cont\u00f3 con la presentaci\u00f3n de la ficha t\u00e9cnica del proyecto, a cargo del ingeniero Franco Campos Firma, jefe (e) de la Unidad Ejecutora de Inversiones, quien destac\u00f3 las caracter\u00edsticas t\u00e9cnicas, los beneficios y el impacto de la obra.La construcci\u00f3n e implementaci\u00f3n de los ascensores forman parte de las condiciones b\u00e1sicas de calidad (CBC) que coadyuvar\u00e1n para el logro del ansiado licenciamiento institucional, que se encuentra en su fase final de obtenci\u00f3n. ATR\u00c1S SIGUIENTE \u00a0\", \"UK English Female\");\n                }\n            };\n        <\/script>\n    <\/span><span style=\"color: #4b4f58; font-size: 15px;\">\u00a0<\/span><\/p>\t\t\t\t\t\t<\/div>\n\t\t\t\t<\/div>\n\t\t\t\t\t<\/div>\n\t\t<\/div>\n\t\t\t\t\t<\/div>\n\t\t<\/section>\n\t\t\t\t<\/div>\n\t\t","protected":false},"excerpt":{"rendered":"<p>El d\u00eda 25 de junio del presente a\u00f1o, la Universidad Nacional Daniel Alom\u00eda Robles (UNDAR) realiz\u00f3 la inauguraci\u00f3n de la IOARR: CONSTRUCCI\u00d3N DEL ASCENSOR; (&#8230;)<\/p>\n","protected":false},"author":1,"featured_media":62985,"comment_status":"closed","ping_status":"closed","sticky":false,"template":"elementor_canvas","format":"standard","meta":{"_uf_show_specific_survey":0,"_uf_disable_surveys":false,"footnotes":""},"categories":[7],"tags":[],"class_list":["post-62983","post","type-post","status-publish","format-standard","has-post-thumbnail","hentry","category-noticias"],"aioseo_notices":[],"_links":{"self":[{"href":"http:\/\/www.undar.edu.pe\/index.php\/wp-json\/wp\/v2\/posts\/62983","targetHints":{"allow":["GET"]}}],"collection":[{"href":"http:\/\/www.undar.edu.pe\/index.php\/wp-json\/wp\/v2\/posts"}],"about":[{"href":"http:\/\/www.undar.edu.pe\/index.php\/wp-json\/wp\/v2\/types\/post"}],"author":[{"embeddable":true,"href":"http:\/\/www.undar.edu.pe\/index.php\/wp-json\/wp\/v2\/users\/1"}],"replies":[{"embeddable":true,"href":"http:\/\/www.undar.edu.pe\/index.php\/wp-json\/wp\/v2\/comments?post=62983"}],"version-history":[{"count":35,"href":"http:\/\/www.undar.edu.pe\/index.php\/wp-json\/wp\/v2\/posts\/62983\/revisions"}],"predecessor-version":[{"id":63077,"href":"http:\/\/www.undar.edu.pe\/index.php\/wp-json\/wp\/v2\/posts\/62983\/revisions\/63077"}],"wp:featuredmedia":[{"embeddable":true,"href":"http:\/\/www.undar.edu.pe\/index.php\/wp-json\/wp\/v2\/media\/62985"}],"wp:attachment":[{"href":"http:\/\/www.undar.edu.pe\/index.php\/wp-json\/wp\/v2\/media?parent=62983"}],"wp:term":[{"taxonomy":"category","embeddable":true,"href":"http:\/\/www.undar.edu.pe\/index.php\/wp-json\/wp\/v2\/categories?post=62983"},{"taxonomy":"post_tag","embeddable":true,"href":"http:\/\/www.undar.edu.pe\/index.php\/wp-json\/wp\/v2\/tags?post=62983"}],"curies":[{"name":"wp","href":"https:\/\/api.w.org\/{rel}","templated":true}]}}