{"id":62952,"date":"2025-06-25T09:23:48","date_gmt":"2025-06-25T14:23:48","guid":{"rendered":"http:\/\/www.undar.edu.pe\/?p=62952"},"modified":"2025-07-01T13:43:37","modified_gmt":"2025-07-01T18:43:37","slug":"docentes-de-la-undar-participaron-en-la-xiii-jornada-internacional-de-investigacion-cientifica-untumbes-2025","status":"publish","type":"post","link":"http:\/\/www.undar.edu.pe\/index.php\/2025\/06\/25\/docentes-de-la-undar-participaron-en-la-xiii-jornada-internacional-de-investigacion-cientifica-untumbes-2025\/","title":{"rendered":"DOCENTES DE LA UNDAR PARTICIPARON EN LA XIII JORNADA INTERNACIONAL DE INVESTIGACI\u00d3N CIENT\u00cdFICA UNTUMBES 2025"},"content":{"rendered":"\t\t<div data-elementor-type=\"wp-post\" data-elementor-id=\"62952\" class=\"elementor elementor-62952\" data-elementor-post-type=\"post\">\n\t\t\t\t\t\t<section class=\"elementor-section elementor-top-section elementor-element elementor-element-18871c0f elementor-section-boxed elementor-section-height-default elementor-section-height-default\" data-id=\"18871c0f\" data-element_type=\"section\">\n\t\t\t\t\t\t<div class=\"elementor-container elementor-column-gap-default\">\n\t\t\t\t\t<div class=\"elementor-column elementor-col-100 elementor-top-column elementor-element elementor-element-40331c9a\" data-id=\"40331c9a\" data-element_type=\"column\">\n\t\t\t<div class=\"elementor-widget-wrap elementor-element-populated\">\n\t\t\t\t\t\t<div class=\"elementor-element elementor-element-8e07069 elementor-widget elementor-widget-heading\" data-id=\"8e07069\" data-element_type=\"widget\" data-widget_type=\"heading.default\">\n\t\t\t\t<div class=\"elementor-widget-container\">\n\t\t\t<h4 class=\"elementor-heading-title elementor-size-default\">DOCENTES DE LA UNDAR PARTICIPARON EN LA XIII JORNADA INTERNACIONAL DE INVESTIGACI\u00d3N CIENT\u00cdFICA UNTUMBES 2025<\/h4>\t\t<\/div>\n\t\t\t\t<\/div>\n\t\t\t\t<div class=\"elementor-element elementor-element-4664c16 elementor-widget__width-initial elementor-widget elementor-widget-image\" data-id=\"4664c16\" data-element_type=\"widget\" data-widget_type=\"image.default\">\n\t\t\t\t<div class=\"elementor-widget-container\">\n\t\t\t\t\t\t\t\t\t\t\t\t\t<img fetchpriority=\"high\" decoding=\"async\" width=\"580\" height=\"385\" src=\"http:\/\/www.undar.edu.pe\/wp-content\/uploads\/2025\/06\/TUMBES.gif\" class=\"attachment-medium_large size-medium_large wp-image-62954\" alt=\"Banner de noticias: Fotos de la participaci\u00f3n de docentes\" \/>\t\t\t\t\t\t\t\t\t\t\t\t\t<\/div>\n\t\t\t\t<\/div>\n\t\t\t\t<div class=\"elementor-element elementor-element-be5b4c8 elementor-widget elementor-widget-spacer\" data-id=\"be5b4c8\" data-element_type=\"widget\" data-widget_type=\"spacer.default\">\n\t\t\t\t<div class=\"elementor-widget-container\">\n\t\t\t\t\t<div class=\"elementor-spacer\">\n\t\t\t<div class=\"elementor-spacer-inner\"><\/div>\n\t\t<\/div>\n\t\t\t\t<\/div>\n\t\t\t\t<\/div>\n\t\t\t\t<div class=\"elementor-element elementor-element-35352b80 elementor-widget elementor-widget-text-editor\" data-id=\"35352b80\" data-element_type=\"widget\" data-widget_type=\"text-editor.default\">\n\t\t\t\t<div class=\"elementor-widget-container\">\n\t\t\t\t\t\t\tLa Universidad Nacional Daniel Alom\u00eda Robles (UNDAR) reafirma su compromiso con la investigaci\u00f3n y la producci\u00f3n cient\u00edfica a nivel nacional e internacional. En esta ocasi\u00f3n, docentes investigadores de nuestra casa superior de estudios participaron luego de superar la etapa de evaluaci\u00f3n en la <strong><span style=\"font-family: 'Arial',sans-serif; font-weight: normal;\">XIII Jornada Internacional de Investigaci\u00f3n Cient\u00edfica UNTUMBES 2025<\/span><\/strong>, evento acad\u00e9mico organizado por la Universidad Nacional de Tumbes, que reuni\u00f3 a destacados profesionales de diferentes disciplinas con el objetivo de difundir avances, experiencias y resultados de investigaci\u00f3n en beneficio de la comunidad cient\u00edfica y educativa.<\/span><\/p>\nLa <strong><span style=\"font-family: 'Arial',sans-serif; font-weight: normal;\">Dra. Betty Le\u00f3n Trujillo<\/span><\/strong> present\u00f3 la investigaci\u00f3n titulada <em><span style=\"font-family: 'Arial',sans-serif;\">\u201cAplicaci\u00f3n del m\u00e9todo cient\u00edfico y el desarrollo del pensamiento creativo en los estudiantes del VI ciclo de educaci\u00f3n b\u00e1sica regular\u201d<\/span><\/em>, una propuesta que articula la ense\u00f1anza investigativa con la creatividad como eje transversal en el proceso formativo de los escolares.<\/span><\/p>\nAsimismo, el <strong><span style=\"font-family: 'Arial',sans-serif; font-weight: normal;\">Dr. Rollin Max Guerra Huacho<\/span><\/strong> expuso su estudio <em><span style=\"font-family: 'Arial',sans-serif;\">\u201cBanda Real Internacional: Impacto desarrollado entre 1990 &#8211; 2020\u201d<\/span><\/em>, en el cual analiza la influencia cultural, educativa y musical de una de las agrupaciones m\u00e1s representativas del \u00e1mbito art\u00edstico peruano en las \u00faltimas d\u00e9cadas.<\/span><\/p>\nPor su parte, el <strong><span style=\"font-family: 'Arial',sans-serif; font-weight: normal;\">Mgtr. Goyo De La Cruz Miraval<\/span><\/strong> comparti\u00f3 los resultados de la pesquisa <em><span style=\"font-family: 'Arial',sans-serif;\">\u201cPreservaci\u00f3n y evoluci\u00f3n del Toril el Chinch\u00e1n, un an\u00e1lisis etnomusicol\u00f3gico de los ritmos andinos en San Pedro de Chaul\u00e1n\u201d<\/span><\/em>, destacando la riqueza del patrimonio musical andino y su evoluci\u00f3n a trav\u00e9s de pr\u00e1cticas comunitarias que entrelazan la tradici\u00f3n con nuevos lenguajes sonoros.<\/span><\/p>\nCabe destacar que los tres docentes son investigadores RENACYT y su participaci\u00f3n en este evento acad\u00e9mico internacional fortalece el posicionamiento de la UNDAR como un referente en la investigaci\u00f3n art\u00edstica y cultural del pa\u00eds, promoviendo la construcci\u00f3n de conocimientos desde una perspectiva intercultural, inclusiva y comprometida con el desarrollo humano.<\/span><\/p>\t\t\t\t\t\t<\/div>\n\t\t\t\t<\/div>\n\t\t\t\t<div class=\"elementor-element elementor-element-f83af45 elementor-share-buttons--view-icon elementor-share-buttons--skin-minimal elementor-share-buttons--shape-circle elementor-share-buttons--align-center elementor-grid-0 elementor-share-buttons--color-official elementor-widget elementor-widget-share-buttons\" data-id=\"f83af45\" data-element_type=\"widget\" data-widget_type=\"share-buttons.default\">\n\t\t\t\t<div class=\"elementor-widget-container\">\n\t\t\t\t\t<div class=\"elementor-grid\">\n\t\t\t\t\t\t\t\t<div class=\"elementor-grid-item\">\n\t\t\t\t\t\t<div\n\t\t\t\t\t\t\tclass=\"elementor-share-btn elementor-share-btn_facebook\"\n\t\t\t\t\t\t\trole=\"button\"\n\t\t\t\t\t\t\ttabindex=\"0\"\n\t\t\t\t\t\t\taria-label=\"Compartir en facebook\"\n\t\t\t\t\t\t>\n\t\t\t\t\t\t\t\t\t\t\t\t\t\t\t<span class=\"elementor-share-btn__icon\">\n\t\t\t\t\t\t\t\t<i class=\"fab fa-facebook\" aria-hidden=\"true\"><\/i>\t\t\t\t\t\t\t<\/span>\n\t\t\t\t\t\t\t\t\t\t\t\t\t\t\t\t\t\t\t\t<\/div>\n\t\t\t\t\t<\/div>\n\t\t\t\t\t\t\t\t\t<div class=\"elementor-grid-item\">\n\t\t\t\t\t\t<div\n\t\t\t\t\t\t\tclass=\"elementor-share-btn elementor-share-btn_twitter\"\n\t\t\t\t\t\t\trole=\"button\"\n\t\t\t\t\t\t\ttabindex=\"0\"\n\t\t\t\t\t\t\taria-label=\"Compartir en twitter\"\n\t\t\t\t\t\t>\n\t\t\t\t\t\t\t\t\t\t\t\t\t\t\t<span class=\"elementor-share-btn__icon\">\n\t\t\t\t\t\t\t\t<i class=\"fab fa-twitter\" aria-hidden=\"true\"><\/i>\t\t\t\t\t\t\t<\/span>\n\t\t\t\t\t\t\t\t\t\t\t\t\t\t\t\t\t\t\t\t<\/div>\n\t\t\t\t\t<\/div>\n\t\t\t\t\t\t\t\t\t<div class=\"elementor-grid-item\">\n\t\t\t\t\t\t<div\n\t\t\t\t\t\t\tclass=\"elementor-share-btn elementor-share-btn_linkedin\"\n\t\t\t\t\t\t\trole=\"button\"\n\t\t\t\t\t\t\ttabindex=\"0\"\n\t\t\t\t\t\t\taria-label=\"Compartir en linkedin\"\n\t\t\t\t\t\t>\n\t\t\t\t\t\t\t\t\t\t\t\t\t\t\t<span class=\"elementor-share-btn__icon\">\n\t\t\t\t\t\t\t\t<i class=\"fab fa-linkedin\" aria-hidden=\"true\"><\/i>\t\t\t\t\t\t\t<\/span>\n\t\t\t\t\t\t\t\t\t\t\t\t\t\t\t\t\t\t\t\t<\/div>\n\t\t\t\t\t<\/div>\n\t\t\t\t\t\t<\/div>\n\t\t\t\t<\/div>\n\t\t\t\t<\/div>\n\t\t\t\t<section class=\"elementor-section elementor-inner-section elementor-element elementor-element-4bfc828 elementor-section-boxed elementor-section-height-default elementor-section-height-default\" data-id=\"4bfc828\" data-element_type=\"section\">\n\t\t\t\t\t\t<div class=\"elementor-container elementor-column-gap-default\">\n\t\t\t\t\t<div class=\"elementor-column elementor-col-33 elementor-inner-column elementor-element elementor-element-231c783\" data-id=\"231c783\" data-element_type=\"column\">\n\t\t\t<div class=\"elementor-widget-wrap elementor-element-populated\">\n\t\t\t\t\t\t<div class=\"elementor-element elementor-element-2845b88 elementor-align-justify elementor-widget__width-inherit elementor-widget elementor-widget-button\" data-id=\"2845b88\" data-element_type=\"widget\" data-widget_type=\"button.default\">\n\t\t\t\t<div class=\"elementor-widget-container\">\n\t\t\t\t\t\t\t<div class=\"elementor-button-wrapper\">\n\t\t\t\t\t<a class=\"elementor-button elementor-button-link elementor-size-md\" href=\"https:\/\/www.undar.edu.pe\/index.php\/2025\/06\/24\/despega-music-2-0-impulsa-el-talento-artistico-musical-y-fortale-el-ecosistema-creativo-desde-undar\/\">\n\t\t\t\t\t\t<span class=\"elementor-button-content-wrapper\">\n\t\t\t\t\t\t<span class=\"elementor-button-icon\">\n\t\t\t\t<i aria-hidden=\"true\" class=\"fas fa-arrow-left\"><\/i>\t\t\t<\/span>\n\t\t\t\t\t\t\t\t\t<span class=\"elementor-button-text\">ATR\u00c1S<\/span>\n\t\t\t\t\t<\/span>\n\t\t\t\t\t<\/a>\n\t\t\t\t<\/div>\n\t\t\t\t\t\t<\/div>\n\t\t\t\t<\/div>\n\t\t\t\t\t<\/div>\n\t\t<\/div>\n\t\t\t\t<div class=\"elementor-column elementor-col-33 elementor-inner-column elementor-element elementor-element-4d23888\" data-id=\"4d23888\" data-element_type=\"column\">\n\t\t\t<div class=\"elementor-widget-wrap\">\n\t\t\t\t\t\t\t<\/div>\n\t\t<\/div>\n\t\t\t\t<div class=\"elementor-column elementor-col-33 elementor-inner-column elementor-element elementor-element-ea4fe31\" data-id=\"ea4fe31\" data-element_type=\"column\">\n\t\t\t<div class=\"elementor-widget-wrap elementor-element-populated\">\n\t\t\t\t\t\t<div class=\"elementor-element elementor-element-4e9bafd elementor-align-justify elementor-widget__width-inherit elementor-widget elementor-widget-button\" data-id=\"4e9bafd\" data-element_type=\"widget\" data-widget_type=\"button.default\">\n\t\t\t\t<div class=\"elementor-widget-container\">\n\t\t\t\t\t\t\t<div class=\"elementor-button-wrapper\">\n\t\t\t\t\t<a class=\"elementor-button elementor-button-link elementor-size-md\" href=\"https:\/\/www.undar.edu.pe\/index.php\/2025\/06\/27\/la-undar-celebro-8-anos-de-transformacion-institucional\/\">\n\t\t\t\t\t\t<span class=\"elementor-button-content-wrapper\">\n\t\t\t\t\t\t<span class=\"elementor-button-icon\">\n\t\t\t\t<i aria-hidden=\"true\" class=\"fas fa-arrow-right\"><\/i>\t\t\t<\/span>\n\t\t\t\t\t\t\t\t\t<span class=\"elementor-button-text\">SIGUIENTE<\/span>\n\t\t\t\t\t<\/span>\n\t\t\t\t\t<\/a>\n\t\t\t\t<\/div>\n\t\t\t\t\t\t<\/div>\n\t\t\t\t<\/div>\n\t\t\t\t\t<\/div>\n\t\t<\/div>\n\t\t\t\t\t<\/div>\n\t\t<\/section>\n\t\t\t\t<div class=\"elementor-element elementor-element-aa8fe31 elementor-widget elementor-widget-text-editor\" data-id=\"aa8fe31\" data-element_type=\"widget\" data-widget_type=\"text-editor.default\">\n\t\t\t\t<div class=\"elementor-widget-container\">\n\t\t\t\t\t\t\t<p><span style=\"color: #4b4f58; font-size: 15px;\"><button id=\"listenButton1\" class=\"responsivevoice-button\" type=\"button\" value=\"Play\" title=\"ResponsiveVoice Tap to Start\/Stop Speech\"><span>&#128266; Listen to this<\/span><\/button>\n        <script>\n            listenButton1.onclick = function(){\n                if(responsiveVoice.isPlaying()){\n                    responsiveVoice.cancel();\n                }else{\n                    responsiveVoice.speak(\"DOCENTES DE LA UNDAR PARTICIPARON EN LA XIII JORNADA INTERNACIONAL DE INVESTIGACI\u00d3N CIENT\u00cdFICA UNTUMBES 2025 La Universidad Nacional Daniel Alom\u00eda Robles (UNDAR) reafirma su compromiso con la investigaci\u00f3n y la producci\u00f3n cient\u00edfica a nivel nacional e internacional. En esta ocasi\u00f3n, docentes investigadores de nuestra casa superior de estudios participaron luego de superar la etapa de evaluaci\u00f3n en la XIII Jornada Internacional de Investigaci\u00f3n Cient\u00edfica UNTUMBES 2025, evento acad\u00e9mico organizado por la Universidad Nacional de Tumbes, que reuni\u00f3 a destacados profesionales de diferentes disciplinas con el objetivo de difundir avances, experiencias y resultados de investigaci\u00f3n en beneficio de la comunidad cient\u00edfica y educativa. La Dra. Betty Le\u00f3n Trujillo present\u00f3 la investigaci\u00f3n titulada \u201cAplicaci\u00f3n del m\u00e9todo cient\u00edfico y el desarrollo del pensamiento creativo en los estudiantes del VI ciclo de educaci\u00f3n b\u00e1sica regular\u201d, una propuesta que articula la ense\u00f1anza investigativa con la creatividad como eje transversal en el proceso formativo de los escolares. Asimismo, el Dr. Rollin Max Guerra Huacho expuso su estudio \u201cBanda Real Internacional: Impacto desarrollado entre 1990 - 2020\u201d, en el cual analiza la influencia cultural, educativa y musical de una de las agrupaciones m\u00e1s representativas del \u00e1mbito art\u00edstico peruano en las \u00faltimas d\u00e9cadas. Por su parte, el Mgtr. Goyo De La Cruz Miraval comparti\u00f3 los resultados de la pesquisa \u201cPreservaci\u00f3n y evoluci\u00f3n del Toril el Chinch\u00e1n, un an\u00e1lisis etnomusicol\u00f3gico de los ritmos andinos en San Pedro de Chaul\u00e1n\u201d, destacando la riqueza del patrimonio musical andino y su evoluci\u00f3n a trav\u00e9s de pr\u00e1cticas comunitarias que entrelazan la tradici\u00f3n con nuevos lenguajes sonoros. Cabe destacar que los tres docentes son investigadores RENACYT y su participaci\u00f3n en este evento acad\u00e9mico internacional fortalece el posicionamiento de la UNDAR como un referente en la investigaci\u00f3n art\u00edstica y cultural del pa\u00eds, promoviendo la construcci\u00f3n de conocimientos desde una perspectiva intercultural, inclusiva y comprometida con el desarrollo humano. ATR\u00c1S SIGUIENTE \u00a0\", \"UK English Female\");\n                }\n            };\n        <\/script>\n    <\/span><span style=\"color: #4b4f58; font-size: 15px;\">\u00a0<\/span><\/p>\t\t\t\t\t\t<\/div>\n\t\t\t\t<\/div>\n\t\t\t\t\t<\/div>\n\t\t<\/div>\n\t\t\t\t\t<\/div>\n\t\t<\/section>\n\t\t\t\t<\/div>\n\t\t","protected":false},"excerpt":{"rendered":"<p>La Universidad Nacional Daniel Alom\u00eda Robles (UNDAR) reafirma su compromiso con la investigaci\u00f3n y la producci\u00f3n cient\u00edfica a nivel nacional e internacional. En esta(&#8230;)<\/p>\n","protected":false},"author":1,"featured_media":62954,"comment_status":"closed","ping_status":"closed","sticky":false,"template":"","format":"standard","meta":{"_uf_show_specific_survey":0,"_uf_disable_surveys":false,"footnotes":""},"categories":[7],"tags":[],"class_list":["post-62952","post","type-post","status-publish","format-standard","has-post-thumbnail","hentry","category-noticias"],"aioseo_notices":[],"_links":{"self":[{"href":"http:\/\/www.undar.edu.pe\/index.php\/wp-json\/wp\/v2\/posts\/62952","targetHints":{"allow":["GET"]}}],"collection":[{"href":"http:\/\/www.undar.edu.pe\/index.php\/wp-json\/wp\/v2\/posts"}],"about":[{"href":"http:\/\/www.undar.edu.pe\/index.php\/wp-json\/wp\/v2\/types\/post"}],"author":[{"embeddable":true,"href":"http:\/\/www.undar.edu.pe\/index.php\/wp-json\/wp\/v2\/users\/1"}],"replies":[{"embeddable":true,"href":"http:\/\/www.undar.edu.pe\/index.php\/wp-json\/wp\/v2\/comments?post=62952"}],"version-history":[{"count":11,"href":"http:\/\/www.undar.edu.pe\/index.php\/wp-json\/wp\/v2\/posts\/62952\/revisions"}],"predecessor-version":[{"id":63083,"href":"http:\/\/www.undar.edu.pe\/index.php\/wp-json\/wp\/v2\/posts\/62952\/revisions\/63083"}],"wp:featuredmedia":[{"embeddable":true,"href":"http:\/\/www.undar.edu.pe\/index.php\/wp-json\/wp\/v2\/media\/62954"}],"wp:attachment":[{"href":"http:\/\/www.undar.edu.pe\/index.php\/wp-json\/wp\/v2\/media?parent=62952"}],"wp:term":[{"taxonomy":"category","embeddable":true,"href":"http:\/\/www.undar.edu.pe\/index.php\/wp-json\/wp\/v2\/categories?post=62952"},{"taxonomy":"post_tag","embeddable":true,"href":"http:\/\/www.undar.edu.pe\/index.php\/wp-json\/wp\/v2\/tags?post=62952"}],"curies":[{"name":"wp","href":"https:\/\/api.w.org\/{rel}","templated":true}]}}