{"id":62910,"date":"2025-06-24T15:58:25","date_gmt":"2025-06-24T20:58:25","guid":{"rendered":"http:\/\/www.undar.edu.pe\/?p=62910"},"modified":"2025-07-01T13:44:26","modified_gmt":"2025-07-01T18:44:26","slug":"despega-music-2-0-impulsa-el-talento-artistico-musical-y-fortale-el-ecosistema-creativo-desde-undar","status":"publish","type":"post","link":"http:\/\/www.undar.edu.pe\/index.php\/2025\/06\/24\/despega-music-2-0-impulsa-el-talento-artistico-musical-y-fortale-el-ecosistema-creativo-desde-undar\/","title":{"rendered":"DESPEGA MUSIC 2.0  IMPULSA EL TALENTO ART\u00cdSTICO-MUSICAL Y FORTALE EL ECOSISTEMA CREATIVO DESDE UNDAR"},"content":{"rendered":"\t\t<div data-elementor-type=\"wp-post\" data-elementor-id=\"62910\" class=\"elementor elementor-62910\" data-elementor-post-type=\"post\">\n\t\t\t\t\t\t<section class=\"elementor-section elementor-top-section elementor-element elementor-element-18871c0f elementor-section-boxed elementor-section-height-default elementor-section-height-default\" data-id=\"18871c0f\" data-element_type=\"section\">\n\t\t\t\t\t\t<div class=\"elementor-container elementor-column-gap-default\">\n\t\t\t\t\t<div class=\"elementor-column elementor-col-100 elementor-top-column elementor-element elementor-element-40331c9a\" data-id=\"40331c9a\" data-element_type=\"column\">\n\t\t\t<div class=\"elementor-widget-wrap elementor-element-populated\">\n\t\t\t\t\t\t<div class=\"elementor-element elementor-element-8e07069 elementor-widget elementor-widget-heading\" data-id=\"8e07069\" data-element_type=\"widget\" data-widget_type=\"heading.default\">\n\t\t\t\t<div class=\"elementor-widget-container\">\n\t\t\t<h4 class=\"elementor-heading-title elementor-size-default\">DESPEGA MUSIC 2.0 \nIMPULSA EL TALENTO ART\u00cdSTICO-MUSICAL Y FORTALE EL ECOSISTEMA CREATIVO DESDE UNDAR <\/h4>\t\t<\/div>\n\t\t\t\t<\/div>\n\t\t\t\t<div class=\"elementor-element elementor-element-4664c16 elementor-widget__width-initial elementor-widget elementor-widget-image\" data-id=\"4664c16\" data-element_type=\"widget\" data-widget_type=\"image.default\">\n\t\t\t\t<div class=\"elementor-widget-container\">\n\t\t\t\t\t\t\t\t\t\t\t\t\t<img fetchpriority=\"high\" decoding=\"async\" width=\"580\" height=\"385\" src=\"http:\/\/www.undar.edu.pe\/wp-content\/uploads\/2025\/06\/Sin-titulo-1.png\" class=\"attachment-medium_large size-medium_large wp-image-62912\" alt=\"Banner de noticias: Despega Music 2.0\" srcset=\"http:\/\/www.undar.edu.pe\/wp-content\/uploads\/2025\/06\/Sin-titulo-1.png 580w, http:\/\/www.undar.edu.pe\/wp-content\/uploads\/2025\/06\/Sin-titulo-1-300x199.png 300w\" sizes=\"(max-width: 580px) 100vw, 580px\" \/>\t\t\t\t\t\t\t\t\t\t\t\t\t<\/div>\n\t\t\t\t<\/div>\n\t\t\t\t<div class=\"elementor-element elementor-element-be5b4c8 elementor-widget elementor-widget-spacer\" data-id=\"be5b4c8\" data-element_type=\"widget\" data-widget_type=\"spacer.default\">\n\t\t\t\t<div class=\"elementor-widget-container\">\n\t\t\t\t\t<div class=\"elementor-spacer\">\n\t\t\t<div class=\"elementor-spacer-inner\"><\/div>\n\t\t<\/div>\n\t\t\t\t<\/div>\n\t\t\t\t<\/div>\n\t\t\t\t<div class=\"elementor-element elementor-element-35352b80 elementor-widget elementor-widget-text-editor\" data-id=\"35352b80\" data-element_type=\"widget\" data-widget_type=\"text-editor.default\">\n\t\t\t\t<div class=\"elementor-widget-container\">\n\t\t\t\t\t\t\t<p>Con la finalidad de consolidar una cultura de investigaci\u00f3n, innovaci\u00f3n y emprendimiento en el \u00e1mbito musical, la Direcci\u00f3n de Incubadora de Empresas (DIE), la Direcci\u00f3n de Innovaci\u00f3n y Transferencia Tecnol\u00f3gica, la Direcci\u00f3n de Producci\u00f3n de Bienes y Servicios y el Instituto de Investigaci\u00f3n, pertenecientes a la Vicepresidencia de Investigaci\u00f3n de la Universidad Nacional Daniel Alom\u00eda Robles (UNDAR), vienen organizando el evento <strong>DESPEGA MUSIC 2.0<\/strong>, que se realizar\u00e1 los d\u00edas 3 y 4 de julio, en el Auditorio Roel Edgardo Tarazona Padilla, sito en el jir\u00f3n General Prado 634, Hu\u00e1nuco.\u00a0<\/p><p>Esta segunda edici\u00f3n del evento se desarrolla en el marco de la pol\u00edtica institucional orientada al fortalecimiento de capacidades en la comunidad universitaria y en el ecosistema art\u00edstico-musical de la regi\u00f3n, con el objetivo de generar espacios que potencien el intercambio de experiencias, el desarrollo de ideas innovadoras y la articulaci\u00f3n entre la academia, el sector cultural y la sociedad civil.<\/p><p>DESPEGA MUSIC 2.0 contar\u00e1 con la participaci\u00f3n de especialistas y representantes de importantes instituciones cooperantes y aliadas estrat\u00e9gicas del sector art\u00edstico y musical, como tambi\u00e9n gestores culturales independientes y organizaciones que promueven el emprendimiento musical con enfoque territorial y comunitario.<\/p><p>Durante las jornadas matutinas, se desarrollar\u00e1n exposiciones acad\u00e9micas y paneles donde se abordar\u00e1n temas como propiedad intelectual, formalizaci\u00f3n, financiamiento, modelos de negocio art\u00edstico y experiencias de aciertos y desaciertos de artistas locales, nacionales e internacionales. Este enfoque permitir\u00e1 a los asistentes reconocer experiencias para generar aprendizajes desde la pr\u00e1ctica y construir una visi\u00f3n cr\u00edtica y proactiva del desarrollo musical sostenible.<\/p><p>El evento tiene como objetivos espec\u00edficos:<\/p><ol><li>Fomentar el desarrollo de habilidades emprendedoras en la comunidad universitaria.<\/li><li>Sensibilizar sobre la importancia de la propiedad intelectual, la formalizaci\u00f3n y el acceso al financiamiento en el \u00e1mbito musical.<\/li><li>Establecer redes de colaboraci\u00f3n entre la academia, el sector cultural, las instituciones p\u00fablicas y la sociedad civil.<\/li><li>Promover el surgimiento de ideas de negocio e investigaci\u00f3n con impacto social y cultural.<\/li><\/ol><p>Las tardes estar\u00e1n dedicadas a vibrantes presentaciones art\u00edsticas en vivo, que permitir\u00e1n apreciar el talento regional en diversos g\u00e9neros y formatos esc\u00e9nicos, reafirmando el compromiso de la UNDAR con la promoci\u00f3n y difusi\u00f3n del arte y la cultura.<\/p><p>La participaci\u00f3n es totalmente gratuita, y se otorgar\u00e1 certificaci\u00f3n por 20 horas acad\u00e9micas a quienes participen de ambas jornadas.<\/p><p><strong>\u00a1DESPEGA MUSIC 2 es m\u00e1s que un evento, es el punto de partida para una nueva generaci\u00f3n de artistas, emprendedores e investigadores!\u00a0<\/strong><\/p><p><strong>\u00a0<\/strong><\/p>\t\t\t\t\t\t<\/div>\n\t\t\t\t<\/div>\n\t\t\t\t<div class=\"elementor-element elementor-element-f83af45 elementor-share-buttons--view-icon elementor-share-buttons--skin-minimal elementor-share-buttons--shape-circle elementor-share-buttons--align-center elementor-grid-0 elementor-share-buttons--color-official elementor-widget elementor-widget-share-buttons\" data-id=\"f83af45\" data-element_type=\"widget\" data-widget_type=\"share-buttons.default\">\n\t\t\t\t<div class=\"elementor-widget-container\">\n\t\t\t\t\t<div class=\"elementor-grid\">\n\t\t\t\t\t\t\t\t<div class=\"elementor-grid-item\">\n\t\t\t\t\t\t<div\n\t\t\t\t\t\t\tclass=\"elementor-share-btn elementor-share-btn_facebook\"\n\t\t\t\t\t\t\trole=\"button\"\n\t\t\t\t\t\t\ttabindex=\"0\"\n\t\t\t\t\t\t\taria-label=\"Compartir en facebook\"\n\t\t\t\t\t\t>\n\t\t\t\t\t\t\t\t\t\t\t\t\t\t\t<span class=\"elementor-share-btn__icon\">\n\t\t\t\t\t\t\t\t<i class=\"fab fa-facebook\" aria-hidden=\"true\"><\/i>\t\t\t\t\t\t\t<\/span>\n\t\t\t\t\t\t\t\t\t\t\t\t\t\t\t\t\t\t\t\t<\/div>\n\t\t\t\t\t<\/div>\n\t\t\t\t\t\t\t\t\t<div class=\"elementor-grid-item\">\n\t\t\t\t\t\t<div\n\t\t\t\t\t\t\tclass=\"elementor-share-btn elementor-share-btn_twitter\"\n\t\t\t\t\t\t\trole=\"button\"\n\t\t\t\t\t\t\ttabindex=\"0\"\n\t\t\t\t\t\t\taria-label=\"Compartir en twitter\"\n\t\t\t\t\t\t>\n\t\t\t\t\t\t\t\t\t\t\t\t\t\t\t<span class=\"elementor-share-btn__icon\">\n\t\t\t\t\t\t\t\t<i class=\"fab fa-twitter\" aria-hidden=\"true\"><\/i>\t\t\t\t\t\t\t<\/span>\n\t\t\t\t\t\t\t\t\t\t\t\t\t\t\t\t\t\t\t\t<\/div>\n\t\t\t\t\t<\/div>\n\t\t\t\t\t\t\t\t\t<div class=\"elementor-grid-item\">\n\t\t\t\t\t\t<div\n\t\t\t\t\t\t\tclass=\"elementor-share-btn elementor-share-btn_linkedin\"\n\t\t\t\t\t\t\trole=\"button\"\n\t\t\t\t\t\t\ttabindex=\"0\"\n\t\t\t\t\t\t\taria-label=\"Compartir en linkedin\"\n\t\t\t\t\t\t>\n\t\t\t\t\t\t\t\t\t\t\t\t\t\t\t<span class=\"elementor-share-btn__icon\">\n\t\t\t\t\t\t\t\t<i class=\"fab fa-linkedin\" aria-hidden=\"true\"><\/i>\t\t\t\t\t\t\t<\/span>\n\t\t\t\t\t\t\t\t\t\t\t\t\t\t\t\t\t\t\t\t<\/div>\n\t\t\t\t\t<\/div>\n\t\t\t\t\t\t<\/div>\n\t\t\t\t<\/div>\n\t\t\t\t<\/div>\n\t\t\t\t<section class=\"elementor-section elementor-inner-section elementor-element elementor-element-4bfc828 elementor-section-boxed elementor-section-height-default elementor-section-height-default\" data-id=\"4bfc828\" data-element_type=\"section\">\n\t\t\t\t\t\t<div class=\"elementor-container elementor-column-gap-default\">\n\t\t\t\t\t<div class=\"elementor-column elementor-col-33 elementor-inner-column elementor-element elementor-element-231c783\" data-id=\"231c783\" data-element_type=\"column\">\n\t\t\t<div class=\"elementor-widget-wrap elementor-element-populated\">\n\t\t\t\t\t\t<div class=\"elementor-element elementor-element-2845b88 elementor-align-justify elementor-widget__width-inherit elementor-widget elementor-widget-button\" data-id=\"2845b88\" data-element_type=\"widget\" data-widget_type=\"button.default\">\n\t\t\t\t<div class=\"elementor-widget-container\">\n\t\t\t\t\t\t\t<div class=\"elementor-button-wrapper\">\n\t\t\t\t\t<a class=\"elementor-button elementor-button-link elementor-size-md\" href=\"https:\/\/www.undar.edu.pe\/index.php\/2025\/06\/24\/undar-fortalece-su-posicionamiento-internacional-con-la-firma-de-un-historico-convenio-con-universidades-de-espana-mexico-y-peru\/\">\n\t\t\t\t\t\t<span class=\"elementor-button-content-wrapper\">\n\t\t\t\t\t\t<span class=\"elementor-button-icon\">\n\t\t\t\t<i aria-hidden=\"true\" class=\"fas fa-arrow-left\"><\/i>\t\t\t<\/span>\n\t\t\t\t\t\t\t\t\t<span class=\"elementor-button-text\">ATR\u00c1S<\/span>\n\t\t\t\t\t<\/span>\n\t\t\t\t\t<\/a>\n\t\t\t\t<\/div>\n\t\t\t\t\t\t<\/div>\n\t\t\t\t<\/div>\n\t\t\t\t\t<\/div>\n\t\t<\/div>\n\t\t\t\t<div class=\"elementor-column elementor-col-33 elementor-inner-column elementor-element elementor-element-4d23888\" data-id=\"4d23888\" data-element_type=\"column\">\n\t\t\t<div class=\"elementor-widget-wrap\">\n\t\t\t\t\t\t\t<\/div>\n\t\t<\/div>\n\t\t\t\t<div class=\"elementor-column elementor-col-33 elementor-inner-column elementor-element elementor-element-ea4fe31\" data-id=\"ea4fe31\" data-element_type=\"column\">\n\t\t\t<div class=\"elementor-widget-wrap elementor-element-populated\">\n\t\t\t\t\t\t<div class=\"elementor-element elementor-element-4e9bafd elementor-align-justify elementor-widget__width-inherit elementor-widget elementor-widget-button\" data-id=\"4e9bafd\" data-element_type=\"widget\" data-widget_type=\"button.default\">\n\t\t\t\t<div class=\"elementor-widget-container\">\n\t\t\t\t\t\t\t<div class=\"elementor-button-wrapper\">\n\t\t\t\t\t<a class=\"elementor-button elementor-button-link elementor-size-md\" href=\"https:\/\/www.undar.edu.pe\/index.php\/2025\/05\/22\/undar-aprueba-matriz-de-compromisos-del-grupo-de-trabajo-y-equipo-tecnico-de-planeamiento-estrategico\/\">\n\t\t\t\t\t\t<span class=\"elementor-button-content-wrapper\">\n\t\t\t\t\t\t<span class=\"elementor-button-icon\">\n\t\t\t\t<i aria-hidden=\"true\" class=\"fas fa-arrow-right\"><\/i>\t\t\t<\/span>\n\t\t\t\t\t\t\t\t\t<span class=\"elementor-button-text\">SIGUIENTE<\/span>\n\t\t\t\t\t<\/span>\n\t\t\t\t\t<\/a>\n\t\t\t\t<\/div>\n\t\t\t\t\t\t<\/div>\n\t\t\t\t<\/div>\n\t\t\t\t\t<\/div>\n\t\t<\/div>\n\t\t\t\t\t<\/div>\n\t\t<\/section>\n\t\t\t\t<div class=\"elementor-element elementor-element-aa8fe31 elementor-widget elementor-widget-text-editor\" data-id=\"aa8fe31\" data-element_type=\"widget\" data-widget_type=\"text-editor.default\">\n\t\t\t\t<div class=\"elementor-widget-container\">\n\t\t\t\t\t\t\t<p><span style=\"color: #4b4f58; font-size: 15px;\"><button id=\"listenButton1\" class=\"responsivevoice-button\" type=\"button\" value=\"Play\" title=\"ResponsiveVoice Tap to Start\/Stop Speech\"><span>&#128266; Listen to this<\/span><\/button>\n        <script>\n            listenButton1.onclick = function(){\n                if(responsiveVoice.isPlaying()){\n                    responsiveVoice.cancel();\n                }else{\n                    responsiveVoice.speak(\"DESPEGA MUSIC 2.0 IMPULSA EL TALENTO ART\u00cdSTICO-MUSICAL Y FORTALE EL ECOSISTEMA CREATIVO DESDE UNDAR Con la finalidad de consolidar una cultura de investigaci\u00f3n, innovaci\u00f3n y emprendimiento en el \u00e1mbito musical, la Direcci\u00f3n de Incubadora de Empresas (DIE), la Direcci\u00f3n de Innovaci\u00f3n y Transferencia Tecnol\u00f3gica, la Direcci\u00f3n de Producci\u00f3n de Bienes y Servicios y el Instituto de Investigaci\u00f3n, pertenecientes a la Vicepresidencia de Investigaci\u00f3n de la Universidad Nacional Daniel Alom\u00eda Robles (UNDAR), vienen organizando el evento DESPEGA MUSIC 2.0, que se realizar\u00e1 los d\u00edas 3 y 4 de julio, en el Auditorio Roel Edgardo Tarazona Padilla, sito en el jir\u00f3n General Prado 634, Hu\u00e1nuco.\u00a0Esta segunda edici\u00f3n del evento se desarrolla en el marco de la pol\u00edtica institucional orientada al fortalecimiento de capacidades en la comunidad universitaria y en el ecosistema art\u00edstico-musical de la regi\u00f3n, con el objetivo de generar espacios que potencien el intercambio de experiencias, el desarrollo de ideas innovadoras y la articulaci\u00f3n entre la academia, el sector cultural y la sociedad civil.DESPEGA MUSIC 2.0 contar\u00e1 con la participaci\u00f3n de especialistas y representantes de importantes instituciones cooperantes y aliadas estrat\u00e9gicas del sector art\u00edstico y musical, como tambi\u00e9n gestores culturales independientes y organizaciones que promueven el emprendimiento musical con enfoque territorial y comunitario.Durante las jornadas matutinas, se desarrollar\u00e1n exposiciones acad\u00e9micas y paneles donde se abordar\u00e1n temas como propiedad intelectual, formalizaci\u00f3n, financiamiento, modelos de negocio art\u00edstico y experiencias de aciertos y desaciertos de artistas locales, nacionales e internacionales. Este enfoque permitir\u00e1 a los asistentes reconocer experiencias para generar aprendizajes desde la pr\u00e1ctica y construir una visi\u00f3n cr\u00edtica y proactiva del desarrollo musical sostenible.El evento tiene como objetivos espec\u00edficos:Fomentar el desarrollo de habilidades emprendedoras en la comunidad universitaria.Sensibilizar sobre la importancia de la propiedad intelectual, la formalizaci\u00f3n y el acceso al financiamiento en el \u00e1mbito musical.Establecer redes de colaboraci\u00f3n entre la academia, el sector cultural, las instituciones p\u00fablicas y la sociedad civil.Promover el surgimiento de ideas de negocio e investigaci\u00f3n con impacto social y cultural.Las tardes estar\u00e1n dedicadas a vibrantes presentaciones art\u00edsticas en vivo, que permitir\u00e1n apreciar el talento regional en diversos g\u00e9neros y formatos esc\u00e9nicos, reafirmando el compromiso de la UNDAR con la promoci\u00f3n y difusi\u00f3n del arte y la cultura.La participaci\u00f3n es totalmente gratuita, y se otorgar\u00e1 certificaci\u00f3n por 20 horas acad\u00e9micas a quienes participen de ambas jornadas.\u00a1DESPEGA MUSIC 2 es m\u00e1s que un evento, es el punto de partida para una nueva generaci\u00f3n de artistas, emprendedores e investigadores!\u00a0\u00a0 ATR\u00c1S SIGUIENTE \u00a0\", \"UK English Female\");\n                }\n            };\n        <\/script>\n    <\/span><span style=\"color: #4b4f58; font-size: 15px;\">\u00a0<\/span><\/p>\t\t\t\t\t\t<\/div>\n\t\t\t\t<\/div>\n\t\t\t\t\t<\/div>\n\t\t<\/div>\n\t\t\t\t\t<\/div>\n\t\t<\/section>\n\t\t\t\t<\/div>\n\t\t","protected":false},"excerpt":{"rendered":"<p>Con la finalidad de consolidar una cultura de investigaci\u00f3n, innovaci\u00f3n y emprendimiento en el \u00e1mbito musical, la Direcci\u00f3n de Incubadora de Empresas (DIE), la Direcci\u00f3n de (&#8230;)<\/p>\n","protected":false},"author":1,"featured_media":62912,"comment_status":"closed","ping_status":"closed","sticky":false,"template":"","format":"standard","meta":{"_uf_show_specific_survey":0,"_uf_disable_surveys":false,"footnotes":""},"categories":[7],"tags":[],"class_list":["post-62910","post","type-post","status-publish","format-standard","has-post-thumbnail","hentry","category-noticias"],"aioseo_notices":[],"_links":{"self":[{"href":"http:\/\/www.undar.edu.pe\/index.php\/wp-json\/wp\/v2\/posts\/62910","targetHints":{"allow":["GET"]}}],"collection":[{"href":"http:\/\/www.undar.edu.pe\/index.php\/wp-json\/wp\/v2\/posts"}],"about":[{"href":"http:\/\/www.undar.edu.pe\/index.php\/wp-json\/wp\/v2\/types\/post"}],"author":[{"embeddable":true,"href":"http:\/\/www.undar.edu.pe\/index.php\/wp-json\/wp\/v2\/users\/1"}],"replies":[{"embeddable":true,"href":"http:\/\/www.undar.edu.pe\/index.php\/wp-json\/wp\/v2\/comments?post=62910"}],"version-history":[{"count":38,"href":"http:\/\/www.undar.edu.pe\/index.php\/wp-json\/wp\/v2\/posts\/62910\/revisions"}],"predecessor-version":[{"id":63086,"href":"http:\/\/www.undar.edu.pe\/index.php\/wp-json\/wp\/v2\/posts\/62910\/revisions\/63086"}],"wp:featuredmedia":[{"embeddable":true,"href":"http:\/\/www.undar.edu.pe\/index.php\/wp-json\/wp\/v2\/media\/62912"}],"wp:attachment":[{"href":"http:\/\/www.undar.edu.pe\/index.php\/wp-json\/wp\/v2\/media?parent=62910"}],"wp:term":[{"taxonomy":"category","embeddable":true,"href":"http:\/\/www.undar.edu.pe\/index.php\/wp-json\/wp\/v2\/categories?post=62910"},{"taxonomy":"post_tag","embeddable":true,"href":"http:\/\/www.undar.edu.pe\/index.php\/wp-json\/wp\/v2\/tags?post=62910"}],"curies":[{"name":"wp","href":"https:\/\/api.w.org\/{rel}","templated":true}]}}