{"id":62854,"date":"2025-06-23T15:24:13","date_gmt":"2025-06-23T20:24:13","guid":{"rendered":"http:\/\/www.undar.edu.pe\/?p=62854"},"modified":"2025-06-23T15:30:38","modified_gmt":"2025-06-23T20:30:38","slug":"undar-realizo-exitosa-capacitacion-para-promover-la-inclusion-universidad-para-todos-empatia-accion-e-inclusion-que-transforma","status":"publish","type":"post","link":"http:\/\/www.undar.edu.pe\/index.php\/2025\/06\/23\/undar-realizo-exitosa-capacitacion-para-promover-la-inclusion-universidad-para-todos-empatia-accion-e-inclusion-que-transforma\/","title":{"rendered":"UNDAR REALIZ\u00d3 EXITOSA CAPACITACI\u00d3N PARA PROMOVER LA INCLUSI\u00d3N: \u201cUNIVERSIDAD PARA TODOS: EMPAT\u00cdA, ACCI\u00d3N E INCLUSI\u00d3N QUE TRANSFORMA\u201d"},"content":{"rendered":"\t\t<div data-elementor-type=\"wp-post\" data-elementor-id=\"62854\" class=\"elementor elementor-62854\" data-elementor-post-type=\"post\">\n\t\t\t\t\t\t<section class=\"elementor-section elementor-top-section elementor-element elementor-element-18871c0f elementor-section-boxed elementor-section-height-default elementor-section-height-default\" data-id=\"18871c0f\" data-element_type=\"section\">\n\t\t\t\t\t\t<div class=\"elementor-container elementor-column-gap-default\">\n\t\t\t\t\t<div class=\"elementor-column elementor-col-100 elementor-top-column elementor-element elementor-element-40331c9a\" data-id=\"40331c9a\" data-element_type=\"column\">\n\t\t\t<div class=\"elementor-widget-wrap elementor-element-populated\">\n\t\t\t\t\t\t<div class=\"elementor-element elementor-element-8e07069 elementor-widget elementor-widget-heading\" data-id=\"8e07069\" data-element_type=\"widget\" data-widget_type=\"heading.default\">\n\t\t\t\t<div class=\"elementor-widget-container\">\n\t\t\t<h4 class=\"elementor-heading-title elementor-size-default\">UNDAR REALIZ\u00d3 EXITOSA CAPACITACI\u00d3N PARA PROMOVER LA INCLUSI\u00d3N: \u201cUNIVERSIDAD PARA TODOS: EMPAT\u00cdA, ACCI\u00d3N E INCLUSI\u00d3N QUE TRANSFORMA\u201d<\/h4>\t\t<\/div>\n\t\t\t\t<\/div>\n\t\t\t\t<div class=\"elementor-element elementor-element-4664c16 elementor-widget__width-initial elementor-widget elementor-widget-image\" data-id=\"4664c16\" data-element_type=\"widget\" data-widget_type=\"image.default\">\n\t\t\t\t<div class=\"elementor-widget-container\">\n\t\t\t\t\t\t\t\t\t\t\t\t\t<img fetchpriority=\"high\" decoding=\"async\" width=\"580\" height=\"385\" src=\"http:\/\/www.undar.edu.pe\/wp-content\/uploads\/2025\/06\/capacitacion.gif\" class=\"attachment-medium_large size-medium_large wp-image-62859\" alt=\"Banner de noticias: Fotos de la capacitaci\u00f3n &quot;Universidad para todos&quot;\" \/>\t\t\t\t\t\t\t\t\t\t\t\t\t<\/div>\n\t\t\t\t<\/div>\n\t\t\t\t<div class=\"elementor-element elementor-element-be5b4c8 elementor-widget elementor-widget-spacer\" data-id=\"be5b4c8\" data-element_type=\"widget\" data-widget_type=\"spacer.default\">\n\t\t\t\t<div class=\"elementor-widget-container\">\n\t\t\t\t\t<div class=\"elementor-spacer\">\n\t\t\t<div class=\"elementor-spacer-inner\"><\/div>\n\t\t<\/div>\n\t\t\t\t<\/div>\n\t\t\t\t<\/div>\n\t\t\t\t<div class=\"elementor-element elementor-element-35352b80 elementor-widget elementor-widget-text-editor\" data-id=\"35352b80\" data-element_type=\"widget\" data-widget_type=\"text-editor.default\">\n\t\t\t\t<div class=\"elementor-widget-container\">\n\t\t\t\t\t\t\tCon el firme prop\u00f3sito de fortalecer una cultura institucional inclusiva y respetuosa de la diversidad, la Universidad Nacional Daniel Alom\u00eda Robles (UNDAR), a trav\u00e9s de la Direcci\u00f3n de Bienestar Universitario y el \u00e1rea de Servicio Social, llev\u00f3 a cabo la capacitaci\u00f3n titulada \u201cUniversidad para todos: Empat\u00eda, acci\u00f3n e inclusi\u00f3n que transforma\u201d, dirigida a toda la comunidad universitaria.<\/span><\/strong><\/p>\nLa jornada se desarroll\u00f3 el viernes 20 de junio en el auditorio del local administrativo de la universidad, congregando a docentes, personal administrativo y estudiantes en un espacio formativo vivencial y participativo, centrado en el reconocimiento de barreras f\u00edsicas, actitudinales y comunicacionales que limitan el ejercicio pleno del derecho a la educaci\u00f3n.<\/span><\/strong><\/p>\nDurante la capacitaci\u00f3n, se abordaron temas clave como la empat\u00eda frente a la diversidad, las microagresiones invisibles, la accesibilidad comunicativa y el uso b\u00e1sico de lengua de se\u00f1as. Asimismo, se promovi\u00f3 la construcci\u00f3n de compromisos personales y colectivos que aporten a la transformaci\u00f3n de los espacios educativos en entornos m\u00e1s justos y equitativos.<\/span><\/strong><\/p>\nLa actividad se enmarc\u00f3 en las acciones del Plan de Atenci\u00f3n a la Diversidad 2025, aprobado por Resoluci\u00f3n de Comisi\u00f3n Organizadora N.\u00ba 144-2025-CO-UNDAR, y estuvo alineada con los principios de dignidad humana, justicia social e igualdad de oportunidades.<\/span><\/strong><\/p>\nAl t\u00e9rmino del evento, los participantes recibieron una certificaci\u00f3n acad\u00e9mica equivalente a tres cr\u00e9ditos, como reconocimiento a su activa participaci\u00f3n y compromiso con una universidad m\u00e1s accesible e inclusiva.<\/span><\/strong><\/p>\t\t\t\t\t\t<\/div>\n\t\t\t\t<\/div>\n\t\t\t\t<div class=\"elementor-element elementor-element-f83af45 elementor-share-buttons--view-icon elementor-share-buttons--skin-minimal elementor-share-buttons--shape-circle elementor-share-buttons--align-center elementor-grid-0 elementor-share-buttons--color-official elementor-widget elementor-widget-share-buttons\" data-id=\"f83af45\" data-element_type=\"widget\" data-widget_type=\"share-buttons.default\">\n\t\t\t\t<div class=\"elementor-widget-container\">\n\t\t\t\t\t<div class=\"elementor-grid\">\n\t\t\t\t\t\t\t\t<div class=\"elementor-grid-item\">\n\t\t\t\t\t\t<div\n\t\t\t\t\t\t\tclass=\"elementor-share-btn elementor-share-btn_facebook\"\n\t\t\t\t\t\t\trole=\"button\"\n\t\t\t\t\t\t\ttabindex=\"0\"\n\t\t\t\t\t\t\taria-label=\"Compartir en facebook\"\n\t\t\t\t\t\t>\n\t\t\t\t\t\t\t\t\t\t\t\t\t\t\t<span class=\"elementor-share-btn__icon\">\n\t\t\t\t\t\t\t\t<i class=\"fab fa-facebook\" aria-hidden=\"true\"><\/i>\t\t\t\t\t\t\t<\/span>\n\t\t\t\t\t\t\t\t\t\t\t\t\t\t\t\t\t\t\t\t<\/div>\n\t\t\t\t\t<\/div>\n\t\t\t\t\t\t\t\t\t<div class=\"elementor-grid-item\">\n\t\t\t\t\t\t<div\n\t\t\t\t\t\t\tclass=\"elementor-share-btn elementor-share-btn_twitter\"\n\t\t\t\t\t\t\trole=\"button\"\n\t\t\t\t\t\t\ttabindex=\"0\"\n\t\t\t\t\t\t\taria-label=\"Compartir en twitter\"\n\t\t\t\t\t\t>\n\t\t\t\t\t\t\t\t\t\t\t\t\t\t\t<span class=\"elementor-share-btn__icon\">\n\t\t\t\t\t\t\t\t<i class=\"fab fa-twitter\" aria-hidden=\"true\"><\/i>\t\t\t\t\t\t\t<\/span>\n\t\t\t\t\t\t\t\t\t\t\t\t\t\t\t\t\t\t\t\t<\/div>\n\t\t\t\t\t<\/div>\n\t\t\t\t\t\t\t\t\t<div class=\"elementor-grid-item\">\n\t\t\t\t\t\t<div\n\t\t\t\t\t\t\tclass=\"elementor-share-btn elementor-share-btn_linkedin\"\n\t\t\t\t\t\t\trole=\"button\"\n\t\t\t\t\t\t\ttabindex=\"0\"\n\t\t\t\t\t\t\taria-label=\"Compartir en linkedin\"\n\t\t\t\t\t\t>\n\t\t\t\t\t\t\t\t\t\t\t\t\t\t\t<span class=\"elementor-share-btn__icon\">\n\t\t\t\t\t\t\t\t<i class=\"fab fa-linkedin\" aria-hidden=\"true\"><\/i>\t\t\t\t\t\t\t<\/span>\n\t\t\t\t\t\t\t\t\t\t\t\t\t\t\t\t\t\t\t\t<\/div>\n\t\t\t\t\t<\/div>\n\t\t\t\t\t\t<\/div>\n\t\t\t\t<\/div>\n\t\t\t\t<\/div>\n\t\t\t\t<section class=\"elementor-section elementor-inner-section elementor-element elementor-element-4bfc828 elementor-section-boxed elementor-section-height-default elementor-section-height-default\" data-id=\"4bfc828\" data-element_type=\"section\">\n\t\t\t\t\t\t<div class=\"elementor-container elementor-column-gap-default\">\n\t\t\t\t\t<div class=\"elementor-column elementor-col-33 elementor-inner-column elementor-element elementor-element-231c783\" data-id=\"231c783\" data-element_type=\"column\">\n\t\t\t<div class=\"elementor-widget-wrap elementor-element-populated\">\n\t\t\t\t\t\t<div class=\"elementor-element elementor-element-2845b88 elementor-align-justify elementor-widget__width-inherit elementor-widget elementor-widget-button\" data-id=\"2845b88\" data-element_type=\"widget\" data-widget_type=\"button.default\">\n\t\t\t\t<div class=\"elementor-widget-container\">\n\t\t\t\t\t\t\t<div class=\"elementor-button-wrapper\">\n\t\t\t\t\t<a class=\"elementor-button elementor-button-link elementor-size-md\" href=\"https:\/\/www.undar.edu.pe\/index.php\/2025\/06\/20\/undar-y-umce-firman-primer-convenio-internacional-de-cooperacion-en-favor-de-la-educacion-y-la-cultura-iberoamericana\/\">\n\t\t\t\t\t\t<span class=\"elementor-button-content-wrapper\">\n\t\t\t\t\t\t<span class=\"elementor-button-icon\">\n\t\t\t\t<i aria-hidden=\"true\" class=\"fas fa-arrow-left\"><\/i>\t\t\t<\/span>\n\t\t\t\t\t\t\t\t\t<span class=\"elementor-button-text\">ATR\u00c1S<\/span>\n\t\t\t\t\t<\/span>\n\t\t\t\t\t<\/a>\n\t\t\t\t<\/div>\n\t\t\t\t\t\t<\/div>\n\t\t\t\t<\/div>\n\t\t\t\t\t<\/div>\n\t\t<\/div>\n\t\t\t\t<div class=\"elementor-column elementor-col-33 elementor-inner-column elementor-element elementor-element-4d23888\" data-id=\"4d23888\" data-element_type=\"column\">\n\t\t\t<div class=\"elementor-widget-wrap\">\n\t\t\t\t\t\t\t<\/div>\n\t\t<\/div>\n\t\t\t\t<div class=\"elementor-column elementor-col-33 elementor-inner-column elementor-element elementor-element-ea4fe31\" data-id=\"ea4fe31\" data-element_type=\"column\">\n\t\t\t<div class=\"elementor-widget-wrap elementor-element-populated\">\n\t\t\t\t\t\t<div class=\"elementor-element elementor-element-4e9bafd elementor-align-justify elementor-widget__width-inherit elementor-widget elementor-widget-button\" data-id=\"4e9bafd\" data-element_type=\"widget\" data-widget_type=\"button.default\">\n\t\t\t\t<div class=\"elementor-widget-container\">\n\t\t\t\t\t\t\t<div class=\"elementor-button-wrapper\">\n\t\t\t\t\t<a class=\"elementor-button elementor-button-link elementor-size-md\" href=\"https:\/\/www.undar.edu.pe\/index.php\/2025\/05\/22\/undar-aprueba-matriz-de-compromisos-del-grupo-de-trabajo-y-equipo-tecnico-de-planeamiento-estrategico\/\">\n\t\t\t\t\t\t<span class=\"elementor-button-content-wrapper\">\n\t\t\t\t\t\t<span class=\"elementor-button-icon\">\n\t\t\t\t<i aria-hidden=\"true\" class=\"fas fa-arrow-right\"><\/i>\t\t\t<\/span>\n\t\t\t\t\t\t\t\t\t<span class=\"elementor-button-text\">SIGUIENTE<\/span>\n\t\t\t\t\t<\/span>\n\t\t\t\t\t<\/a>\n\t\t\t\t<\/div>\n\t\t\t\t\t\t<\/div>\n\t\t\t\t<\/div>\n\t\t\t\t\t<\/div>\n\t\t<\/div>\n\t\t\t\t\t<\/div>\n\t\t<\/section>\n\t\t\t\t<div class=\"elementor-element elementor-element-aa8fe31 elementor-widget elementor-widget-text-editor\" data-id=\"aa8fe31\" data-element_type=\"widget\" data-widget_type=\"text-editor.default\">\n\t\t\t\t<div class=\"elementor-widget-container\">\n\t\t\t\t\t\t\t<p><span style=\"color: #4b4f58; font-size: 15px;\"><button id=\"listenButton1\" class=\"responsivevoice-button\" type=\"button\" value=\"Play\" title=\"ResponsiveVoice Tap to Start\/Stop Speech\"><span>&#128266; Listen to this<\/span><\/button>\n        <script>\n            listenButton1.onclick = function(){\n                if(responsiveVoice.isPlaying()){\n                    responsiveVoice.cancel();\n                }else{\n                    responsiveVoice.speak(\"UNDAR REALIZ\u00d3 EXITOSA CAPACITACI\u00d3N PARA PROMOVER LA INCLUSI\u00d3N: \u201cUNIVERSIDAD PARA TODOS: EMPAT\u00cdA, ACCI\u00d3N E INCLUSI\u00d3N QUE TRANSFORMA\u201d Con el firme prop\u00f3sito de fortalecer una cultura institucional inclusiva y respetuosa de la diversidad, la Universidad Nacional Daniel Alom\u00eda Robles (UNDAR), a trav\u00e9s de la Direcci\u00f3n de Bienestar Universitario y el \u00e1rea de Servicio Social, llev\u00f3 a cabo la capacitaci\u00f3n titulada \u201cUniversidad para todos: Empat\u00eda, acci\u00f3n e inclusi\u00f3n que transforma\u201d, dirigida a toda la comunidad universitaria. La jornada se desarroll\u00f3 el viernes 20 de junio en el auditorio del local administrativo de la universidad, congregando a docentes, personal administrativo y estudiantes en un espacio formativo vivencial y participativo, centrado en el reconocimiento de barreras f\u00edsicas, actitudinales y comunicacionales que limitan el ejercicio pleno del derecho a la educaci\u00f3n. Durante la capacitaci\u00f3n, se abordaron temas clave como la empat\u00eda frente a la diversidad, las microagresiones invisibles, la accesibilidad comunicativa y el uso b\u00e1sico de lengua de se\u00f1as. Asimismo, se promovi\u00f3 la construcci\u00f3n de compromisos personales y colectivos que aporten a la transformaci\u00f3n de los espacios educativos en entornos m\u00e1s justos y equitativos. La actividad se enmarc\u00f3 en las acciones del Plan de Atenci\u00f3n a la Diversidad 2025, aprobado por Resoluci\u00f3n de Comisi\u00f3n Organizadora N.\u00ba 144-2025-CO-UNDAR, y estuvo alineada con los principios de dignidad humana, justicia social e igualdad de oportunidades. Al t\u00e9rmino del evento, los participantes recibieron una certificaci\u00f3n acad\u00e9mica equivalente a tres cr\u00e9ditos, como reconocimiento a su activa participaci\u00f3n y compromiso con una universidad m\u00e1s accesible e inclusiva. ATR\u00c1S SIGUIENTE\", \"UK English Female\");\n                }\n            };\n        <\/script>\n    <\/span><span style=\"color: #4b4f58; font-size: 15px;\">\u00a0<\/span><\/p>\t\t\t\t\t\t<\/div>\n\t\t\t\t<\/div>\n\t\t\t\t\t<\/div>\n\t\t<\/div>\n\t\t\t\t\t<\/div>\n\t\t<\/section>\n\t\t\t\t<\/div>\n\t\t","protected":false},"excerpt":{"rendered":"<p>Con el firme prop\u00f3sito de fortalecer una cultura institucional inclusiva y respetuosa de la diversidad, la Universidad Nacional Daniel Alom\u00eda Robles (UNDAR), a trav\u00e9s de la (&#8230;)<\/p>\n","protected":false},"author":1,"featured_media":62859,"comment_status":"closed","ping_status":"closed","sticky":false,"template":"","format":"standard","meta":{"_uf_show_specific_survey":0,"_uf_disable_surveys":false,"footnotes":""},"categories":[7],"tags":[],"class_list":["post-62854","post","type-post","status-publish","format-standard","has-post-thumbnail","hentry","category-noticias"],"aioseo_notices":[],"_links":{"self":[{"href":"http:\/\/www.undar.edu.pe\/index.php\/wp-json\/wp\/v2\/posts\/62854","targetHints":{"allow":["GET"]}}],"collection":[{"href":"http:\/\/www.undar.edu.pe\/index.php\/wp-json\/wp\/v2\/posts"}],"about":[{"href":"http:\/\/www.undar.edu.pe\/index.php\/wp-json\/wp\/v2\/types\/post"}],"author":[{"embeddable":true,"href":"http:\/\/www.undar.edu.pe\/index.php\/wp-json\/wp\/v2\/users\/1"}],"replies":[{"embeddable":true,"href":"http:\/\/www.undar.edu.pe\/index.php\/wp-json\/wp\/v2\/comments?post=62854"}],"version-history":[{"count":11,"href":"http:\/\/www.undar.edu.pe\/index.php\/wp-json\/wp\/v2\/posts\/62854\/revisions"}],"predecessor-version":[{"id":62866,"href":"http:\/\/www.undar.edu.pe\/index.php\/wp-json\/wp\/v2\/posts\/62854\/revisions\/62866"}],"wp:featuredmedia":[{"embeddable":true,"href":"http:\/\/www.undar.edu.pe\/index.php\/wp-json\/wp\/v2\/media\/62859"}],"wp:attachment":[{"href":"http:\/\/www.undar.edu.pe\/index.php\/wp-json\/wp\/v2\/media?parent=62854"}],"wp:term":[{"taxonomy":"category","embeddable":true,"href":"http:\/\/www.undar.edu.pe\/index.php\/wp-json\/wp\/v2\/categories?post=62854"},{"taxonomy":"post_tag","embeddable":true,"href":"http:\/\/www.undar.edu.pe\/index.php\/wp-json\/wp\/v2\/tags?post=62854"}],"curies":[{"name":"wp","href":"https:\/\/api.w.org\/{rel}","templated":true}]}}