{"id":62224,"date":"2025-04-30T14:54:11","date_gmt":"2025-04-30T19:54:11","guid":{"rendered":"http:\/\/www.undar.edu.pe\/?p=62224"},"modified":"2025-05-27T11:55:06","modified_gmt":"2025-05-27T16:55:06","slug":"vicepresidencia-de-investigacion-de-la-undar-participo-en-taller-sobre-lineas-y-grupos-de-investigacion-organizado-por-concytec","status":"publish","type":"post","link":"http:\/\/www.undar.edu.pe\/index.php\/2025\/04\/30\/vicepresidencia-de-investigacion-de-la-undar-participo-en-taller-sobre-lineas-y-grupos-de-investigacion-organizado-por-concytec\/","title":{"rendered":"VICEPRESIDENCIA DE INVESTIGACI\u00d3N DE LA UNDAR PARTICIP\u00d3 EN TALLER SOBRE L\u00cdNEAS Y GRUPOS DE INVESTIGACI\u00d3N ORGANIZADO POR CONCYTEC"},"content":{"rendered":"\t\t<div data-elementor-type=\"wp-post\" data-elementor-id=\"62224\" class=\"elementor elementor-62224\" data-elementor-post-type=\"post\">\n\t\t\t\t\t\t<section class=\"elementor-section elementor-top-section elementor-element elementor-element-18871c0f elementor-section-boxed elementor-section-height-default elementor-section-height-default\" data-id=\"18871c0f\" data-element_type=\"section\">\n\t\t\t\t\t\t<div class=\"elementor-container elementor-column-gap-default\">\n\t\t\t\t\t<div class=\"elementor-column elementor-col-100 elementor-top-column elementor-element elementor-element-40331c9a\" data-id=\"40331c9a\" data-element_type=\"column\">\n\t\t\t<div class=\"elementor-widget-wrap elementor-element-populated\">\n\t\t\t\t\t\t<div class=\"elementor-element elementor-element-afab122 elementor-widget elementor-widget-heading\" data-id=\"afab122\" data-element_type=\"widget\" data-widget_type=\"heading.default\">\n\t\t\t\t<div class=\"elementor-widget-container\">\n\t\t\t<h4 class=\"elementor-heading-title elementor-size-default\">VICEPRESIDENCIA DE INVESTIGACI\u00d3N DE LA UNDAR PARTICIP\u00d3 EN TALLER SOBRE L\u00cdNEAS Y GRUPOS DE INVESTIGACI\u00d3N ORGANIZADO POR CONCYTEC<\/h4>\t\t<\/div>\n\t\t\t\t<\/div>\n\t\t\t\t<div class=\"elementor-element elementor-element-4664c16 elementor-widget elementor-widget-image\" data-id=\"4664c16\" data-element_type=\"widget\" data-widget_type=\"image.default\">\n\t\t\t\t<div class=\"elementor-widget-container\">\n\t\t\t\t\t\t\t\t\t\t\t\t\t<img fetchpriority=\"high\" decoding=\"async\" width=\"580\" height=\"385\" src=\"http:\/\/www.undar.edu.pe\/wp-content\/uploads\/2025\/04\/29-04.gif\" class=\"attachment-medium_large size-medium_large wp-image-62226\" alt=\"Banner de noticias: Taller sobre l\u00edneas y grupos de investigaci\u00f3n organizado por CONCYTEC\" \/>\t\t\t\t\t\t\t\t\t\t\t\t\t<\/div>\n\t\t\t\t<\/div>\n\t\t\t\t<div class=\"elementor-element elementor-element-35352b80 elementor-widget elementor-widget-text-editor\" data-id=\"35352b80\" data-element_type=\"widget\" data-widget_type=\"text-editor.default\">\n\t\t\t\t<div class=\"elementor-widget-container\">\n\t\t\t\t\t\t\t<p>La Vicepresidencia de Investigaci\u00f3n de la Universidad Nacional Daniel Alom\u00eda Robles (UNDAR) particip\u00f3 en el taller L\u00edneas y Grupos de Investigaci\u00f3n, organizado por el Consejo Nacional de Ciencia, Tecnolog\u00eda e Innovaci\u00f3n Tecnol\u00f3gica (CONCYTEC), el cual se llev\u00f3 a cabo en las instalaciones del Gran Hotel de Hu\u00e1nuco.<\/p><p>El evento cont\u00f3 con la presencia de 20 participantes, entre vice rectores, directores de institutos de investigaci\u00f3n,\u00a0 especialistas de investigaci\u00f3n, entre otros profesionales de las universidades: Universidad Nacional Hermilio Valdiz\u00e1n, Universidad de Hu\u00e1nuco, Universidad Nacional Agraria de la Selva y la propia UNDAR. Este taller tuvo como objetivo fortalecer las capacidades institucionales en torno a la formulaci\u00f3n de l\u00edneas y la consolidaci\u00f3n de grupos de investigaci\u00f3n.<\/p><p>La jornada inici\u00f3 con el proceso de inscripci\u00f3n a las 8:00 a.\u202fm., seguido de la inauguraci\u00f3n oficial. Posteriormente, el Dr. C\u00e9sar Osorio Carrera, especialista de la Subdirecci\u00f3n de Ciencia, Tecnolog\u00eda y Talentos del CONCYTEC, desarroll\u00f3 una exposici\u00f3n magistral sobre la importancia de definir l\u00edneas de investigaci\u00f3n pertinentes y la organizaci\u00f3n efectiva de grupos de investigaci\u00f3n en las universidades.<\/p><p>Durante el turno de la tarde se realizaron sesiones pr\u00e1cticas en modalidad de taller, donde los asistentes trabajaron en la identificaci\u00f3n y estructuraci\u00f3n de l\u00edneas de investigaci\u00f3n y grupos interdisciplinarios, culminando el evento con una ceremonia de clausura a las 4:00 p.\u202fm.<\/p><p>\u00a0<\/p>\t\t\t\t\t\t<\/div>\n\t\t\t\t<\/div>\n\t\t\t\t<div class=\"elementor-element elementor-element-f83af45 elementor-share-buttons--view-icon elementor-share-buttons--skin-minimal elementor-share-buttons--shape-circle elementor-share-buttons--align-center elementor-grid-0 elementor-share-buttons--color-official elementor-widget elementor-widget-share-buttons\" data-id=\"f83af45\" data-element_type=\"widget\" data-widget_type=\"share-buttons.default\">\n\t\t\t\t<div class=\"elementor-widget-container\">\n\t\t\t\t\t<div class=\"elementor-grid\">\n\t\t\t\t\t\t\t\t<div class=\"elementor-grid-item\">\n\t\t\t\t\t\t<div\n\t\t\t\t\t\t\tclass=\"elementor-share-btn elementor-share-btn_facebook\"\n\t\t\t\t\t\t\trole=\"button\"\n\t\t\t\t\t\t\ttabindex=\"0\"\n\t\t\t\t\t\t\taria-label=\"Compartir en facebook\"\n\t\t\t\t\t\t>\n\t\t\t\t\t\t\t\t\t\t\t\t\t\t\t<span class=\"elementor-share-btn__icon\">\n\t\t\t\t\t\t\t\t<i class=\"fab fa-facebook\" aria-hidden=\"true\"><\/i>\t\t\t\t\t\t\t<\/span>\n\t\t\t\t\t\t\t\t\t\t\t\t\t\t\t\t\t\t\t\t<\/div>\n\t\t\t\t\t<\/div>\n\t\t\t\t\t\t\t\t\t<div class=\"elementor-grid-item\">\n\t\t\t\t\t\t<div\n\t\t\t\t\t\t\tclass=\"elementor-share-btn elementor-share-btn_twitter\"\n\t\t\t\t\t\t\trole=\"button\"\n\t\t\t\t\t\t\ttabindex=\"0\"\n\t\t\t\t\t\t\taria-label=\"Compartir en twitter\"\n\t\t\t\t\t\t>\n\t\t\t\t\t\t\t\t\t\t\t\t\t\t\t<span class=\"elementor-share-btn__icon\">\n\t\t\t\t\t\t\t\t<i class=\"fab fa-twitter\" aria-hidden=\"true\"><\/i>\t\t\t\t\t\t\t<\/span>\n\t\t\t\t\t\t\t\t\t\t\t\t\t\t\t\t\t\t\t\t<\/div>\n\t\t\t\t\t<\/div>\n\t\t\t\t\t\t\t\t\t<div class=\"elementor-grid-item\">\n\t\t\t\t\t\t<div\n\t\t\t\t\t\t\tclass=\"elementor-share-btn elementor-share-btn_linkedin\"\n\t\t\t\t\t\t\trole=\"button\"\n\t\t\t\t\t\t\ttabindex=\"0\"\n\t\t\t\t\t\t\taria-label=\"Compartir en linkedin\"\n\t\t\t\t\t\t>\n\t\t\t\t\t\t\t\t\t\t\t\t\t\t\t<span class=\"elementor-share-btn__icon\">\n\t\t\t\t\t\t\t\t<i class=\"fab fa-linkedin\" aria-hidden=\"true\"><\/i>\t\t\t\t\t\t\t<\/span>\n\t\t\t\t\t\t\t\t\t\t\t\t\t\t\t\t\t\t\t\t<\/div>\n\t\t\t\t\t<\/div>\n\t\t\t\t\t\t<\/div>\n\t\t\t\t<\/div>\n\t\t\t\t<\/div>\n\t\t\t\t<section class=\"elementor-section elementor-inner-section elementor-element elementor-element-4bfc828 elementor-section-boxed elementor-section-height-default elementor-section-height-default\" data-id=\"4bfc828\" data-element_type=\"section\">\n\t\t\t\t\t\t<div class=\"elementor-container elementor-column-gap-default\">\n\t\t\t\t\t<div class=\"elementor-column elementor-col-33 elementor-inner-column elementor-element elementor-element-231c783\" data-id=\"231c783\" data-element_type=\"column\">\n\t\t\t<div class=\"elementor-widget-wrap elementor-element-populated\">\n\t\t\t\t\t\t<div class=\"elementor-element elementor-element-2845b88 elementor-align-justify elementor-widget__width-inherit elementor-widget elementor-widget-button\" data-id=\"2845b88\" data-element_type=\"widget\" data-widget_type=\"button.default\">\n\t\t\t\t<div class=\"elementor-widget-container\">\n\t\t\t\t\t\t\t<div class=\"elementor-button-wrapper\">\n\t\t\t\t\t<a class=\"elementor-button elementor-button-link elementor-size-md\" href=\"https:\/\/www.undar.edu.pe\/index.php\/2025\/04\/29\/undar-y-roosevelt-school-conmemoraron-el-dia-mundial-del-libro-con-conversatorio-literario\/\">\n\t\t\t\t\t\t<span class=\"elementor-button-content-wrapper\">\n\t\t\t\t\t\t<span class=\"elementor-button-icon\">\n\t\t\t\t<i aria-hidden=\"true\" class=\"fas fa-arrow-left\"><\/i>\t\t\t<\/span>\n\t\t\t\t\t\t\t\t\t<span class=\"elementor-button-text\">ATR\u00c1S<\/span>\n\t\t\t\t\t<\/span>\n\t\t\t\t\t<\/a>\n\t\t\t\t<\/div>\n\t\t\t\t\t\t<\/div>\n\t\t\t\t<\/div>\n\t\t\t\t\t<\/div>\n\t\t<\/div>\n\t\t\t\t<div class=\"elementor-column elementor-col-33 elementor-inner-column elementor-element elementor-element-4d23888\" data-id=\"4d23888\" data-element_type=\"column\">\n\t\t\t<div class=\"elementor-widget-wrap\">\n\t\t\t\t\t\t\t<\/div>\n\t\t<\/div>\n\t\t\t\t<div class=\"elementor-column elementor-col-33 elementor-inner-column elementor-element elementor-element-ea4fe31\" data-id=\"ea4fe31\" data-element_type=\"column\">\n\t\t\t<div class=\"elementor-widget-wrap elementor-element-populated\">\n\t\t\t\t\t\t<div class=\"elementor-element elementor-element-4e9bafd elementor-align-justify elementor-widget__width-inherit elementor-widget elementor-widget-button\" data-id=\"4e9bafd\" data-element_type=\"widget\" data-widget_type=\"button.default\">\n\t\t\t\t<div class=\"elementor-widget-container\">\n\t\t\t\t\t\t\t<div class=\"elementor-button-wrapper\">\n\t\t\t\t\t<a class=\"elementor-button elementor-button-link elementor-size-md\" href=\"https:\/\/www.undar.edu.pe\/index.php\/2025\/05\/15\/undar-presento-la-revista-de-investigacion-rodolfo-holzmann-vol-3-n-o-5-con-destacadas-producciones-academicas\/\">\n\t\t\t\t\t\t<span class=\"elementor-button-content-wrapper\">\n\t\t\t\t\t\t<span class=\"elementor-button-icon\">\n\t\t\t\t<i aria-hidden=\"true\" class=\"fas fa-arrow-right\"><\/i>\t\t\t<\/span>\n\t\t\t\t\t\t\t\t\t<span class=\"elementor-button-text\">SIGUIENTE<\/span>\n\t\t\t\t\t<\/span>\n\t\t\t\t\t<\/a>\n\t\t\t\t<\/div>\n\t\t\t\t\t\t<\/div>\n\t\t\t\t<\/div>\n\t\t\t\t\t<\/div>\n\t\t<\/div>\n\t\t\t\t\t<\/div>\n\t\t<\/section>\n\t\t\t\t<div class=\"elementor-element elementor-element-aa8fe31 elementor-widget elementor-widget-text-editor\" data-id=\"aa8fe31\" data-element_type=\"widget\" data-widget_type=\"text-editor.default\">\n\t\t\t\t<div class=\"elementor-widget-container\">\n\t\t\t\t\t\t\t<p><span style=\"color: #4b4f58; font-size: 15px;\"><button id=\"listenButton1\" class=\"responsivevoice-button\" type=\"button\" value=\"Play\" title=\"ResponsiveVoice Tap to Start\/Stop Speech\"><span>&#128266; Listen to this<\/span><\/button>\n        <script>\n            listenButton1.onclick = function(){\n                if(responsiveVoice.isPlaying()){\n                    responsiveVoice.cancel();\n                }else{\n                    responsiveVoice.speak(\"VICEPRESIDENCIA DE INVESTIGACI\u00d3N DE LA UNDAR PARTICIP\u00d3 EN TALLER SOBRE L\u00cdNEAS Y GRUPOS DE INVESTIGACI\u00d3N ORGANIZADO POR CONCYTEC La Vicepresidencia de Investigaci\u00f3n de la Universidad Nacional Daniel Alom\u00eda Robles (UNDAR) particip\u00f3 en el taller L\u00edneas y Grupos de Investigaci\u00f3n, organizado por el Consejo Nacional de Ciencia, Tecnolog\u00eda e Innovaci\u00f3n Tecnol\u00f3gica (CONCYTEC), el cual se llev\u00f3 a cabo en las instalaciones del Gran Hotel de Hu\u00e1nuco.El evento cont\u00f3 con la presencia de 20 participantes, entre vice rectores, directores de institutos de investigaci\u00f3n,\u00a0 especialistas de investigaci\u00f3n, entre otros profesionales de las universidades: Universidad Nacional Hermilio Valdiz\u00e1n, Universidad de Hu\u00e1nuco, Universidad Nacional Agraria de la Selva y la propia UNDAR. Este taller tuvo como objetivo fortalecer las capacidades institucionales en torno a la formulaci\u00f3n de l\u00edneas y la consolidaci\u00f3n de grupos de investigaci\u00f3n.La jornada inici\u00f3 con el proceso de inscripci\u00f3n a las 8:00 a.\u202fm., seguido de la inauguraci\u00f3n oficial. Posteriormente, el Dr. C\u00e9sar Osorio Carrera, especialista de la Subdirecci\u00f3n de Ciencia, Tecnolog\u00eda y Talentos del CONCYTEC, desarroll\u00f3 una exposici\u00f3n magistral sobre la importancia de definir l\u00edneas de investigaci\u00f3n pertinentes y la organizaci\u00f3n efectiva de grupos de investigaci\u00f3n en las universidades.Durante el turno de la tarde se realizaron sesiones pr\u00e1cticas en modalidad de taller, donde los asistentes trabajaron en la identificaci\u00f3n y estructuraci\u00f3n de l\u00edneas de investigaci\u00f3n y grupos interdisciplinarios, culminando el evento con una ceremonia de clausura a las 4:00 p.\u202fm.\u00a0 ATR\u00c1S SIGUIENTE \u00a0\", \"UK English Female\");\n                }\n            };\n        <\/script>\n    <\/span><span style=\"color: #4b4f58; font-size: 15px;\">\u00a0<\/span><\/p>\t\t\t\t\t\t<\/div>\n\t\t\t\t<\/div>\n\t\t\t\t\t<\/div>\n\t\t<\/div>\n\t\t\t\t\t<\/div>\n\t\t<\/section>\n\t\t\t\t<\/div>\n\t\t","protected":false},"excerpt":{"rendered":"<p>La Vicepresidencia de Investigaci\u00f3n de la Universidad Nacional Daniel Alom\u00eda Robles (UNDAR) particip\u00f3 en el taller L\u00edneas y Grupos de Investigaci\u00f3n (&#8230;)<\/p>\n","protected":false},"author":1,"featured_media":62226,"comment_status":"closed","ping_status":"closed","sticky":false,"template":"","format":"standard","meta":{"_uf_show_specific_survey":0,"_uf_disable_surveys":false,"footnotes":""},"categories":[7],"tags":[],"class_list":["post-62224","post","type-post","status-publish","format-standard","has-post-thumbnail","hentry","category-noticias"],"aioseo_notices":[],"_links":{"self":[{"href":"http:\/\/www.undar.edu.pe\/index.php\/wp-json\/wp\/v2\/posts\/62224","targetHints":{"allow":["GET"]}}],"collection":[{"href":"http:\/\/www.undar.edu.pe\/index.php\/wp-json\/wp\/v2\/posts"}],"about":[{"href":"http:\/\/www.undar.edu.pe\/index.php\/wp-json\/wp\/v2\/types\/post"}],"author":[{"embeddable":true,"href":"http:\/\/www.undar.edu.pe\/index.php\/wp-json\/wp\/v2\/users\/1"}],"replies":[{"embeddable":true,"href":"http:\/\/www.undar.edu.pe\/index.php\/wp-json\/wp\/v2\/comments?post=62224"}],"version-history":[{"count":8,"href":"http:\/\/www.undar.edu.pe\/index.php\/wp-json\/wp\/v2\/posts\/62224\/revisions"}],"predecessor-version":[{"id":62516,"href":"http:\/\/www.undar.edu.pe\/index.php\/wp-json\/wp\/v2\/posts\/62224\/revisions\/62516"}],"wp:featuredmedia":[{"embeddable":true,"href":"http:\/\/www.undar.edu.pe\/index.php\/wp-json\/wp\/v2\/media\/62226"}],"wp:attachment":[{"href":"http:\/\/www.undar.edu.pe\/index.php\/wp-json\/wp\/v2\/media?parent=62224"}],"wp:term":[{"taxonomy":"category","embeddable":true,"href":"http:\/\/www.undar.edu.pe\/index.php\/wp-json\/wp\/v2\/categories?post=62224"},{"taxonomy":"post_tag","embeddable":true,"href":"http:\/\/www.undar.edu.pe\/index.php\/wp-json\/wp\/v2\/tags?post=62224"}],"curies":[{"name":"wp","href":"https:\/\/api.w.org\/{rel}","templated":true}]}}