{"id":62180,"date":"2025-04-24T17:43:38","date_gmt":"2025-04-24T22:43:38","guid":{"rendered":"http:\/\/www.undar.edu.pe\/?p=62180"},"modified":"2025-05-27T12:01:59","modified_gmt":"2025-05-27T17:01:59","slug":"universidad-nacional-daniel-alomia-robles-rindio-homenaje-al-legado-musical-del-maestro-rodolfo-holzmann","status":"publish","type":"post","link":"http:\/\/www.undar.edu.pe\/index.php\/2025\/04\/24\/universidad-nacional-daniel-alomia-robles-rindio-homenaje-al-legado-musical-del-maestro-rodolfo-holzmann\/","title":{"rendered":"UNIVERSIDAD NACIONAL DANIEL ALOM\u00cdA ROBLES RINDI\u00d3 HOMENAJE AL LEGADO MUSICAL DEL MAESTRO RODOLFO HOLZMANN"},"content":{"rendered":"\t\t<div data-elementor-type=\"wp-post\" data-elementor-id=\"62180\" class=\"elementor elementor-62180\" data-elementor-post-type=\"post\">\n\t\t\t\t\t\t<section class=\"elementor-section elementor-top-section elementor-element elementor-element-18871c0f elementor-section-boxed elementor-section-height-default elementor-section-height-default\" data-id=\"18871c0f\" data-element_type=\"section\">\n\t\t\t\t\t\t<div class=\"elementor-container elementor-column-gap-default\">\n\t\t\t\t\t<div class=\"elementor-column elementor-col-100 elementor-top-column elementor-element elementor-element-40331c9a\" data-id=\"40331c9a\" data-element_type=\"column\">\n\t\t\t<div class=\"elementor-widget-wrap elementor-element-populated\">\n\t\t\t\t\t\t<div class=\"elementor-element elementor-element-afab122 elementor-widget elementor-widget-heading\" data-id=\"afab122\" data-element_type=\"widget\" data-widget_type=\"heading.default\">\n\t\t\t\t<div class=\"elementor-widget-container\">\n\t\t\t<h4 class=\"elementor-heading-title elementor-size-default\">UNIVERSIDAD NACIONAL DANIEL ALOM\u00cdA ROBLES RINDI\u00d3 HOMENAJE AL LEGADO MUSICAL DEL MAESTRO RODOLFO HOLZMANN<\/h4>\t\t<\/div>\n\t\t\t\t<\/div>\n\t\t\t\t<div class=\"elementor-element elementor-element-4664c16 elementor-widget elementor-widget-image\" data-id=\"4664c16\" data-element_type=\"widget\" data-widget_type=\"image.default\">\n\t\t\t\t<div class=\"elementor-widget-container\">\n\t\t\t\t\t\t\t\t\t\t\t\t\t<img fetchpriority=\"high\" decoding=\"async\" width=\"580\" height=\"385\" src=\"http:\/\/www.undar.edu.pe\/wp-content\/uploads\/2025\/04\/HOLZMANN.gif\" class=\"attachment-medium_large size-medium_large wp-image-62182\" alt=\"Banner de noticias: fotos del conversatorio por los 33 a\u00f1os del fallecimiento de Rodolfo Holzmann\" \/>\t\t\t\t\t\t\t\t\t\t\t\t\t<\/div>\n\t\t\t\t<\/div>\n\t\t\t\t<div class=\"elementor-element elementor-element-35352b80 elementor-widget elementor-widget-text-editor\" data-id=\"35352b80\" data-element_type=\"widget\" data-widget_type=\"text-editor.default\">\n\t\t\t\t<div class=\"elementor-widget-container\">\n\t\t\t\t\t\t\t<p>En conmemoraci\u00f3n del 33 aniversario del fallecimiento del maestro Rodolfo Holzmann, la Universidad Nacional Daniel Alom\u00eda Robles llev\u00f3 a cabo el conversatorio \u201cTrascendencia del Maestro Rodolfo Holzmann en la m\u00fasica de Hu\u00e1nuco\u201d, el mi\u00e9rcoles 23 de abril, en el Auditorio Roel Edgardo Tarazona Padilla. El evento reuni\u00f3 a destacados exponentes del arte y la cultura, quienes reflexionaron sobre el invaluable aporte del maestro a la identidad musical de la regi\u00f3n.<\/p><p>La ceremonia inici\u00f3 con las palabras del Dr. Benjam\u00edn Velazco Reyes, presidente de la Comisi\u00f3n Organizadora, quien destac\u00f3 el rol formador y visionario de Holzmann en la educaci\u00f3n musical huanuque\u00f1a. Posteriormente, se dio paso a las exposiciones del Mtro. Carlos Lucio Ortega y Obreg\u00f3n y de la periodista cultural Lic. Pilar Trujillo Martel, quienes compartieron an\u00e9cdotas y an\u00e1lisis sobre la influencia del homenajeado en generaciones de artistas y estudiantes.<\/p><p>La jornada comprendi\u00f3 actividades interactivas como una ronda de preguntas del p\u00fablico y la proyecci\u00f3n del microdocumental <em>\u201cRodolfo Holzmann: legado y aporte a la m\u00fasica peruana\u201d<\/em>, realizado por el Dr. Jonathan Garc\u00eda Arias. Asimismo, se present\u00f3 la obra \u201cLa pampa y la puna\u201d del Mtro. Gerardo Bustamante Guerrero, que emocion\u00f3 a los asistentes.<\/p><p>El evento concluy\u00f3 agradecimiento a los participantes, reafirmando el compromiso de la universidad con la promoci\u00f3n del arte y la cultura. La comunidad educativa, incluyendo representantes de la Instituci\u00f3n Educativa Emblem\u00e1tica Las Mercedes, particip\u00f3 activamente en esta jornada que honr\u00f3 a un maestro cuya m\u00fasica contin\u00faa resonando como eco eterno en los corazones huanuque\u00f1os.<\/p>\t\t\t\t\t\t<\/div>\n\t\t\t\t<\/div>\n\t\t\t\t<div class=\"elementor-element elementor-element-f83af45 elementor-share-buttons--view-icon elementor-share-buttons--skin-minimal elementor-share-buttons--shape-circle elementor-share-buttons--align-center elementor-grid-0 elementor-share-buttons--color-official elementor-widget elementor-widget-share-buttons\" data-id=\"f83af45\" data-element_type=\"widget\" data-widget_type=\"share-buttons.default\">\n\t\t\t\t<div class=\"elementor-widget-container\">\n\t\t\t\t\t<div class=\"elementor-grid\">\n\t\t\t\t\t\t\t\t<div class=\"elementor-grid-item\">\n\t\t\t\t\t\t<div\n\t\t\t\t\t\t\tclass=\"elementor-share-btn elementor-share-btn_facebook\"\n\t\t\t\t\t\t\trole=\"button\"\n\t\t\t\t\t\t\ttabindex=\"0\"\n\t\t\t\t\t\t\taria-label=\"Compartir en facebook\"\n\t\t\t\t\t\t>\n\t\t\t\t\t\t\t\t\t\t\t\t\t\t\t<span class=\"elementor-share-btn__icon\">\n\t\t\t\t\t\t\t\t<i class=\"fab fa-facebook\" aria-hidden=\"true\"><\/i>\t\t\t\t\t\t\t<\/span>\n\t\t\t\t\t\t\t\t\t\t\t\t\t\t\t\t\t\t\t\t<\/div>\n\t\t\t\t\t<\/div>\n\t\t\t\t\t\t\t\t\t<div class=\"elementor-grid-item\">\n\t\t\t\t\t\t<div\n\t\t\t\t\t\t\tclass=\"elementor-share-btn elementor-share-btn_twitter\"\n\t\t\t\t\t\t\trole=\"button\"\n\t\t\t\t\t\t\ttabindex=\"0\"\n\t\t\t\t\t\t\taria-label=\"Compartir en twitter\"\n\t\t\t\t\t\t>\n\t\t\t\t\t\t\t\t\t\t\t\t\t\t\t<span class=\"elementor-share-btn__icon\">\n\t\t\t\t\t\t\t\t<i class=\"fab fa-twitter\" aria-hidden=\"true\"><\/i>\t\t\t\t\t\t\t<\/span>\n\t\t\t\t\t\t\t\t\t\t\t\t\t\t\t\t\t\t\t\t<\/div>\n\t\t\t\t\t<\/div>\n\t\t\t\t\t\t\t\t\t<div class=\"elementor-grid-item\">\n\t\t\t\t\t\t<div\n\t\t\t\t\t\t\tclass=\"elementor-share-btn elementor-share-btn_linkedin\"\n\t\t\t\t\t\t\trole=\"button\"\n\t\t\t\t\t\t\ttabindex=\"0\"\n\t\t\t\t\t\t\taria-label=\"Compartir en linkedin\"\n\t\t\t\t\t\t>\n\t\t\t\t\t\t\t\t\t\t\t\t\t\t\t<span class=\"elementor-share-btn__icon\">\n\t\t\t\t\t\t\t\t<i class=\"fab fa-linkedin\" aria-hidden=\"true\"><\/i>\t\t\t\t\t\t\t<\/span>\n\t\t\t\t\t\t\t\t\t\t\t\t\t\t\t\t\t\t\t\t<\/div>\n\t\t\t\t\t<\/div>\n\t\t\t\t\t\t<\/div>\n\t\t\t\t<\/div>\n\t\t\t\t<\/div>\n\t\t\t\t<section class=\"elementor-section elementor-inner-section elementor-element elementor-element-4bfc828 elementor-section-boxed elementor-section-height-default elementor-section-height-default\" data-id=\"4bfc828\" data-element_type=\"section\">\n\t\t\t\t\t\t<div class=\"elementor-container elementor-column-gap-default\">\n\t\t\t\t\t<div class=\"elementor-column elementor-col-33 elementor-inner-column elementor-element elementor-element-231c783\" data-id=\"231c783\" data-element_type=\"column\">\n\t\t\t<div class=\"elementor-widget-wrap elementor-element-populated\">\n\t\t\t\t\t\t<div class=\"elementor-element elementor-element-2845b88 elementor-align-justify elementor-widget__width-inherit elementor-widget elementor-widget-button\" data-id=\"2845b88\" data-element_type=\"widget\" data-widget_type=\"button.default\">\n\t\t\t\t<div class=\"elementor-widget-container\">\n\t\t\t\t\t\t\t<div class=\"elementor-button-wrapper\">\n\t\t\t\t\t<a class=\"elementor-button elementor-button-link elementor-size-md\" href=\"https:\/\/www.undar.edu.pe\/index.php\/2025\/04\/14\/autoridades-universitarias-realizan-evaluacion-de-la-diligencia-de-actuacion-probatoria-de-sunedu\/\">\n\t\t\t\t\t\t<span class=\"elementor-button-content-wrapper\">\n\t\t\t\t\t\t<span class=\"elementor-button-icon\">\n\t\t\t\t<i aria-hidden=\"true\" class=\"fas fa-arrow-left\"><\/i>\t\t\t<\/span>\n\t\t\t\t\t\t\t\t\t<span class=\"elementor-button-text\">ATR\u00c1S<\/span>\n\t\t\t\t\t<\/span>\n\t\t\t\t\t<\/a>\n\t\t\t\t<\/div>\n\t\t\t\t\t\t<\/div>\n\t\t\t\t<\/div>\n\t\t\t\t\t<\/div>\n\t\t<\/div>\n\t\t\t\t<div class=\"elementor-column elementor-col-33 elementor-inner-column elementor-element elementor-element-4d23888\" data-id=\"4d23888\" data-element_type=\"column\">\n\t\t\t<div class=\"elementor-widget-wrap\">\n\t\t\t\t\t\t\t<\/div>\n\t\t<\/div>\n\t\t\t\t<div class=\"elementor-column elementor-col-33 elementor-inner-column elementor-element elementor-element-ea4fe31\" data-id=\"ea4fe31\" data-element_type=\"column\">\n\t\t\t<div class=\"elementor-widget-wrap elementor-element-populated\">\n\t\t\t\t\t\t<div class=\"elementor-element elementor-element-4e9bafd elementor-align-justify elementor-widget__width-inherit elementor-widget elementor-widget-button\" data-id=\"4e9bafd\" data-element_type=\"widget\" data-widget_type=\"button.default\">\n\t\t\t\t<div class=\"elementor-widget-container\">\n\t\t\t\t\t\t\t<div class=\"elementor-button-wrapper\">\n\t\t\t\t\t<a class=\"elementor-button elementor-button-link elementor-size-md\" href=\"https:\/\/www.undar.edu.pe\/index.php\/2025\/04\/25\/undar-rinde-homenaje-al-maestro-rodolfo-holzmann-en-emotiva-romeria-conmemorativa-en-conchamarca\/\">\n\t\t\t\t\t\t<span class=\"elementor-button-content-wrapper\">\n\t\t\t\t\t\t<span class=\"elementor-button-icon\">\n\t\t\t\t<i aria-hidden=\"true\" class=\"fas fa-arrow-right\"><\/i>\t\t\t<\/span>\n\t\t\t\t\t\t\t\t\t<span class=\"elementor-button-text\">SIGUIENTE<\/span>\n\t\t\t\t\t<\/span>\n\t\t\t\t\t<\/a>\n\t\t\t\t<\/div>\n\t\t\t\t\t\t<\/div>\n\t\t\t\t<\/div>\n\t\t\t\t\t<\/div>\n\t\t<\/div>\n\t\t\t\t\t<\/div>\n\t\t<\/section>\n\t\t\t\t<div class=\"elementor-element elementor-element-aa8fe31 elementor-widget elementor-widget-text-editor\" data-id=\"aa8fe31\" data-element_type=\"widget\" data-widget_type=\"text-editor.default\">\n\t\t\t\t<div class=\"elementor-widget-container\">\n\t\t\t\t\t\t\t<p><span style=\"color: #4b4f58; font-size: 15px;\"><button id=\"listenButton1\" class=\"responsivevoice-button\" type=\"button\" value=\"Play\" title=\"ResponsiveVoice Tap to Start\/Stop Speech\"><span>&#128266; Listen to this<\/span><\/button>\n        <script>\n            listenButton1.onclick = function(){\n                if(responsiveVoice.isPlaying()){\n                    responsiveVoice.cancel();\n                }else{\n                    responsiveVoice.speak(\"UNIVERSIDAD NACIONAL DANIEL ALOM\u00cdA ROBLES RINDI\u00d3 HOMENAJE AL LEGADO MUSICAL DEL MAESTRO RODOLFO HOLZMANN En conmemoraci\u00f3n del 33 aniversario del fallecimiento del maestro Rodolfo Holzmann, la Universidad Nacional Daniel Alom\u00eda Robles llev\u00f3 a cabo el conversatorio \u201cTrascendencia del Maestro Rodolfo Holzmann en la m\u00fasica de Hu\u00e1nuco\u201d, el mi\u00e9rcoles 23 de abril, en el Auditorio Roel Edgardo Tarazona Padilla. El evento reuni\u00f3 a destacados exponentes del arte y la cultura, quienes reflexionaron sobre el invaluable aporte del maestro a la identidad musical de la regi\u00f3n.La ceremonia inici\u00f3 con las palabras del Dr. Benjam\u00edn Velazco Reyes, presidente de la Comisi\u00f3n Organizadora, quien destac\u00f3 el rol formador y visionario de Holzmann en la educaci\u00f3n musical huanuque\u00f1a. Posteriormente, se dio paso a las exposiciones del Mtro. Carlos Lucio Ortega y Obreg\u00f3n y de la periodista cultural Lic. Pilar Trujillo Martel, quienes compartieron an\u00e9cdotas y an\u00e1lisis sobre la influencia del homenajeado en generaciones de artistas y estudiantes.La jornada comprendi\u00f3 actividades interactivas como una ronda de preguntas del p\u00fablico y la proyecci\u00f3n del microdocumental \u201cRodolfo Holzmann: legado y aporte a la m\u00fasica peruana\u201d, realizado por el Dr. Jonathan Garc\u00eda Arias. Asimismo, se present\u00f3 la obra \u201cLa pampa y la puna\u201d del Mtro. Gerardo Bustamante Guerrero, que emocion\u00f3 a los asistentes.El evento concluy\u00f3 agradecimiento a los participantes, reafirmando el compromiso de la universidad con la promoci\u00f3n del arte y la cultura. La comunidad educativa, incluyendo representantes de la Instituci\u00f3n Educativa Emblem\u00e1tica Las Mercedes, particip\u00f3 activamente en esta jornada que honr\u00f3 a un maestro cuya m\u00fasica contin\u00faa resonando como eco eterno en los corazones huanuque\u00f1os. ATR\u00c1S SIGUIENTE \u00a0\", \"UK English Female\");\n                }\n            };\n        <\/script>\n    <\/span><span style=\"color: #4b4f58; font-size: 15px;\">\u00a0<\/span><\/p>\t\t\t\t\t\t<\/div>\n\t\t\t\t<\/div>\n\t\t\t\t\t<\/div>\n\t\t<\/div>\n\t\t\t\t\t<\/div>\n\t\t<\/section>\n\t\t\t\t<\/div>\n\t\t","protected":false},"excerpt":{"rendered":"<p>En conmemoraci\u00f3n del 33 aniversario del fallecimiento del maestro Rodolfo Holzmann, la Universidad Nacional Daniel Alom\u00eda Robles llev\u00f3 a cabo el conversatorio (&#8230;)<\/p>\n","protected":false},"author":1,"featured_media":62182,"comment_status":"closed","ping_status":"closed","sticky":false,"template":"","format":"standard","meta":{"_uf_show_specific_survey":0,"_uf_disable_surveys":false,"footnotes":""},"categories":[7],"tags":[],"class_list":["post-62180","post","type-post","status-publish","format-standard","has-post-thumbnail","hentry","category-noticias"],"aioseo_notices":[],"_links":{"self":[{"href":"http:\/\/www.undar.edu.pe\/index.php\/wp-json\/wp\/v2\/posts\/62180","targetHints":{"allow":["GET"]}}],"collection":[{"href":"http:\/\/www.undar.edu.pe\/index.php\/wp-json\/wp\/v2\/posts"}],"about":[{"href":"http:\/\/www.undar.edu.pe\/index.php\/wp-json\/wp\/v2\/types\/post"}],"author":[{"embeddable":true,"href":"http:\/\/www.undar.edu.pe\/index.php\/wp-json\/wp\/v2\/users\/1"}],"replies":[{"embeddable":true,"href":"http:\/\/www.undar.edu.pe\/index.php\/wp-json\/wp\/v2\/comments?post=62180"}],"version-history":[{"count":14,"href":"http:\/\/www.undar.edu.pe\/index.php\/wp-json\/wp\/v2\/posts\/62180\/revisions"}],"predecessor-version":[{"id":62528,"href":"http:\/\/www.undar.edu.pe\/index.php\/wp-json\/wp\/v2\/posts\/62180\/revisions\/62528"}],"wp:featuredmedia":[{"embeddable":true,"href":"http:\/\/www.undar.edu.pe\/index.php\/wp-json\/wp\/v2\/media\/62182"}],"wp:attachment":[{"href":"http:\/\/www.undar.edu.pe\/index.php\/wp-json\/wp\/v2\/media?parent=62180"}],"wp:term":[{"taxonomy":"category","embeddable":true,"href":"http:\/\/www.undar.edu.pe\/index.php\/wp-json\/wp\/v2\/categories?post=62180"},{"taxonomy":"post_tag","embeddable":true,"href":"http:\/\/www.undar.edu.pe\/index.php\/wp-json\/wp\/v2\/tags?post=62180"}],"curies":[{"name":"wp","href":"https:\/\/api.w.org\/{rel}","templated":true}]}}