{"id":61774,"date":"2025-04-04T11:22:20","date_gmt":"2025-04-04T16:22:20","guid":{"rendered":"http:\/\/www.undar.edu.pe\/?p=61774"},"modified":"2025-04-04T17:31:28","modified_gmt":"2025-04-04T22:31:28","slug":"universidad-nacional-daniel-alomia-robles-instala-el-comite-de-evaluacion-de-docentes-investigadores-cedi","status":"publish","type":"post","link":"http:\/\/www.undar.edu.pe\/index.php\/2025\/04\/04\/universidad-nacional-daniel-alomia-robles-instala-el-comite-de-evaluacion-de-docentes-investigadores-cedi\/","title":{"rendered":"UNIVERSIDAD NACIONAL DANIEL ALOM\u00cdA ROBLES INSTALA EL COMIT\u00c9 DE EVALUACI\u00d3N DE DOCENTES INVESTIGADORES (CEDI)"},"content":{"rendered":"\t\t<div data-elementor-type=\"wp-post\" data-elementor-id=\"61774\" class=\"elementor elementor-61774\" data-elementor-post-type=\"post\">\n\t\t\t\t\t\t<section class=\"elementor-section elementor-top-section elementor-element elementor-element-18871c0f elementor-section-boxed elementor-section-height-default elementor-section-height-default\" data-id=\"18871c0f\" data-element_type=\"section\">\n\t\t\t\t\t\t<div class=\"elementor-container elementor-column-gap-default\">\n\t\t\t\t\t<div class=\"elementor-column elementor-col-100 elementor-top-column elementor-element elementor-element-40331c9a\" data-id=\"40331c9a\" data-element_type=\"column\">\n\t\t\t<div class=\"elementor-widget-wrap elementor-element-populated\">\n\t\t\t\t\t\t<div class=\"elementor-element elementor-element-afab122 elementor-widget elementor-widget-heading\" data-id=\"afab122\" data-element_type=\"widget\" data-widget_type=\"heading.default\">\n\t\t\t\t<div class=\"elementor-widget-container\">\n\t\t\t<h4 class=\"elementor-heading-title elementor-size-default\">UNIVERSIDAD NACIONAL DANIEL ALOM\u00cdA ROBLES INSTALA EL COMIT\u00c9 DE EVALUACI\u00d3N DE DOCENTES INVESTIGADORES (CEDI)<\/h4>\t\t<\/div>\n\t\t\t\t<\/div>\n\t\t\t\t<div class=\"elementor-element elementor-element-4664c16 elementor-widget elementor-widget-image\" data-id=\"4664c16\" data-element_type=\"widget\" data-widget_type=\"image.default\">\n\t\t\t\t<div class=\"elementor-widget-container\">\n\t\t\t\t\t\t\t\t\t\t\t\t\t<img fetchpriority=\"high\" decoding=\"async\" width=\"580\" height=\"385\" src=\"http:\/\/www.undar.edu.pe\/wp-content\/uploads\/2025\/04\/VPI-ACTA.gif\" class=\"attachment-medium_large size-medium_large wp-image-61776\" alt=\"Banner de noticias: fotos de la instalaci\u00f3n del comit\u00e9 de evaluaci\u00f3n de docentes investigadores\" \/>\t\t\t\t\t\t\t\t\t\t\t\t\t<\/div>\n\t\t\t\t<\/div>\n\t\t\t\t<div class=\"elementor-element elementor-element-35352b80 elementor-widget elementor-widget-text-editor\" data-id=\"35352b80\" data-element_type=\"widget\" data-widget_type=\"text-editor.default\">\n\t\t\t\t<div class=\"elementor-widget-container\">\n\t\t\t\t\t\t\t<p>En cumplimiento de la Resoluci\u00f3n de Comisi\u00f3n Organizadora N.\u00ba 124-2025-CO-UNDAR, la Universidad Nacional Daniel Alom\u00eda Robles (UNDAR) realiz\u00f3 con \u00e9xito la instalaci\u00f3n oficial del Comit\u00e9 de Evaluaci\u00f3n de Docentes Investigadores (CEDI), \u00f3rgano encargado de garantizar un riguroso y transparente proceso de selecci\u00f3n de investigadores en la instituci\u00f3n.<\/p><p>La sesi\u00f3n se desarroll\u00f3 a las 15:30 horas en las instalaciones de la Vicepresidencia de Investigaci\u00f3n, y estuvo presidida por la Dra. Delma Flores Farf\u00e1n, vicepresidenta de investigaci\u00f3n y presidenta del Comit\u00e9. La acompa\u00f1aron la reconocida docente investigadora RENACYT de la Universidad Nacional Hermilio Valdiz\u00e1n, Dra. Juvita Dina Soto Hilario; el Dr. Rollin Max Guerra Huacho, director del Instituto de Investigaci\u00f3n de la UNDAR; y la Lic. Nelly Victoria Flores Trujillo, como soporte t\u00e9cnico.<\/p><p>Durante la reuni\u00f3n se dio lectura y conocimiento de la Resoluci\u00f3n N.\u00ba 100-2025-UNDAR\/VPI, que aprueba el Reglamento del Docente Investigador en su versi\u00f3n 3, y se procedi\u00f3 a la instalaci\u00f3n formal del comit\u00e9.<\/p><p>Asimismo, se aprob\u00f3 el cronograma del proceso 2025 de evaluaci\u00f3n y selecci\u00f3n de docentes investigadores, que contempla desde la convocatoria y difusi\u00f3n institucional hasta la emisi\u00f3n de las resoluciones de designaci\u00f3n. Las etapas clave iniciar\u00e1n el 14 de abril con la publicaci\u00f3n de la convocatoria y culminar\u00e1n a partir del 28 de abril con la emisi\u00f3n de las resoluciones respectivas.<\/p><p>Con este acto, la Universidad Nacional Daniel Alom\u00eda Robles reafirma su compromiso con la promoci\u00f3n de la investigaci\u00f3n human\u00edstica, cient\u00edfica, tecnol\u00f3gica, art\u00edstica y musical, fortaleciendo su comunidad docente y contribuyendo al desarrollo del conocimiento desde la regi\u00f3n de Hu\u00e1nuco.<\/p>\t\t\t\t\t\t<\/div>\n\t\t\t\t<\/div>\n\t\t\t\t<div class=\"elementor-element elementor-element-f83af45 elementor-share-buttons--view-icon elementor-share-buttons--skin-minimal elementor-share-buttons--shape-circle elementor-share-buttons--align-center elementor-grid-0 elementor-share-buttons--color-official elementor-widget elementor-widget-share-buttons\" data-id=\"f83af45\" data-element_type=\"widget\" data-widget_type=\"share-buttons.default\">\n\t\t\t\t<div class=\"elementor-widget-container\">\n\t\t\t\t\t<div class=\"elementor-grid\">\n\t\t\t\t\t\t\t\t<div class=\"elementor-grid-item\">\n\t\t\t\t\t\t<div\n\t\t\t\t\t\t\tclass=\"elementor-share-btn elementor-share-btn_facebook\"\n\t\t\t\t\t\t\trole=\"button\"\n\t\t\t\t\t\t\ttabindex=\"0\"\n\t\t\t\t\t\t\taria-label=\"Compartir en facebook\"\n\t\t\t\t\t\t>\n\t\t\t\t\t\t\t\t\t\t\t\t\t\t\t<span class=\"elementor-share-btn__icon\">\n\t\t\t\t\t\t\t\t<i class=\"fab fa-facebook\" aria-hidden=\"true\"><\/i>\t\t\t\t\t\t\t<\/span>\n\t\t\t\t\t\t\t\t\t\t\t\t\t\t\t\t\t\t\t\t<\/div>\n\t\t\t\t\t<\/div>\n\t\t\t\t\t\t\t\t\t<div class=\"elementor-grid-item\">\n\t\t\t\t\t\t<div\n\t\t\t\t\t\t\tclass=\"elementor-share-btn elementor-share-btn_twitter\"\n\t\t\t\t\t\t\trole=\"button\"\n\t\t\t\t\t\t\ttabindex=\"0\"\n\t\t\t\t\t\t\taria-label=\"Compartir en twitter\"\n\t\t\t\t\t\t>\n\t\t\t\t\t\t\t\t\t\t\t\t\t\t\t<span class=\"elementor-share-btn__icon\">\n\t\t\t\t\t\t\t\t<i class=\"fab fa-twitter\" aria-hidden=\"true\"><\/i>\t\t\t\t\t\t\t<\/span>\n\t\t\t\t\t\t\t\t\t\t\t\t\t\t\t\t\t\t\t\t<\/div>\n\t\t\t\t\t<\/div>\n\t\t\t\t\t\t\t\t\t<div class=\"elementor-grid-item\">\n\t\t\t\t\t\t<div\n\t\t\t\t\t\t\tclass=\"elementor-share-btn elementor-share-btn_linkedin\"\n\t\t\t\t\t\t\trole=\"button\"\n\t\t\t\t\t\t\ttabindex=\"0\"\n\t\t\t\t\t\t\taria-label=\"Compartir en linkedin\"\n\t\t\t\t\t\t>\n\t\t\t\t\t\t\t\t\t\t\t\t\t\t\t<span class=\"elementor-share-btn__icon\">\n\t\t\t\t\t\t\t\t<i class=\"fab fa-linkedin\" aria-hidden=\"true\"><\/i>\t\t\t\t\t\t\t<\/span>\n\t\t\t\t\t\t\t\t\t\t\t\t\t\t\t\t\t\t\t\t<\/div>\n\t\t\t\t\t<\/div>\n\t\t\t\t\t\t<\/div>\n\t\t\t\t<\/div>\n\t\t\t\t<\/div>\n\t\t\t\t<section class=\"elementor-section elementor-inner-section elementor-element elementor-element-4bfc828 elementor-section-boxed elementor-section-height-default elementor-section-height-default\" data-id=\"4bfc828\" data-element_type=\"section\">\n\t\t\t\t\t\t<div class=\"elementor-container elementor-column-gap-default\">\n\t\t\t\t\t<div class=\"elementor-column elementor-col-33 elementor-inner-column elementor-element elementor-element-231c783\" data-id=\"231c783\" data-element_type=\"column\">\n\t\t\t<div class=\"elementor-widget-wrap elementor-element-populated\">\n\t\t\t\t\t\t<div class=\"elementor-element elementor-element-2845b88 elementor-align-justify elementor-widget__width-inherit elementor-widget elementor-widget-button\" data-id=\"2845b88\" data-element_type=\"widget\" data-widget_type=\"button.default\">\n\t\t\t\t<div class=\"elementor-widget-container\">\n\t\t\t\t\t\t\t<div class=\"elementor-button-wrapper\">\n\t\t\t\t\t<a class=\"elementor-button elementor-button-link elementor-size-md\" href=\"https:\/\/www.undar.edu.pe\/index.php\/2025\/03\/20\/undar-celebro-con-exito-el-festival-musical-por-el-21-aniversario-de-la-declaratoria-de-el-condor-pasa-como-patrimonio-cultural\/\">\n\t\t\t\t\t\t<span class=\"elementor-button-content-wrapper\">\n\t\t\t\t\t\t<span class=\"elementor-button-icon\">\n\t\t\t\t<i aria-hidden=\"true\" class=\"fas fa-arrow-left\"><\/i>\t\t\t<\/span>\n\t\t\t\t\t\t\t\t\t<span class=\"elementor-button-text\">ATR\u00c1S<\/span>\n\t\t\t\t\t<\/span>\n\t\t\t\t\t<\/a>\n\t\t\t\t<\/div>\n\t\t\t\t\t\t<\/div>\n\t\t\t\t<\/div>\n\t\t\t\t\t<\/div>\n\t\t<\/div>\n\t\t\t\t<div class=\"elementor-column elementor-col-33 elementor-inner-column elementor-element elementor-element-4d23888\" data-id=\"4d23888\" data-element_type=\"column\">\n\t\t\t<div class=\"elementor-widget-wrap\">\n\t\t\t\t\t\t\t<\/div>\n\t\t<\/div>\n\t\t\t\t<div class=\"elementor-column elementor-col-33 elementor-inner-column elementor-element elementor-element-ea4fe31\" data-id=\"ea4fe31\" data-element_type=\"column\">\n\t\t\t<div class=\"elementor-widget-wrap elementor-element-populated\">\n\t\t\t\t\t\t<div class=\"elementor-element elementor-element-4e9bafd elementor-align-justify elementor-widget__width-inherit elementor-widget elementor-widget-button\" data-id=\"4e9bafd\" data-element_type=\"widget\" data-widget_type=\"button.default\">\n\t\t\t\t<div class=\"elementor-widget-container\">\n\t\t\t\t\t\t\t<div class=\"elementor-button-wrapper\">\n\t\t\t\t\t<a class=\"elementor-button elementor-button-link elementor-size-md\" href=\"https:\/\/www.undar.edu.pe\/index.php\/2025\/04\/04\/huanuco-da-un-gran-paso-hacia-la-innovacion-con-el-lanzamiento-del-ecosistema-der\/\">\n\t\t\t\t\t\t<span class=\"elementor-button-content-wrapper\">\n\t\t\t\t\t\t<span class=\"elementor-button-icon\">\n\t\t\t\t<i aria-hidden=\"true\" class=\"fas fa-arrow-right\"><\/i>\t\t\t<\/span>\n\t\t\t\t\t\t\t\t\t<span class=\"elementor-button-text\">SIGUIENTE<\/span>\n\t\t\t\t\t<\/span>\n\t\t\t\t\t<\/a>\n\t\t\t\t<\/div>\n\t\t\t\t\t\t<\/div>\n\t\t\t\t<\/div>\n\t\t\t\t\t<\/div>\n\t\t<\/div>\n\t\t\t\t\t<\/div>\n\t\t<\/section>\n\t\t\t\t<div class=\"elementor-element elementor-element-aa8fe31 elementor-widget elementor-widget-text-editor\" data-id=\"aa8fe31\" data-element_type=\"widget\" data-widget_type=\"text-editor.default\">\n\t\t\t\t<div class=\"elementor-widget-container\">\n\t\t\t\t\t\t\t<p><span style=\"color: #4b4f58; font-size: 15px;\"><button id=\"listenButton1\" class=\"responsivevoice-button\" type=\"button\" value=\"Play\" title=\"ResponsiveVoice Tap to Start\/Stop Speech\"><span>&#128266; Listen to this<\/span><\/button>\n        <script>\n            listenButton1.onclick = function(){\n                if(responsiveVoice.isPlaying()){\n                    responsiveVoice.cancel();\n                }else{\n                    responsiveVoice.speak(\"UNIVERSIDAD NACIONAL DANIEL ALOM\u00cdA ROBLES INSTALA EL COMIT\u00c9 DE EVALUACI\u00d3N DE DOCENTES INVESTIGADORES (CEDI) En cumplimiento de la Resoluci\u00f3n de Comisi\u00f3n Organizadora N.\u00ba 124-2025-CO-UNDAR, la Universidad Nacional Daniel Alom\u00eda Robles (UNDAR) realiz\u00f3 con \u00e9xito la instalaci\u00f3n oficial del Comit\u00e9 de Evaluaci\u00f3n de Docentes Investigadores (CEDI), \u00f3rgano encargado de garantizar un riguroso y transparente proceso de selecci\u00f3n de investigadores en la instituci\u00f3n.La sesi\u00f3n se desarroll\u00f3 a las 15:30 horas en las instalaciones de la Vicepresidencia de Investigaci\u00f3n, y estuvo presidida por la Dra. Delma Flores Farf\u00e1n, vicepresidenta de investigaci\u00f3n y presidenta del Comit\u00e9. La acompa\u00f1aron la reconocida docente investigadora RENACYT de la Universidad Nacional Hermilio Valdiz\u00e1n, Dra. Juvita Dina Soto Hilario; el Dr. Rollin Max Guerra Huacho, director del Instituto de Investigaci\u00f3n de la UNDAR; y la Lic. Nelly Victoria Flores Trujillo, como soporte t\u00e9cnico.Durante la reuni\u00f3n se dio lectura y conocimiento de la Resoluci\u00f3n N.\u00ba 100-2025-UNDAR\/VPI, que aprueba el Reglamento del Docente Investigador en su versi\u00f3n 3, y se procedi\u00f3 a la instalaci\u00f3n formal del comit\u00e9.Asimismo, se aprob\u00f3 el cronograma del proceso 2025 de evaluaci\u00f3n y selecci\u00f3n de docentes investigadores, que contempla desde la convocatoria y difusi\u00f3n institucional hasta la emisi\u00f3n de las resoluciones de designaci\u00f3n. Las etapas clave iniciar\u00e1n el 14 de abril con la publicaci\u00f3n de la convocatoria y culminar\u00e1n a partir del 28 de abril con la emisi\u00f3n de las resoluciones respectivas.Con este acto, la Universidad Nacional Daniel Alom\u00eda Robles reafirma su compromiso con la promoci\u00f3n de la investigaci\u00f3n human\u00edstica, cient\u00edfica, tecnol\u00f3gica, art\u00edstica y musical, fortaleciendo su comunidad docente y contribuyendo al desarrollo del conocimiento desde la regi\u00f3n de Hu\u00e1nuco. ATR\u00c1S SIGUIENTE \u00a0\", \"UK English Female\");\n                }\n            };\n        <\/script>\n    <\/span><span style=\"color: #4b4f58; font-size: 15px;\">\u00a0<\/span><\/p>\t\t\t\t\t\t<\/div>\n\t\t\t\t<\/div>\n\t\t\t\t\t<\/div>\n\t\t<\/div>\n\t\t\t\t\t<\/div>\n\t\t<\/section>\n\t\t\t\t<\/div>\n\t\t","protected":false},"excerpt":{"rendered":"<p>En cumplimiento de la Resoluci\u00f3n de Comisi\u00f3n Organizadora N.\u00ba 124-2025-CO-UNDAR, la Universidad Nacional Daniel Alom\u00eda Robles (UNDAR) realiz\u00f3 con \u00e9xito la (&#8230;)<\/p>\n","protected":false},"author":1,"featured_media":61776,"comment_status":"closed","ping_status":"closed","sticky":false,"template":"","format":"standard","meta":{"_uf_show_specific_survey":0,"_uf_disable_surveys":false,"footnotes":""},"categories":[7],"tags":[],"class_list":["post-61774","post","type-post","status-publish","format-standard","has-post-thumbnail","hentry","category-noticias"],"aioseo_notices":[],"_links":{"self":[{"href":"http:\/\/www.undar.edu.pe\/index.php\/wp-json\/wp\/v2\/posts\/61774","targetHints":{"allow":["GET"]}}],"collection":[{"href":"http:\/\/www.undar.edu.pe\/index.php\/wp-json\/wp\/v2\/posts"}],"about":[{"href":"http:\/\/www.undar.edu.pe\/index.php\/wp-json\/wp\/v2\/types\/post"}],"author":[{"embeddable":true,"href":"http:\/\/www.undar.edu.pe\/index.php\/wp-json\/wp\/v2\/users\/1"}],"replies":[{"embeddable":true,"href":"http:\/\/www.undar.edu.pe\/index.php\/wp-json\/wp\/v2\/comments?post=61774"}],"version-history":[{"count":11,"href":"http:\/\/www.undar.edu.pe\/index.php\/wp-json\/wp\/v2\/posts\/61774\/revisions"}],"predecessor-version":[{"id":61799,"href":"http:\/\/www.undar.edu.pe\/index.php\/wp-json\/wp\/v2\/posts\/61774\/revisions\/61799"}],"wp:featuredmedia":[{"embeddable":true,"href":"http:\/\/www.undar.edu.pe\/index.php\/wp-json\/wp\/v2\/media\/61776"}],"wp:attachment":[{"href":"http:\/\/www.undar.edu.pe\/index.php\/wp-json\/wp\/v2\/media?parent=61774"}],"wp:term":[{"taxonomy":"category","embeddable":true,"href":"http:\/\/www.undar.edu.pe\/index.php\/wp-json\/wp\/v2\/categories?post=61774"},{"taxonomy":"post_tag","embeddable":true,"href":"http:\/\/www.undar.edu.pe\/index.php\/wp-json\/wp\/v2\/tags?post=61774"}],"curies":[{"name":"wp","href":"https:\/\/api.w.org\/{rel}","templated":true}]}}