{"id":60912,"date":"2025-02-26T17:48:17","date_gmt":"2025-02-26T22:48:17","guid":{"rendered":"http:\/\/www.undar.edu.pe\/?p=60912"},"modified":"2025-03-25T16:19:54","modified_gmt":"2025-03-25T21:19:54","slug":"comision-del-licenciamiento-de-la-undar-presenta-hallazgos-de-la-auditoria-interna-ejecutada-a-los-responsables-de-los-medios-de-verificacion","status":"publish","type":"post","link":"http:\/\/www.undar.edu.pe\/index.php\/2025\/02\/26\/comision-del-licenciamiento-de-la-undar-presenta-hallazgos-de-la-auditoria-interna-ejecutada-a-los-responsables-de-los-medios-de-verificacion\/","title":{"rendered":"COMISI\u00d3N DEL LICENCIAMIENTO DE LA UNDAR PRESENTA HALLAZGOS DE LA AUDITOR\u00cdA INTERNA EJECUTADA A LOS RESPONSABLES DE LOS MEDIOS DE VERIFICACI\u00d3N"},"content":{"rendered":"\t\t<div data-elementor-type=\"wp-post\" data-elementor-id=\"60912\" class=\"elementor elementor-60912\" data-elementor-post-type=\"post\">\n\t\t\t\t\t\t<section class=\"elementor-section elementor-top-section elementor-element elementor-element-18871c0f elementor-section-boxed elementor-section-height-default elementor-section-height-default\" data-id=\"18871c0f\" data-element_type=\"section\">\n\t\t\t\t\t\t<div class=\"elementor-container elementor-column-gap-default\">\n\t\t\t\t\t<div class=\"elementor-column elementor-col-100 elementor-top-column elementor-element elementor-element-40331c9a\" data-id=\"40331c9a\" data-element_type=\"column\">\n\t\t\t<div class=\"elementor-widget-wrap elementor-element-populated\">\n\t\t\t\t\t\t<div class=\"elementor-element elementor-element-afab122 elementor-widget elementor-widget-heading\" data-id=\"afab122\" data-element_type=\"widget\" data-widget_type=\"heading.default\">\n\t\t\t\t<div class=\"elementor-widget-container\">\n\t\t\t<h4 class=\"elementor-heading-title elementor-size-default\">COMISI\u00d3N DEL LICENCIAMIENTO DE LA UNDAR PRESENTA HALLAZGOS DE LA AUDITOR\u00cdA INTERNA EJECUTADA A LOS RESPONSABLES DE LOS MEDIOS DE VERIFICACI\u00d3N                           <\/h4>\t\t<\/div>\n\t\t\t\t<\/div>\n\t\t\t\t<div class=\"elementor-element elementor-element-4664c16 elementor-widget elementor-widget-image\" data-id=\"4664c16\" data-element_type=\"widget\" data-widget_type=\"image.default\">\n\t\t\t\t<div class=\"elementor-widget-container\">\n\t\t\t\t\t\t\t\t\t\t\t\t\t<img fetchpriority=\"high\" decoding=\"async\" width=\"580\" height=\"385\" src=\"http:\/\/www.undar.edu.pe\/wp-content\/uploads\/2025\/02\/PRESENTACION-DE-RESULTADOS-DE-AUDITORIA-INTERNA.gif\" class=\"attachment-medium_large size-medium_large wp-image-60914\" alt=\"Banner de noticias: Fotos de la presentaci\u00f3n de resultados de auditor\u00eda interna a personal no docente\" \/>\t\t\t\t\t\t\t\t\t\t\t\t\t<\/div>\n\t\t\t\t<\/div>\n\t\t\t\t<div class=\"elementor-element elementor-element-35352b80 elementor-widget elementor-widget-text-editor\" data-id=\"35352b80\" data-element_type=\"widget\" data-widget_type=\"text-editor.default\">\n\t\t\t\t<div class=\"elementor-widget-container\">\n\t\t\t\t\t\t\t<p>La Comisi\u00f3n Central de Licenciamiento Institucional de la Universidad Nacional Daniel Alom\u00eda Robles &#8211; UNDAR present\u00f3 hoy los resultados de la acci\u00f3n de auditor\u00eda interna de los medios de verificaci\u00f3n del modelo de licenciamiento, realizada del 18 al 21 de febrero del a\u00f1o en curso, ante el personal docente y no docente de esta casa de estudios.<\/p>\n<p><\/p>\n<p>La reuni\u00f3n inici\u00f3 con las palabras del titular de la UNDAR, Dr. Benjamin Velazco Reyes, quien explic\u00f3 brevemente c\u00f3mo la universidad ha asumido, hasta el momento, el proceso de licenciamiento, destacando las fortalezas y oportunidades de mejora. Luego se dio pase a que un representante de cada \u00f3rgano y unidad org\u00e1nica comente su experiencia en relaci\u00f3n a la auditor\u00eda interna.<\/p>\n<p><\/p>\n<p>Seguidamente, hubo una pausa activa a cargo de las psic\u00f3logas Nataly Ingunza Lastra y Sulema Medina Ferm\u00edn del Servicio de Psicopedagog\u00eda con el fin de incentivar la concentraci\u00f3n, aumentar la productividad y reducir el estr\u00e9s. Adem\u00e1s, se proyect\u00f3 un video de inducci\u00f3n de la Mejora Continua, en el cual se mostraron las etapas y aplicaciones como el m\u00e9todo PHVA (Planificar\/Hacer\/Verificar\/Actuar).<\/p>\n<p><\/p>\n<p>La Mgtr. Giulianna D. Villanueva Medrano, jefa de la Oficina de Gesti\u00f3n de la Calidad comunic\u00f3 los hallazgos generales de la acci\u00f3n de auditor\u00eda interna y exhort\u00f3 a revisar las observaciones para tomar las medidas correctivas adecuadas, fomentando as\u00ed la cultura de mejora.<\/p>\n<p><\/p>\n<p>Por \u00faltimo, el Dr. Velazco Reyes formul\u00f3 con apoyo del auditorio los compromisos institucionales y rescat\u00f3 el concepto de voluntad como motor del cambio. A su vez, la Dra. Delma Flores Farf\u00e1n, vicepresidenta de investigaci\u00f3n, culmin\u00f3 la reuni\u00f3n, invitando a seguir sumando esfuerzos para dejar un legado en favor de la ciudadan\u00eda y futuros profesionales de m\u00fasica y educaci\u00f3n musical.<\/p>\t\t\t\t\t\t<\/div>\n\t\t\t\t<\/div>\n\t\t\t\t<div class=\"elementor-element elementor-element-f83af45 elementor-share-buttons--view-icon elementor-share-buttons--skin-minimal elementor-share-buttons--shape-circle elementor-share-buttons--align-center elementor-grid-0 elementor-share-buttons--color-official elementor-widget elementor-widget-share-buttons\" data-id=\"f83af45\" data-element_type=\"widget\" data-widget_type=\"share-buttons.default\">\n\t\t\t\t<div class=\"elementor-widget-container\">\n\t\t\t\t\t<div class=\"elementor-grid\">\n\t\t\t\t\t\t\t\t<div class=\"elementor-grid-item\">\n\t\t\t\t\t\t<div\n\t\t\t\t\t\t\tclass=\"elementor-share-btn elementor-share-btn_facebook\"\n\t\t\t\t\t\t\trole=\"button\"\n\t\t\t\t\t\t\ttabindex=\"0\"\n\t\t\t\t\t\t\taria-label=\"Compartir en facebook\"\n\t\t\t\t\t\t>\n\t\t\t\t\t\t\t\t\t\t\t\t\t\t\t<span class=\"elementor-share-btn__icon\">\n\t\t\t\t\t\t\t\t<i class=\"fab fa-facebook\" aria-hidden=\"true\"><\/i>\t\t\t\t\t\t\t<\/span>\n\t\t\t\t\t\t\t\t\t\t\t\t\t\t\t\t\t\t\t\t<\/div>\n\t\t\t\t\t<\/div>\n\t\t\t\t\t\t\t\t\t<div class=\"elementor-grid-item\">\n\t\t\t\t\t\t<div\n\t\t\t\t\t\t\tclass=\"elementor-share-btn elementor-share-btn_twitter\"\n\t\t\t\t\t\t\trole=\"button\"\n\t\t\t\t\t\t\ttabindex=\"0\"\n\t\t\t\t\t\t\taria-label=\"Compartir en twitter\"\n\t\t\t\t\t\t>\n\t\t\t\t\t\t\t\t\t\t\t\t\t\t\t<span class=\"elementor-share-btn__icon\">\n\t\t\t\t\t\t\t\t<i class=\"fab fa-twitter\" aria-hidden=\"true\"><\/i>\t\t\t\t\t\t\t<\/span>\n\t\t\t\t\t\t\t\t\t\t\t\t\t\t\t\t\t\t\t\t<\/div>\n\t\t\t\t\t<\/div>\n\t\t\t\t\t\t\t\t\t<div class=\"elementor-grid-item\">\n\t\t\t\t\t\t<div\n\t\t\t\t\t\t\tclass=\"elementor-share-btn elementor-share-btn_linkedin\"\n\t\t\t\t\t\t\trole=\"button\"\n\t\t\t\t\t\t\ttabindex=\"0\"\n\t\t\t\t\t\t\taria-label=\"Compartir en linkedin\"\n\t\t\t\t\t\t>\n\t\t\t\t\t\t\t\t\t\t\t\t\t\t\t<span class=\"elementor-share-btn__icon\">\n\t\t\t\t\t\t\t\t<i class=\"fab fa-linkedin\" aria-hidden=\"true\"><\/i>\t\t\t\t\t\t\t<\/span>\n\t\t\t\t\t\t\t\t\t\t\t\t\t\t\t\t\t\t\t\t<\/div>\n\t\t\t\t\t<\/div>\n\t\t\t\t\t\t<\/div>\n\t\t\t\t<\/div>\n\t\t\t\t<\/div>\n\t\t\t\t<section class=\"elementor-section elementor-inner-section elementor-element elementor-element-4bfc828 elementor-section-boxed elementor-section-height-default elementor-section-height-default\" data-id=\"4bfc828\" data-element_type=\"section\">\n\t\t\t\t\t\t<div class=\"elementor-container elementor-column-gap-default\">\n\t\t\t\t\t<div class=\"elementor-column elementor-col-33 elementor-inner-column elementor-element elementor-element-231c783\" data-id=\"231c783\" data-element_type=\"column\">\n\t\t\t<div class=\"elementor-widget-wrap elementor-element-populated\">\n\t\t\t\t\t\t<div class=\"elementor-element elementor-element-2845b88 elementor-align-justify elementor-widget__width-inherit elementor-widget elementor-widget-button\" data-id=\"2845b88\" data-element_type=\"widget\" data-widget_type=\"button.default\">\n\t\t\t\t<div class=\"elementor-widget-container\">\n\t\t\t\t\t\t\t<div class=\"elementor-button-wrapper\">\n\t\t\t\t\t<a class=\"elementor-button elementor-button-link elementor-size-md\" href=\"https:\/\/www.undar.edu.pe\/index.php\/2025\/02\/21\/con-exito-se-desarrollo-el-concurso-de-canto-en-lenguas-originarias-organizado-por-la-ddc-de-huanuco-la-undar-y-la-cci-huanuco\/\">\n\t\t\t\t\t\t<span class=\"elementor-button-content-wrapper\">\n\t\t\t\t\t\t<span class=\"elementor-button-icon\">\n\t\t\t\t<i aria-hidden=\"true\" class=\"fas fa-arrow-left\"><\/i>\t\t\t<\/span>\n\t\t\t\t\t\t\t\t\t<span class=\"elementor-button-text\">ATR\u00c1S<\/span>\n\t\t\t\t\t<\/span>\n\t\t\t\t\t<\/a>\n\t\t\t\t<\/div>\n\t\t\t\t\t\t<\/div>\n\t\t\t\t<\/div>\n\t\t\t\t\t<\/div>\n\t\t<\/div>\n\t\t\t\t<div class=\"elementor-column elementor-col-33 elementor-inner-column elementor-element elementor-element-4d23888\" data-id=\"4d23888\" data-element_type=\"column\">\n\t\t\t<div class=\"elementor-widget-wrap\">\n\t\t\t\t\t\t\t<\/div>\n\t\t<\/div>\n\t\t\t\t<div class=\"elementor-column elementor-col-33 elementor-inner-column elementor-element elementor-element-ea4fe31\" data-id=\"ea4fe31\" data-element_type=\"column\">\n\t\t\t<div class=\"elementor-widget-wrap elementor-element-populated\">\n\t\t\t\t\t\t<div class=\"elementor-element elementor-element-4e9bafd elementor-align-justify elementor-widget__width-inherit elementor-widget elementor-widget-button\" data-id=\"4e9bafd\" data-element_type=\"widget\" data-widget_type=\"button.default\">\n\t\t\t\t<div class=\"elementor-widget-container\">\n\t\t\t\t\t\t\t<div class=\"elementor-button-wrapper\">\n\t\t\t\t\t<a class=\"elementor-button elementor-button-link elementor-size-md\" href=\"https:\/\/www.undar.edu.pe\/index.php\/2025\/03\/03\/comision-central-del-licenciamiento-institucional-y-docentes-de-la-undar-se-reunieron-hoy-en-una-mesa-de-trabajo\/\">\n\t\t\t\t\t\t<span class=\"elementor-button-content-wrapper\">\n\t\t\t\t\t\t<span class=\"elementor-button-icon\">\n\t\t\t\t<i aria-hidden=\"true\" class=\"fas fa-arrow-right\"><\/i>\t\t\t<\/span>\n\t\t\t\t\t\t\t\t\t<span class=\"elementor-button-text\">SIGUIENTE<\/span>\n\t\t\t\t\t<\/span>\n\t\t\t\t\t<\/a>\n\t\t\t\t<\/div>\n\t\t\t\t\t\t<\/div>\n\t\t\t\t<\/div>\n\t\t\t\t\t<\/div>\n\t\t<\/div>\n\t\t\t\t\t<\/div>\n\t\t<\/section>\n\t\t\t\t<div class=\"elementor-element elementor-element-aa8fe31 elementor-widget elementor-widget-text-editor\" data-id=\"aa8fe31\" data-element_type=\"widget\" data-widget_type=\"text-editor.default\">\n\t\t\t\t<div class=\"elementor-widget-container\">\n\t\t\t\t\t\t\t<p><span style=\"color: #4b4f58; font-size: 15px;\"><button id=\"listenButton1\" class=\"responsivevoice-button\" type=\"button\" value=\"Play\" title=\"ResponsiveVoice Tap to Start\/Stop Speech\"><span>&#128266; Listen to this<\/span><\/button>\n        <script>\n            listenButton1.onclick = function(){\n                if(responsiveVoice.isPlaying()){\n                    responsiveVoice.cancel();\n                }else{\n                    responsiveVoice.speak(\"COMISI\u00d3N DEL LICENCIAMIENTO DE LA UNDAR PRESENTA HALLAZGOS DE LA AUDITOR\u00cdA INTERNA EJECUTADA A LOS RESPONSABLES DE LOS MEDIOS DE VERIFICACI\u00d3N La Comisi\u00f3n Central de Licenciamiento Institucional de la Universidad Nacional Daniel Alom\u00eda Robles - UNDAR present\u00f3 hoy los resultados de la acci\u00f3n de auditor\u00eda interna de los medios de verificaci\u00f3n del modelo de licenciamiento, realizada del 18 al 21 de febrero del a\u00f1o en curso, ante el personal docente y no docente de esta casa de estudios. La reuni\u00f3n inici\u00f3 con las palabras del titular de la UNDAR, Dr. Benjamin Velazco Reyes, quien explic\u00f3 brevemente c\u00f3mo la universidad ha asumido, hasta el momento, el proceso de licenciamiento, destacando las fortalezas y oportunidades de mejora. Luego se dio pase a que un representante de cada \u00f3rgano y unidad org\u00e1nica comente su experiencia en relaci\u00f3n a la auditor\u00eda interna. Seguidamente, hubo una pausa activa a cargo de las psic\u00f3logas Nataly Ingunza Lastra y Sulema Medina Ferm\u00edn del Servicio de Psicopedagog\u00eda con el fin de incentivar la concentraci\u00f3n, aumentar la productividad y reducir el estr\u00e9s. Adem\u00e1s, se proyect\u00f3 un video de inducci\u00f3n de la Mejora Continua, en el cual se mostraron las etapas y aplicaciones como el m\u00e9todo PHVA (Planificar\/Hacer\/Verificar\/Actuar). La Mgtr. Giulianna D. Villanueva Medrano, jefa de la Oficina de Gesti\u00f3n de la Calidad comunic\u00f3 los hallazgos generales de la acci\u00f3n de auditor\u00eda interna y exhort\u00f3 a revisar las observaciones para tomar las medidas correctivas adecuadas, fomentando as\u00ed la cultura de mejora. Por \u00faltimo, el Dr. Velazco Reyes formul\u00f3 con apoyo del auditorio los compromisos institucionales y rescat\u00f3 el concepto de voluntad como motor del cambio. A su vez, la Dra. Delma Flores Farf\u00e1n, vicepresidenta de investigaci\u00f3n, culmin\u00f3 la reuni\u00f3n, invitando a seguir sumando esfuerzos para dejar un legado en favor de la ciudadan\u00eda y futuros profesionales de m\u00fasica y educaci\u00f3n musical. ATR\u00c1S SIGUIENTE \u00a0\", \"UK English Female\");\n                }\n            };\n        <\/script>\n    <\/span><span style=\"color: #4b4f58; font-size: 15px;\">\u00a0<\/span><\/p>\t\t\t\t\t\t<\/div>\n\t\t\t\t<\/div>\n\t\t\t\t\t<\/div>\n\t\t<\/div>\n\t\t\t\t\t<\/div>\n\t\t<\/section>\n\t\t\t\t<\/div>\n\t\t","protected":false},"excerpt":{"rendered":"<p>La Comisi\u00f3n Central de Licenciamiento Institucional de la Universidad Nacional Daniel Alom\u00eda Robles &#8211; UNDAR present\u00f3 hoy los resultados de la acci\u00f3n de auditor\u00eda interna (&#8230;)<\/p>\n","protected":false},"author":1,"featured_media":60914,"comment_status":"closed","ping_status":"closed","sticky":false,"template":"","format":"standard","meta":{"_uf_show_specific_survey":0,"_uf_disable_surveys":false,"footnotes":""},"categories":[7],"tags":[],"class_list":["post-60912","post","type-post","status-publish","format-standard","has-post-thumbnail","hentry","category-noticias"],"aioseo_notices":[],"_links":{"self":[{"href":"http:\/\/www.undar.edu.pe\/index.php\/wp-json\/wp\/v2\/posts\/60912","targetHints":{"allow":["GET"]}}],"collection":[{"href":"http:\/\/www.undar.edu.pe\/index.php\/wp-json\/wp\/v2\/posts"}],"about":[{"href":"http:\/\/www.undar.edu.pe\/index.php\/wp-json\/wp\/v2\/types\/post"}],"author":[{"embeddable":true,"href":"http:\/\/www.undar.edu.pe\/index.php\/wp-json\/wp\/v2\/users\/1"}],"replies":[{"embeddable":true,"href":"http:\/\/www.undar.edu.pe\/index.php\/wp-json\/wp\/v2\/comments?post=60912"}],"version-history":[{"count":11,"href":"http:\/\/www.undar.edu.pe\/index.php\/wp-json\/wp\/v2\/posts\/60912\/revisions"}],"predecessor-version":[{"id":61404,"href":"http:\/\/www.undar.edu.pe\/index.php\/wp-json\/wp\/v2\/posts\/60912\/revisions\/61404"}],"wp:featuredmedia":[{"embeddable":true,"href":"http:\/\/www.undar.edu.pe\/index.php\/wp-json\/wp\/v2\/media\/60914"}],"wp:attachment":[{"href":"http:\/\/www.undar.edu.pe\/index.php\/wp-json\/wp\/v2\/media?parent=60912"}],"wp:term":[{"taxonomy":"category","embeddable":true,"href":"http:\/\/www.undar.edu.pe\/index.php\/wp-json\/wp\/v2\/categories?post=60912"},{"taxonomy":"post_tag","embeddable":true,"href":"http:\/\/www.undar.edu.pe\/index.php\/wp-json\/wp\/v2\/tags?post=60912"}],"curies":[{"name":"wp","href":"https:\/\/api.w.org\/{rel}","templated":true}]}}