{"id":60893,"date":"2025-02-21T19:18:56","date_gmt":"2025-02-22T00:18:56","guid":{"rendered":"http:\/\/www.undar.edu.pe\/?p=60893"},"modified":"2025-03-27T13:09:37","modified_gmt":"2025-03-27T18:09:37","slug":"con-exito-se-desarrollo-el-concurso-de-canto-en-lenguas-originarias-organizado-por-la-ddc-de-huanuco-la-undar-y-la-cci-huanuco","status":"publish","type":"post","link":"http:\/\/www.undar.edu.pe\/index.php\/2025\/02\/21\/con-exito-se-desarrollo-el-concurso-de-canto-en-lenguas-originarias-organizado-por-la-ddc-de-huanuco-la-undar-y-la-cci-huanuco\/","title":{"rendered":"CON \u00c9XITO SE DESARROLL\u00d3 EL CONCURSO DE CANTO EN LENGUAS ORIGINARIAS, ORGANIZADO POR LA DDC DE HU\u00c1NUCO, LA UNDAR Y LA CCI HU\u00c1NUCO"},"content":{"rendered":"\t\t<div data-elementor-type=\"wp-post\" data-elementor-id=\"60893\" class=\"elementor elementor-60893\" data-elementor-post-type=\"post\">\n\t\t\t\t\t\t<section class=\"elementor-section elementor-top-section elementor-element elementor-element-18871c0f elementor-section-boxed elementor-section-height-default elementor-section-height-default\" data-id=\"18871c0f\" data-element_type=\"section\">\n\t\t\t\t\t\t<div class=\"elementor-container elementor-column-gap-default\">\n\t\t\t\t\t<div class=\"elementor-column elementor-col-100 elementor-top-column elementor-element elementor-element-40331c9a\" data-id=\"40331c9a\" data-element_type=\"column\">\n\t\t\t<div class=\"elementor-widget-wrap elementor-element-populated\">\n\t\t\t\t\t\t<div class=\"elementor-element elementor-element-afab122 elementor-widget elementor-widget-heading\" data-id=\"afab122\" data-element_type=\"widget\" data-widget_type=\"heading.default\">\n\t\t\t\t<div class=\"elementor-widget-container\">\n\t\t\t<h4 class=\"elementor-heading-title elementor-size-default\">CON \u00c9XITO SE DESARROLL\u00d3 EL CONCURSO DE CANTO EN LENGUAS ORIGINARIAS, ORGANIZADO POR LA DDC DE HU\u00c1NUCO, LA UNDAR Y LA CCI HU\u00c1NUCO                                          <\/h4>\t\t<\/div>\n\t\t\t\t<\/div>\n\t\t\t\t<div class=\"elementor-element elementor-element-4664c16 elementor-widget elementor-widget-image\" data-id=\"4664c16\" data-element_type=\"widget\" data-widget_type=\"image.default\">\n\t\t\t\t<div class=\"elementor-widget-container\">\n\t\t\t\t\t\t\t\t\t\t\t\t\t<img fetchpriority=\"high\" decoding=\"async\" width=\"580\" height=\"385\" src=\"http:\/\/www.undar.edu.pe\/wp-content\/uploads\/2025\/02\/FESTIVAL-CONCURSO-DE-CANTO-DE-LENGUAS-ORIGINARIAS.gif\" class=\"attachment-medium_large size-medium_large wp-image-60895\" alt=\"Banner de noticias: Fotos del Festival Concurso de canto en lenguas originarias\" \/>\t\t\t\t\t\t\t\t\t\t\t\t\t<\/div>\n\t\t\t\t<\/div>\n\t\t\t\t<div class=\"elementor-element elementor-element-35352b80 elementor-widget elementor-widget-text-editor\" data-id=\"35352b80\" data-element_type=\"widget\" data-widget_type=\"text-editor.default\">\n\t\t\t\t<div class=\"elementor-widget-container\">\n\t\t\t\t\t\t\t<p>La Direcci\u00f3n Desconcentrada de Cultura de Hu\u00e1nuco en colaboraci\u00f3n con la Universidad Nacional Daniel Alom\u00eda Robles &#8211; UNDAR y la C\u00e1mara de Comercio e Industrias de Hu\u00e1nuco organizaron el Festival de Canto en Lenguas Originarias 2025 &#8211; \u201cMarkanchikpa Takiyninkuna\u201d, evento que celebr\u00f3 nuestra riqueza cultural a trav\u00e9s de una impresionante muestra del talento de j\u00f3venes y adultos, quienes representaron con orgullo a sus provincias y distritos.&nbsp;<\/p>\n<p><\/p>\n<p>El festival cont\u00f3 con la presencia de la Dra. N\u00e9lida Esperanza Rosales Alc\u00e1ntara, directora del \u00d3rgano Desconcentrado de la Direcci\u00f3n Desconcentrada de Cultura de Hu\u00e1nuco; el Dr. Benjamin Velazco Reyes, presidente de la Comisi\u00f3n Organizadora de la UNDAR y el Econ. Vladimir Santiago Espinoza, gerente de la C\u00e1mara de Comercio e Industrias de Hu\u00e1nuco.<\/p>\n<p><\/p>\n<p>En calidad de jurado participaron distinguidos representantes del \u00e1mbito cultural y musical como la Dra. N\u00e9lida Esperanza Rosales Alc\u00e1ntara; el Mgtr. F\u00e9lix Hip\u00f3lito Echevarr\u00eda Ram\u00edrez, coordinador(e) de la Facultad de M\u00fasica de la UNDAR y el Dr. Rolando Santiago Bernardo, int\u00e9rprete y traductor de quechua central variante Hu\u00e1nuco.<\/p>\n<p><\/p>\n<p>Por otro lado, el concurso tuvo dos categor\u00edas: solista y grupo; entre los criterios a evaluar estuvieron la puntualidad, vestuario, dominio esc\u00e9nico, dominio de la lengua originaria, originalidad de la letra, ensamble con la pista o acompa\u00f1amiento (solo para categor\u00eda solista), ensamble grupal (solo para categor\u00eda grupo) e interpretaci\u00f3n.&nbsp;<\/p>\n<p><\/p>\n<p>Finalmente, los ganadores fueron el grupo Quri \u00d1awis y Yudith Violeta Salvador Falc\u00f3n, ellos recibieron los aplausos del p\u00fablico asistente y las felicitaciones de los miembros del jurado por su destacada participaci\u00f3n musical.<\/p>\t\t\t\t\t\t<\/div>\n\t\t\t\t<\/div>\n\t\t\t\t<div class=\"elementor-element elementor-element-f83af45 elementor-share-buttons--view-icon elementor-share-buttons--skin-minimal elementor-share-buttons--shape-circle elementor-share-buttons--align-center elementor-grid-0 elementor-share-buttons--color-official elementor-widget elementor-widget-share-buttons\" data-id=\"f83af45\" data-element_type=\"widget\" data-widget_type=\"share-buttons.default\">\n\t\t\t\t<div class=\"elementor-widget-container\">\n\t\t\t\t\t<div class=\"elementor-grid\">\n\t\t\t\t\t\t\t\t<div class=\"elementor-grid-item\">\n\t\t\t\t\t\t<div\n\t\t\t\t\t\t\tclass=\"elementor-share-btn elementor-share-btn_facebook\"\n\t\t\t\t\t\t\trole=\"button\"\n\t\t\t\t\t\t\ttabindex=\"0\"\n\t\t\t\t\t\t\taria-label=\"Compartir en facebook\"\n\t\t\t\t\t\t>\n\t\t\t\t\t\t\t\t\t\t\t\t\t\t\t<span class=\"elementor-share-btn__icon\">\n\t\t\t\t\t\t\t\t<i class=\"fab fa-facebook\" aria-hidden=\"true\"><\/i>\t\t\t\t\t\t\t<\/span>\n\t\t\t\t\t\t\t\t\t\t\t\t\t\t\t\t\t\t\t\t<\/div>\n\t\t\t\t\t<\/div>\n\t\t\t\t\t\t\t\t\t<div class=\"elementor-grid-item\">\n\t\t\t\t\t\t<div\n\t\t\t\t\t\t\tclass=\"elementor-share-btn elementor-share-btn_twitter\"\n\t\t\t\t\t\t\trole=\"button\"\n\t\t\t\t\t\t\ttabindex=\"0\"\n\t\t\t\t\t\t\taria-label=\"Compartir en twitter\"\n\t\t\t\t\t\t>\n\t\t\t\t\t\t\t\t\t\t\t\t\t\t\t<span class=\"elementor-share-btn__icon\">\n\t\t\t\t\t\t\t\t<i class=\"fab fa-twitter\" aria-hidden=\"true\"><\/i>\t\t\t\t\t\t\t<\/span>\n\t\t\t\t\t\t\t\t\t\t\t\t\t\t\t\t\t\t\t\t<\/div>\n\t\t\t\t\t<\/div>\n\t\t\t\t\t\t\t\t\t<div class=\"elementor-grid-item\">\n\t\t\t\t\t\t<div\n\t\t\t\t\t\t\tclass=\"elementor-share-btn elementor-share-btn_linkedin\"\n\t\t\t\t\t\t\trole=\"button\"\n\t\t\t\t\t\t\ttabindex=\"0\"\n\t\t\t\t\t\t\taria-label=\"Compartir en linkedin\"\n\t\t\t\t\t\t>\n\t\t\t\t\t\t\t\t\t\t\t\t\t\t\t<span class=\"elementor-share-btn__icon\">\n\t\t\t\t\t\t\t\t<i class=\"fab fa-linkedin\" aria-hidden=\"true\"><\/i>\t\t\t\t\t\t\t<\/span>\n\t\t\t\t\t\t\t\t\t\t\t\t\t\t\t\t\t\t\t\t<\/div>\n\t\t\t\t\t<\/div>\n\t\t\t\t\t\t<\/div>\n\t\t\t\t<\/div>\n\t\t\t\t<\/div>\n\t\t\t\t<section class=\"elementor-section elementor-inner-section elementor-element elementor-element-4bfc828 elementor-section-boxed elementor-section-height-default elementor-section-height-default\" data-id=\"4bfc828\" data-element_type=\"section\">\n\t\t\t\t\t\t<div class=\"elementor-container elementor-column-gap-default\">\n\t\t\t\t\t<div class=\"elementor-column elementor-col-33 elementor-inner-column elementor-element elementor-element-231c783\" data-id=\"231c783\" data-element_type=\"column\">\n\t\t\t<div class=\"elementor-widget-wrap elementor-element-populated\">\n\t\t\t\t\t\t<div class=\"elementor-element elementor-element-2845b88 elementor-align-justify elementor-widget__width-inherit elementor-widget elementor-widget-button\" data-id=\"2845b88\" data-element_type=\"widget\" data-widget_type=\"button.default\">\n\t\t\t\t<div class=\"elementor-widget-container\">\n\t\t\t\t\t\t\t<div class=\"elementor-button-wrapper\">\n\t\t\t\t\t<a class=\"elementor-button elementor-button-link elementor-size-md\" href=\"https:\/\/www.undar.edu.pe\/index.php\/2025\/02\/21\/comision-central-del-licenciamiento-institucional-de-la-undar-ejecuta-auditorias-internas-a-los-responsables-de-los-medios-de-verificacion\/\">\n\t\t\t\t\t\t<span class=\"elementor-button-content-wrapper\">\n\t\t\t\t\t\t<span class=\"elementor-button-icon\">\n\t\t\t\t<i aria-hidden=\"true\" class=\"fas fa-arrow-left\"><\/i>\t\t\t<\/span>\n\t\t\t\t\t\t\t\t\t<span class=\"elementor-button-text\">ATR\u00c1S<\/span>\n\t\t\t\t\t<\/span>\n\t\t\t\t\t<\/a>\n\t\t\t\t<\/div>\n\t\t\t\t\t\t<\/div>\n\t\t\t\t<\/div>\n\t\t\t\t\t<\/div>\n\t\t<\/div>\n\t\t\t\t<div class=\"elementor-column elementor-col-33 elementor-inner-column elementor-element elementor-element-4d23888\" data-id=\"4d23888\" data-element_type=\"column\">\n\t\t\t<div class=\"elementor-widget-wrap\">\n\t\t\t\t\t\t\t<\/div>\n\t\t<\/div>\n\t\t\t\t<div class=\"elementor-column elementor-col-33 elementor-inner-column elementor-element elementor-element-ea4fe31\" data-id=\"ea4fe31\" data-element_type=\"column\">\n\t\t\t<div class=\"elementor-widget-wrap elementor-element-populated\">\n\t\t\t\t\t\t<div class=\"elementor-element elementor-element-4e9bafd elementor-align-justify elementor-widget__width-inherit elementor-widget elementor-widget-button\" data-id=\"4e9bafd\" data-element_type=\"widget\" data-widget_type=\"button.default\">\n\t\t\t\t<div class=\"elementor-widget-container\">\n\t\t\t\t\t\t\t<div class=\"elementor-button-wrapper\">\n\t\t\t\t\t<a class=\"elementor-button elementor-button-link elementor-size-md\" href=\"https:\/\/www.undar.edu.pe\/index.php\/2025\/02\/26\/comision-del-licenciamiento-de-la-undar-presenta-hallazgos-de-la-auditoria-interna-ejecutada-a-los-responsables-de-los-medios-de-verificacion\/\">\n\t\t\t\t\t\t<span class=\"elementor-button-content-wrapper\">\n\t\t\t\t\t\t<span class=\"elementor-button-icon\">\n\t\t\t\t<i aria-hidden=\"true\" class=\"fas fa-arrow-right\"><\/i>\t\t\t<\/span>\n\t\t\t\t\t\t\t\t\t<span class=\"elementor-button-text\">SIGUIENTE<\/span>\n\t\t\t\t\t<\/span>\n\t\t\t\t\t<\/a>\n\t\t\t\t<\/div>\n\t\t\t\t\t\t<\/div>\n\t\t\t\t<\/div>\n\t\t\t\t\t<\/div>\n\t\t<\/div>\n\t\t\t\t\t<\/div>\n\t\t<\/section>\n\t\t\t\t<div class=\"elementor-element elementor-element-aa8fe31 elementor-widget elementor-widget-text-editor\" data-id=\"aa8fe31\" data-element_type=\"widget\" data-widget_type=\"text-editor.default\">\n\t\t\t\t<div class=\"elementor-widget-container\">\n\t\t\t\t\t\t\t<p><span style=\"color: #4b4f58; font-size: 15px;\"><button id=\"listenButton1\" class=\"responsivevoice-button\" type=\"button\" value=\"Play\" title=\"ResponsiveVoice Tap to Start\/Stop Speech\"><span>&#128266; Listen to this<\/span><\/button>\n        <script>\n            listenButton1.onclick = function(){\n                if(responsiveVoice.isPlaying()){\n                    responsiveVoice.cancel();\n                }else{\n                    responsiveVoice.speak(\"CON \u00c9XITO SE DESARROLL\u00d3 EL CONCURSO DE CANTO EN LENGUAS ORIGINARIAS, ORGANIZADO POR LA DDC DE HU\u00c1NUCO, LA UNDAR Y LA CCI HU\u00c1NUCO La Direcci\u00f3n Desconcentrada de Cultura de Hu\u00e1nuco en colaboraci\u00f3n con la Universidad Nacional Daniel Alom\u00eda Robles - UNDAR y la C\u00e1mara de Comercio e Industrias de Hu\u00e1nuco organizaron el Festival de Canto en Lenguas Originarias 2025 - \u201cMarkanchikpa Takiyninkuna\u201d, evento que celebr\u00f3 nuestra riqueza cultural a trav\u00e9s de una impresionante muestra del talento de j\u00f3venes y adultos, quienes representaron con orgullo a sus provincias y distritos. El festival cont\u00f3 con la presencia de la Dra. N\u00e9lida Esperanza Rosales Alc\u00e1ntara, directora del \u00d3rgano Desconcentrado de la Direcci\u00f3n Desconcentrada de Cultura de Hu\u00e1nuco; el Dr. Benjamin Velazco Reyes, presidente de la Comisi\u00f3n Organizadora de la UNDAR y el Econ. Vladimir Santiago Espinoza, gerente de la C\u00e1mara de Comercio e Industrias de Hu\u00e1nuco. En calidad de jurado participaron distinguidos representantes del \u00e1mbito cultural y musical como la Dra. N\u00e9lida Esperanza Rosales Alc\u00e1ntara; el Mgtr. F\u00e9lix Hip\u00f3lito Echevarr\u00eda Ram\u00edrez, coordinador(e) de la Facultad de M\u00fasica de la UNDAR y el Dr. Rolando Santiago Bernardo, int\u00e9rprete y traductor de quechua central variante Hu\u00e1nuco. Por otro lado, el concurso tuvo dos categor\u00edas: solista y grupo; entre los criterios a evaluar estuvieron la puntualidad, vestuario, dominio esc\u00e9nico, dominio de la lengua originaria, originalidad de la letra, ensamble con la pista o acompa\u00f1amiento (solo para categor\u00eda solista), ensamble grupal (solo para categor\u00eda grupo) e interpretaci\u00f3n. Finalmente, los ganadores fueron el grupo Quri \u00d1awis y Yudith Violeta Salvador Falc\u00f3n, ellos recibieron los aplausos del p\u00fablico asistente y las felicitaciones de los miembros del jurado por su destacada participaci\u00f3n musical. ATR\u00c1S SIGUIENTE \u00a0\", \"UK English Female\");\n                }\n            };\n        <\/script>\n    <\/span><span style=\"color: #4b4f58; font-size: 15px;\">\u00a0<\/span><\/p>\t\t\t\t\t\t<\/div>\n\t\t\t\t<\/div>\n\t\t\t\t\t<\/div>\n\t\t<\/div>\n\t\t\t\t\t<\/div>\n\t\t<\/section>\n\t\t\t\t<\/div>\n\t\t","protected":false},"excerpt":{"rendered":"<p>La Direcci\u00f3n Desconcentrada de Cultura de Hu\u00e1nuco en colaboraci\u00f3n con la Universidad Nacional Daniel Alom\u00eda Robles &#8211; UNDAR y la C\u00e1mara de Comercio e (&#8230;)<\/p>\n","protected":false},"author":1,"featured_media":60895,"comment_status":"closed","ping_status":"closed","sticky":false,"template":"","format":"standard","meta":{"_uf_show_specific_survey":0,"_uf_disable_surveys":false,"footnotes":""},"categories":[7],"tags":[],"class_list":["post-60893","post","type-post","status-publish","format-standard","has-post-thumbnail","hentry","category-noticias"],"aioseo_notices":[],"_links":{"self":[{"href":"http:\/\/www.undar.edu.pe\/index.php\/wp-json\/wp\/v2\/posts\/60893","targetHints":{"allow":["GET"]}}],"collection":[{"href":"http:\/\/www.undar.edu.pe\/index.php\/wp-json\/wp\/v2\/posts"}],"about":[{"href":"http:\/\/www.undar.edu.pe\/index.php\/wp-json\/wp\/v2\/types\/post"}],"author":[{"embeddable":true,"href":"http:\/\/www.undar.edu.pe\/index.php\/wp-json\/wp\/v2\/users\/1"}],"replies":[{"embeddable":true,"href":"http:\/\/www.undar.edu.pe\/index.php\/wp-json\/wp\/v2\/comments?post=60893"}],"version-history":[{"count":22,"href":"http:\/\/www.undar.edu.pe\/index.php\/wp-json\/wp\/v2\/posts\/60893\/revisions"}],"predecessor-version":[{"id":61511,"href":"http:\/\/www.undar.edu.pe\/index.php\/wp-json\/wp\/v2\/posts\/60893\/revisions\/61511"}],"wp:featuredmedia":[{"embeddable":true,"href":"http:\/\/www.undar.edu.pe\/index.php\/wp-json\/wp\/v2\/media\/60895"}],"wp:attachment":[{"href":"http:\/\/www.undar.edu.pe\/index.php\/wp-json\/wp\/v2\/media?parent=60893"}],"wp:term":[{"taxonomy":"category","embeddable":true,"href":"http:\/\/www.undar.edu.pe\/index.php\/wp-json\/wp\/v2\/categories?post=60893"},{"taxonomy":"post_tag","embeddable":true,"href":"http:\/\/www.undar.edu.pe\/index.php\/wp-json\/wp\/v2\/tags?post=60893"}],"curies":[{"name":"wp","href":"https:\/\/api.w.org\/{rel}","templated":true}]}}