{"id":60662,"date":"2025-02-21T11:40:06","date_gmt":"2025-02-21T16:40:06","guid":{"rendered":"http:\/\/www.undar.edu.pe\/?p=60662"},"modified":"2025-03-27T13:09:41","modified_gmt":"2025-03-27T18:09:41","slug":"comision-central-del-licenciamiento-institucional-de-la-undar-ejecuta-auditorias-internas-a-los-responsables-de-los-medios-de-verificacion","status":"publish","type":"post","link":"http:\/\/www.undar.edu.pe\/index.php\/2025\/02\/21\/comision-central-del-licenciamiento-institucional-de-la-undar-ejecuta-auditorias-internas-a-los-responsables-de-los-medios-de-verificacion\/","title":{"rendered":"COMISI\u00d3N CENTRAL DEL LICENCIAMIENTO INSTITUCIONAL DE LA UNDAR EJECUTA AUDITOR\u00cdAS INTERNAS A LOS RESPONSABLES DE LOS MEDIOS DE VERIFICACI\u00d3N"},"content":{"rendered":"\t\t<div data-elementor-type=\"wp-post\" data-elementor-id=\"60662\" class=\"elementor elementor-60662\" data-elementor-post-type=\"post\">\n\t\t\t\t\t\t<section class=\"elementor-section elementor-top-section elementor-element elementor-element-18871c0f elementor-section-boxed elementor-section-height-default elementor-section-height-default\" data-id=\"18871c0f\" data-element_type=\"section\">\n\t\t\t\t\t\t<div class=\"elementor-container elementor-column-gap-default\">\n\t\t\t\t\t<div class=\"elementor-column elementor-col-100 elementor-top-column elementor-element elementor-element-40331c9a\" data-id=\"40331c9a\" data-element_type=\"column\">\n\t\t\t<div class=\"elementor-widget-wrap elementor-element-populated\">\n\t\t\t\t\t\t<div class=\"elementor-element elementor-element-afab122 elementor-widget elementor-widget-heading\" data-id=\"afab122\" data-element_type=\"widget\" data-widget_type=\"heading.default\">\n\t\t\t\t<div class=\"elementor-widget-container\">\n\t\t\t<h4 class=\"elementor-heading-title elementor-size-default\">COMISI\u00d3N CENTRAL DEL LICENCIAMIENTO INSTITUCIONAL DE LA UNDAR EJECUTA AUDITOR\u00cdAS INTERNAS A LOS RESPONSABLES DE LOS MEDIOS DE VERIFICACI\u00d3N                                                                         <\/h4>\t\t<\/div>\n\t\t\t\t<\/div>\n\t\t\t\t<div class=\"elementor-element elementor-element-4664c16 elementor-widget elementor-widget-image\" data-id=\"4664c16\" data-element_type=\"widget\" data-widget_type=\"image.default\">\n\t\t\t\t<div class=\"elementor-widget-container\">\n\t\t\t\t\t\t\t\t\t\t\t\t\t<img fetchpriority=\"high\" decoding=\"async\" width=\"580\" height=\"385\" src=\"http:\/\/www.undar.edu.pe\/wp-content\/uploads\/2025\/02\/AUDITORIAS-INTERNAS-LICENCIAMIENTO-UNDAR.gif\" class=\"attachment-medium_large size-medium_large wp-image-60664\" alt=\"Banner de noticias: Fotos de las auditor\u00edas internas a los responsables de los medios de verificaci\u00f3n para el licenciamiento institucional\" \/>\t\t\t\t\t\t\t\t\t\t\t\t\t<\/div>\n\t\t\t\t<\/div>\n\t\t\t\t<div class=\"elementor-element elementor-element-35352b80 elementor-widget elementor-widget-text-editor\" data-id=\"35352b80\" data-element_type=\"widget\" data-widget_type=\"text-editor.default\">\n\t\t\t\t<div class=\"elementor-widget-container\">\n\t\t\t\t\t\t\t<p>Durante esta semana la Comisi\u00f3n Central del Licenciamiento Institucional de la Universidad Nacional Daniel Alom\u00eda Robles llev\u00f3 adelante las auditor\u00edas internas del cumplimiento de los medios de verificaci\u00f3n presentados en el expediente de licenciamiento ante la SUNEDU, a fin de evaluar la ejecuci\u00f3n de las condiciones b\u00e1sicas de calidad (CBC) e identificar mejoras potenciales para su cumplimiento conforme al modelo de licenciamiento para universidades nuevas.<\/p>\n<p>Dicha comisi\u00f3n y equipo evaluador fue presidido por el titular de la UNDAR, Dr. Benjamin Velazco Reyes. En calidad de miembros estuvieron el Dr. Amancio Rodolfo Valdivieso Echevarr\u00eda (vicepresidente acad\u00e9mico), la Dra. Delma Flores Farf\u00e1n (vicepresidenta de investigaci\u00f3n), el Dr. F\u00e9lix Arturo Caldas y Caballero (coordinador de la Facultad de M\u00fasica), el Mgtr. F\u00e9lix Hip\u00f3lito Echevarr\u00eda Ram\u00edrez (coordinador de la Facultad de Educaci\u00f3n Musical y Artes), la Mgtr. Giulianna Denisse Villanueva Medrano (jefa de la Oficina de Gesti\u00f3n de la Calidad &#8211; OGC) y el Ing. Franklin Ferm\u00edn Santiago Valqui (especialista de la Oficina de Gesti\u00f3n de la Calidad).<\/p>\n<p>Las auditor\u00edas se realizaron, de manera presencial y virtual, a cada \u00f3rgano o unidad org\u00e1nica responsable del medio de verificaci\u00f3n con la participaci\u00f3n de un miembro de la OGC y un representante de la Comisi\u00f3n del Licenciamiento, de acuerdo a la siguiente programaci\u00f3n:<\/p>\n<ul>\n<li>Presencial: 9:00 &#8211; 11:00 horas<\/li>\n<li>Virtual: 11:10 &#8211; 13:00 horas<\/li>\n<\/ul>\n<p>&nbsp;<\/p>\n<p><strong>Martes 18&nbsp;<\/strong><\/p>\n<p><em>Presencial y virtual<\/em><\/p>\n<p>CBC II: Constituci\u00f3n, gobierno y gesti\u00f3n de la universidad<\/p>\n<p>CBC III: La oferta acad\u00e9mica, recursos educativos y docencia<\/p>\n<p>CBC IV: Propuesta en Investigaci\u00f3n<\/p>\n<ul>\n<li>Unidad de Recursos Humanos<\/li>\n<li>Unidad Formuladora de Inversiones<\/li>\n<li>Unidad de Servicios Generales<\/li>\n<li>Unidad de Abastecimiento<\/li>\n<\/ul>\n<p>&nbsp;<\/p>\n<p><strong>Mi\u00e9rcoles 19<\/strong><\/p>\n<p><em>Presencial y virtual<\/em><\/p>\n<p>CBC I: Modelo Educativo de la Universidad<\/p>\n<p>CBC II: Constituci\u00f3n, gobierno y gesti\u00f3n de la universidad<\/p>\n<p>CBC III: La oferta acad\u00e9mica, recursos educativos y docencia<\/p>\n<p>CBC V: Responsabilidad Social Universitaria y Bienestar Universitario<\/p>\n<ul>\n<li>Vicepresidencia Acad\u00e9mica<\/li>\n<li>Facultad de M\u00fasica<\/li>\n<li>Escuela Profesional de Educaci\u00f3n Musical y Artes<\/li>\n<li>Escuela Profesional de M\u00fasica<\/li>\n<li>Gesti\u00f3n Curricular y Capacitaci\u00f3n Docente<\/li>\n<li>Direcci\u00f3n de Responsabilidad Social Universitaria y Extensi\u00f3n Cultural<\/li>\n<li>Direcci\u00f3n de Bienestar Universitario<\/li>\n<\/ul>\n<p>&nbsp;<\/p>\n<p><strong>Jueves 20<\/strong><\/p>\n<p><em>Presencial y virtual<\/em><\/p>\n<p>CBC IV: Propuesta en Investigaci\u00f3n<\/p>\n<ul>\n<li>Vicepresidencia de Investigaci\u00f3n<\/li>\n<li>Direcci\u00f3n de Innovaci\u00f3n y Transferencia Tecnol\u00f3gica<\/li>\n<li>Instituto de Investigaci\u00f3n<\/li>\n<li>Direcci\u00f3n de Incubadora de Empresas<\/li>\n<\/ul>\n<p>&nbsp;<\/p>\n<p><strong>Viernes 21<\/strong><\/p>\n<p><em>Virtual<\/em><\/p>\n<p>CBC III: La oferta acad\u00e9mica, recursos educativos y docencia<\/p>\n<p>CBC IV: Propuesta en Investigaci\u00f3n<\/p>\n<ul>\n<li>Unidad Ejecutora de Inversiones<\/li>\n<li>Direcci\u00f3n de Producci\u00f3n de Bienes y Servicios<\/li>\n<li>Facultad de Educaci\u00f3n Musical y Artes<\/li>\n<\/ul>\n<p>&nbsp; <\/p>\n<p>Cabe se\u00f1alar que en octubre del 2024 se ejecutaron las auditor\u00edas internas a la Presidencia, la Oficina de Planeamiento y Presupuesto &#8211; OPP, la Secretar\u00eda General &#8211; SG y la Oficina de Tecnolog\u00edas de la Informaci\u00f3n &#8211; OTI.<\/p>\t\t\t\t\t\t<\/div>\n\t\t\t\t<\/div>\n\t\t\t\t<div class=\"elementor-element elementor-element-f83af45 elementor-share-buttons--view-icon elementor-share-buttons--skin-minimal elementor-share-buttons--shape-circle elementor-share-buttons--align-center elementor-grid-0 elementor-share-buttons--color-official elementor-widget elementor-widget-share-buttons\" data-id=\"f83af45\" data-element_type=\"widget\" data-widget_type=\"share-buttons.default\">\n\t\t\t\t<div class=\"elementor-widget-container\">\n\t\t\t\t\t<div class=\"elementor-grid\">\n\t\t\t\t\t\t\t\t<div class=\"elementor-grid-item\">\n\t\t\t\t\t\t<div\n\t\t\t\t\t\t\tclass=\"elementor-share-btn elementor-share-btn_facebook\"\n\t\t\t\t\t\t\trole=\"button\"\n\t\t\t\t\t\t\ttabindex=\"0\"\n\t\t\t\t\t\t\taria-label=\"Compartir en facebook\"\n\t\t\t\t\t\t>\n\t\t\t\t\t\t\t\t\t\t\t\t\t\t\t<span class=\"elementor-share-btn__icon\">\n\t\t\t\t\t\t\t\t<i class=\"fab fa-facebook\" aria-hidden=\"true\"><\/i>\t\t\t\t\t\t\t<\/span>\n\t\t\t\t\t\t\t\t\t\t\t\t\t\t\t\t\t\t\t\t<\/div>\n\t\t\t\t\t<\/div>\n\t\t\t\t\t\t\t\t\t<div class=\"elementor-grid-item\">\n\t\t\t\t\t\t<div\n\t\t\t\t\t\t\tclass=\"elementor-share-btn elementor-share-btn_twitter\"\n\t\t\t\t\t\t\trole=\"button\"\n\t\t\t\t\t\t\ttabindex=\"0\"\n\t\t\t\t\t\t\taria-label=\"Compartir en twitter\"\n\t\t\t\t\t\t>\n\t\t\t\t\t\t\t\t\t\t\t\t\t\t\t<span class=\"elementor-share-btn__icon\">\n\t\t\t\t\t\t\t\t<i class=\"fab fa-twitter\" aria-hidden=\"true\"><\/i>\t\t\t\t\t\t\t<\/span>\n\t\t\t\t\t\t\t\t\t\t\t\t\t\t\t\t\t\t\t\t<\/div>\n\t\t\t\t\t<\/div>\n\t\t\t\t\t\t\t\t\t<div class=\"elementor-grid-item\">\n\t\t\t\t\t\t<div\n\t\t\t\t\t\t\tclass=\"elementor-share-btn elementor-share-btn_linkedin\"\n\t\t\t\t\t\t\trole=\"button\"\n\t\t\t\t\t\t\ttabindex=\"0\"\n\t\t\t\t\t\t\taria-label=\"Compartir en linkedin\"\n\t\t\t\t\t\t>\n\t\t\t\t\t\t\t\t\t\t\t\t\t\t\t<span class=\"elementor-share-btn__icon\">\n\t\t\t\t\t\t\t\t<i class=\"fab fa-linkedin\" aria-hidden=\"true\"><\/i>\t\t\t\t\t\t\t<\/span>\n\t\t\t\t\t\t\t\t\t\t\t\t\t\t\t\t\t\t\t\t<\/div>\n\t\t\t\t\t<\/div>\n\t\t\t\t\t\t<\/div>\n\t\t\t\t<\/div>\n\t\t\t\t<\/div>\n\t\t\t\t<section class=\"elementor-section elementor-inner-section elementor-element elementor-element-4bfc828 elementor-section-boxed elementor-section-height-default elementor-section-height-default\" data-id=\"4bfc828\" data-element_type=\"section\">\n\t\t\t\t\t\t<div class=\"elementor-container elementor-column-gap-default\">\n\t\t\t\t\t<div class=\"elementor-column elementor-col-33 elementor-inner-column elementor-element elementor-element-231c783\" data-id=\"231c783\" data-element_type=\"column\">\n\t\t\t<div class=\"elementor-widget-wrap elementor-element-populated\">\n\t\t\t\t\t\t<div class=\"elementor-element elementor-element-2845b88 elementor-align-justify elementor-widget__width-inherit elementor-widget elementor-widget-button\" data-id=\"2845b88\" data-element_type=\"widget\" data-widget_type=\"button.default\">\n\t\t\t\t<div class=\"elementor-widget-container\">\n\t\t\t\t\t\t\t<div class=\"elementor-button-wrapper\">\n\t\t\t\t\t<a class=\"elementor-button elementor-button-link elementor-size-md\" href=\"https:\/\/www.undar.edu.pe\/index.php\/2025\/02\/21\/con-exito-se-desarrollo-el-concurso-de-canto-en-lenguas-originarias-organizado-por-la-ddc-de-huanuco-la-undar-y-la-cci-huanuco\/\">\n\t\t\t\t\t\t<span class=\"elementor-button-content-wrapper\">\n\t\t\t\t\t\t<span class=\"elementor-button-icon\">\n\t\t\t\t<i aria-hidden=\"true\" class=\"fas fa-arrow-left\"><\/i>\t\t\t<\/span>\n\t\t\t\t\t\t\t\t\t<span class=\"elementor-button-text\">ATR\u00c1S<\/span>\n\t\t\t\t\t<\/span>\n\t\t\t\t\t<\/a>\n\t\t\t\t<\/div>\n\t\t\t\t\t\t<\/div>\n\t\t\t\t<\/div>\n\t\t\t\t\t<\/div>\n\t\t<\/div>\n\t\t\t\t<div class=\"elementor-column elementor-col-33 elementor-inner-column elementor-element elementor-element-4d23888\" data-id=\"4d23888\" data-element_type=\"column\">\n\t\t\t<div class=\"elementor-widget-wrap\">\n\t\t\t\t\t\t\t<\/div>\n\t\t<\/div>\n\t\t\t\t<div class=\"elementor-column elementor-col-33 elementor-inner-column elementor-element elementor-element-ea4fe31\" data-id=\"ea4fe31\" data-element_type=\"column\">\n\t\t\t<div class=\"elementor-widget-wrap elementor-element-populated\">\n\t\t\t\t\t\t<div class=\"elementor-element elementor-element-4e9bafd elementor-align-justify elementor-widget__width-inherit elementor-widget elementor-widget-button\" data-id=\"4e9bafd\" data-element_type=\"widget\" data-widget_type=\"button.default\">\n\t\t\t\t<div class=\"elementor-widget-container\">\n\t\t\t\t\t\t\t<div class=\"elementor-button-wrapper\">\n\t\t\t\t\t<a class=\"elementor-button elementor-button-link elementor-size-md\" href=\"https:\/\/www.undar.edu.pe\/index.php\/2025\/02\/21\/con-exito-se-desarrollo-el-concurso-de-canto-en-lenguas-originarias-organizado-por-la-ddc-de-huanuco-la-undar-y-la-cci-huanuco\/\">\n\t\t\t\t\t\t<span class=\"elementor-button-content-wrapper\">\n\t\t\t\t\t\t<span class=\"elementor-button-icon\">\n\t\t\t\t<i aria-hidden=\"true\" class=\"fas fa-arrow-right\"><\/i>\t\t\t<\/span>\n\t\t\t\t\t\t\t\t\t<span class=\"elementor-button-text\">SIGUIENTE<\/span>\n\t\t\t\t\t<\/span>\n\t\t\t\t\t<\/a>\n\t\t\t\t<\/div>\n\t\t\t\t\t\t<\/div>\n\t\t\t\t<\/div>\n\t\t\t\t\t<\/div>\n\t\t<\/div>\n\t\t\t\t\t<\/div>\n\t\t<\/section>\n\t\t\t\t<div class=\"elementor-element elementor-element-aa8fe31 elementor-widget elementor-widget-text-editor\" data-id=\"aa8fe31\" data-element_type=\"widget\" data-widget_type=\"text-editor.default\">\n\t\t\t\t<div class=\"elementor-widget-container\">\n\t\t\t\t\t\t\t<p><span style=\"color: #4b4f58; font-size: 15px;\"><button id=\"listenButton1\" class=\"responsivevoice-button\" type=\"button\" value=\"Play\" title=\"ResponsiveVoice Tap to Start\/Stop Speech\"><span>&#128266; Listen to this<\/span><\/button>\n        <script>\n            listenButton1.onclick = function(){\n                if(responsiveVoice.isPlaying()){\n                    responsiveVoice.cancel();\n                }else{\n                    responsiveVoice.speak(\"COMISI\u00d3N CENTRAL DEL LICENCIAMIENTO INSTITUCIONAL DE LA UNDAR EJECUTA AUDITOR\u00cdAS INTERNAS A LOS RESPONSABLES DE LOS MEDIOS DE VERIFICACI\u00d3N Durante esta semana la Comisi\u00f3n Central del Licenciamiento Institucional de la Universidad Nacional Daniel Alom\u00eda Robles llev\u00f3 adelante las auditor\u00edas internas del cumplimiento de los medios de verificaci\u00f3n presentados en el expediente de licenciamiento ante la SUNEDU, a fin de evaluar la ejecuci\u00f3n de las condiciones b\u00e1sicas de calidad (CBC) e identificar mejoras potenciales para su cumplimiento conforme al modelo de licenciamiento para universidades nuevas. Dicha comisi\u00f3n y equipo evaluador fue presidido por el titular de la UNDAR, Dr. Benjamin Velazco Reyes. En calidad de miembros estuvieron el Dr. Amancio Rodolfo Valdivieso Echevarr\u00eda (vicepresidente acad\u00e9mico), la Dra. Delma Flores Farf\u00e1n (vicepresidenta de investigaci\u00f3n), el Dr. F\u00e9lix Arturo Caldas y Caballero (coordinador de la Facultad de M\u00fasica), el Mgtr. F\u00e9lix Hip\u00f3lito Echevarr\u00eda Ram\u00edrez (coordinador de la Facultad de Educaci\u00f3n Musical y Artes), la Mgtr. Giulianna Denisse Villanueva Medrano (jefa de la Oficina de Gesti\u00f3n de la Calidad - OGC) y el Ing. Franklin Ferm\u00edn Santiago Valqui (especialista de la Oficina de Gesti\u00f3n de la Calidad). Las auditor\u00edas se realizaron, de manera presencial y virtual, a cada \u00f3rgano o unidad org\u00e1nica responsable del medio de verificaci\u00f3n con la participaci\u00f3n de un miembro de la OGC y un representante de la Comisi\u00f3n del Licenciamiento, de acuerdo a la siguiente programaci\u00f3n: Presencial: 9:00 - 11:00 horas Virtual: 11:10 - 13:00 horas Martes 18 Presencial y virtual CBC II: Constituci\u00f3n, gobierno y gesti\u00f3n de la universidad CBC III: La oferta acad\u00e9mica, recursos educativos y docencia CBC IV: Propuesta en Investigaci\u00f3n Unidad de Recursos Humanos Unidad Formuladora de Inversiones Unidad de Servicios Generales Unidad de Abastecimiento Mi\u00e9rcoles 19 Presencial y virtual CBC I: Modelo Educativo de la Universidad CBC II: Constituci\u00f3n, gobierno y gesti\u00f3n de la universidad CBC III: La oferta acad\u00e9mica, recursos educativos y docencia CBC V: Responsabilidad Social Universitaria y Bienestar Universitario Vicepresidencia Acad\u00e9mica Facultad de M\u00fasica Escuela Profesional de Educaci\u00f3n Musical y Artes Escuela Profesional de M\u00fasica Gesti\u00f3n Curricular y Capacitaci\u00f3n Docente Direcci\u00f3n de Responsabilidad Social Universitaria y Extensi\u00f3n Cultural Direcci\u00f3n de Bienestar Universitario Jueves 20 Presencial y virtual CBC IV: Propuesta en Investigaci\u00f3n Vicepresidencia de Investigaci\u00f3n Direcci\u00f3n de Innovaci\u00f3n y Transferencia Tecnol\u00f3gica Instituto de Investigaci\u00f3n Direcci\u00f3n de Incubadora de Empresas Viernes 21 Virtual CBC III: La oferta acad\u00e9mica, recursos educativos y docencia CBC IV: Propuesta en Investigaci\u00f3n Unidad Ejecutora de Inversiones Direcci\u00f3n de Producci\u00f3n de Bienes y Servicios Facultad de Educaci\u00f3n Musical y Artes Cabe se\u00f1alar que en octubre del 2024 se ejecutaron las auditor\u00edas internas a la Presidencia, la Oficina de Planeamiento y Presupuesto - OPP, la Secretar\u00eda General - SG y la Oficina de Tecnolog\u00edas de la Informaci\u00f3n - OTI. ATR\u00c1S SIGUIENTE \u00a0\", \"UK English Female\");\n                }\n            };\n        <\/script>\n    <\/span><span style=\"color: #4b4f58; font-size: 15px;\">\u00a0<\/span><\/p>\t\t\t\t\t\t<\/div>\n\t\t\t\t<\/div>\n\t\t\t\t\t<\/div>\n\t\t<\/div>\n\t\t\t\t\t<\/div>\n\t\t<\/section>\n\t\t\t\t<\/div>\n\t\t","protected":false},"excerpt":{"rendered":"<p>Durante esta semana la Comisi\u00f3n Central del Licenciamiento Institucional de la Universidad Nacional Daniel Alom\u00eda Robles llev\u00f3 adelante las auditor\u00edas internas del (&#8230;)<\/p>\n","protected":false},"author":1,"featured_media":60664,"comment_status":"closed","ping_status":"closed","sticky":false,"template":"","format":"standard","meta":{"_uf_show_specific_survey":0,"_uf_disable_surveys":false,"footnotes":""},"categories":[7],"tags":[],"class_list":["post-60662","post","type-post","status-publish","format-standard","has-post-thumbnail","hentry","category-noticias"],"aioseo_notices":[],"_links":{"self":[{"href":"http:\/\/www.undar.edu.pe\/index.php\/wp-json\/wp\/v2\/posts\/60662","targetHints":{"allow":["GET"]}}],"collection":[{"href":"http:\/\/www.undar.edu.pe\/index.php\/wp-json\/wp\/v2\/posts"}],"about":[{"href":"http:\/\/www.undar.edu.pe\/index.php\/wp-json\/wp\/v2\/types\/post"}],"author":[{"embeddable":true,"href":"http:\/\/www.undar.edu.pe\/index.php\/wp-json\/wp\/v2\/users\/1"}],"replies":[{"embeddable":true,"href":"http:\/\/www.undar.edu.pe\/index.php\/wp-json\/wp\/v2\/comments?post=60662"}],"version-history":[{"count":26,"href":"http:\/\/www.undar.edu.pe\/index.php\/wp-json\/wp\/v2\/posts\/60662\/revisions"}],"predecessor-version":[{"id":61514,"href":"http:\/\/www.undar.edu.pe\/index.php\/wp-json\/wp\/v2\/posts\/60662\/revisions\/61514"}],"wp:featuredmedia":[{"embeddable":true,"href":"http:\/\/www.undar.edu.pe\/index.php\/wp-json\/wp\/v2\/media\/60664"}],"wp:attachment":[{"href":"http:\/\/www.undar.edu.pe\/index.php\/wp-json\/wp\/v2\/media?parent=60662"}],"wp:term":[{"taxonomy":"category","embeddable":true,"href":"http:\/\/www.undar.edu.pe\/index.php\/wp-json\/wp\/v2\/categories?post=60662"},{"taxonomy":"post_tag","embeddable":true,"href":"http:\/\/www.undar.edu.pe\/index.php\/wp-json\/wp\/v2\/tags?post=60662"}],"curies":[{"name":"wp","href":"https:\/\/api.w.org\/{rel}","templated":true}]}}