{"id":60487,"date":"2025-02-03T17:29:37","date_gmt":"2025-02-03T22:29:37","guid":{"rendered":"http:\/\/www.undar.edu.pe\/?p=60487"},"modified":"2025-03-27T13:10:14","modified_gmt":"2025-03-27T18:10:14","slug":"comision-del-licenciamiento-institucional-de-la-undar-se-reune-para-organizar-el-plan-de-auditoria-interna","status":"publish","type":"post","link":"http:\/\/www.undar.edu.pe\/index.php\/2025\/02\/03\/comision-del-licenciamiento-institucional-de-la-undar-se-reune-para-organizar-el-plan-de-auditoria-interna\/","title":{"rendered":"COMISI\u00d3N DEL LICENCIAMIENTO INSTITUCIONAL DE LA UNDAR SE RE\u00daNE PARA ORGANIZAR EL PLAN DE AUDITOR\u00cdA INTERNA"},"content":{"rendered":"\t\t<div data-elementor-type=\"wp-post\" data-elementor-id=\"60487\" class=\"elementor elementor-60487\" data-elementor-post-type=\"post\">\n\t\t\t\t\t\t<section class=\"elementor-section elementor-top-section elementor-element elementor-element-18871c0f elementor-section-boxed elementor-section-height-default elementor-section-height-default\" data-id=\"18871c0f\" data-element_type=\"section\">\n\t\t\t\t\t\t<div class=\"elementor-container elementor-column-gap-default\">\n\t\t\t\t\t<div class=\"elementor-column elementor-col-100 elementor-top-column elementor-element elementor-element-40331c9a\" data-id=\"40331c9a\" data-element_type=\"column\">\n\t\t\t<div class=\"elementor-widget-wrap elementor-element-populated\">\n\t\t\t\t\t\t<div class=\"elementor-element elementor-element-afab122 elementor-widget elementor-widget-heading\" data-id=\"afab122\" data-element_type=\"widget\" data-widget_type=\"heading.default\">\n\t\t\t\t<div class=\"elementor-widget-container\">\n\t\t\t<h4 class=\"elementor-heading-title elementor-size-default\">COMISI\u00d3N DEL LICENCIAMIENTO INSTITUCIONAL DE LA UNDAR SE RE\u00daNE PARA ORGANIZAR EL PLAN DE AUDITOR\u00cdA INTERNA<\/h4>\t\t<\/div>\n\t\t\t\t<\/div>\n\t\t\t\t<div class=\"elementor-element elementor-element-4664c16 elementor-widget elementor-widget-image\" data-id=\"4664c16\" data-element_type=\"widget\" data-widget_type=\"image.default\">\n\t\t\t\t<div class=\"elementor-widget-container\">\n\t\t\t\t\t\t\t\t\t\t\t\t\t<img fetchpriority=\"high\" decoding=\"async\" width=\"580\" height=\"385\" src=\"http:\/\/www.undar.edu.pe\/wp-content\/uploads\/2025\/02\/REUNION-DE-COMISION-DEL-LICENCIAMIENTO-UNDAR.gif\" class=\"attachment-medium_large size-medium_large wp-image-60489\" alt=\"Banner de noticias: Fotos de la reuni\u00f3n de la Comisi\u00f3n Central del Licenciamiento Institucional de la UNDAR\" \/>\t\t\t\t\t\t\t\t\t\t\t\t\t<\/div>\n\t\t\t\t<\/div>\n\t\t\t\t<div class=\"elementor-element elementor-element-35352b80 elementor-widget elementor-widget-text-editor\" data-id=\"35352b80\" data-element_type=\"widget\" data-widget_type=\"text-editor.default\">\n\t\t\t\t<div class=\"elementor-widget-container\">\n\t\t\t\t\t\t\t<p>Durante la ma\u00f1ana de hoy se desarroll\u00f3 la reuni\u00f3n de la Comisi\u00f3n Central del Licenciamiento Institucional de la Universidad Nacional Daniel Alom\u00eda Robles &#8211; UNDAR para tratar la siguiente agenda:<\/p>\n<p>&#8211; Instalaci\u00f3n de la comisi\u00f3n<\/p>\n<p>&#8211; Aprobaci\u00f3n del Protocolo de la UNDAR ante la Evaluaci\u00f3n Integral: Diligencia de Acci\u00f3n Probatoria de la Unidad de Verificaci\u00f3n del Servicio Educativo Superior Universitario de la Superintendencia Nacional de Educaci\u00f3n Superior Universitaria &#8211; SUNEDU<\/p>\n<p>&#8211; Aprobaci\u00f3n del Plan de Auditor\u00eda Interna del Cumplimiento de los medios de verificaci\u00f3n, presentados en el expediente de licenciamiento ante la SUNEDU.<\/p>\n<p><\/p>\n<p>La conformaci\u00f3n de dicha comisi\u00f3n fue aprobada mediante Resoluci\u00f3n de Comisi\u00f3n Organizadora N\u00b0 036-2025-CO-UNDAR, de fecha 17 de enero del presente a\u00f1o. Sus miembros son el Dr. Benjamin Velazco Reyes (presidente), Dr. Amancio Rodolfo Valdivieso Echevarr\u00eda (vicepresidente acad\u00e9mico), Dra. Delma Flores Farf\u00e1n (vicepresidenta de investigaci\u00f3n), Dr. F\u00e9lix Arturo Caldas y Caballero (coordinador de la Facultad de M\u00fasica), Mgtr. F\u00e9lix Hip\u00f3lito Echevarr\u00eda Ramirez (coordinador de la Facultad de Educaci\u00f3n Musical y Artes) y Mgtr. Giulianna Denisse Villanueva Medrano (jefa de la Oficina de Gesti\u00f3n de la Calidad).<\/p>\n<p><\/p>\n<p>De esta manera, la Comisi\u00f3n Central del Licenciamiento de la UNDAR reafirma su compromiso con el proceso final del licenciamiento institucional y la etapa de la diligencia Evaluaci\u00f3n Integral por parte de la SUNEDU.<\/p>\t\t\t\t\t\t<\/div>\n\t\t\t\t<\/div>\n\t\t\t\t<div class=\"elementor-element elementor-element-f83af45 elementor-share-buttons--view-icon elementor-share-buttons--skin-minimal elementor-share-buttons--shape-circle elementor-share-buttons--align-center elementor-grid-0 elementor-share-buttons--color-official elementor-widget elementor-widget-share-buttons\" data-id=\"f83af45\" data-element_type=\"widget\" data-widget_type=\"share-buttons.default\">\n\t\t\t\t<div class=\"elementor-widget-container\">\n\t\t\t\t\t<div class=\"elementor-grid\">\n\t\t\t\t\t\t\t\t<div class=\"elementor-grid-item\">\n\t\t\t\t\t\t<div\n\t\t\t\t\t\t\tclass=\"elementor-share-btn elementor-share-btn_facebook\"\n\t\t\t\t\t\t\trole=\"button\"\n\t\t\t\t\t\t\ttabindex=\"0\"\n\t\t\t\t\t\t\taria-label=\"Compartir en facebook\"\n\t\t\t\t\t\t>\n\t\t\t\t\t\t\t\t\t\t\t\t\t\t\t<span class=\"elementor-share-btn__icon\">\n\t\t\t\t\t\t\t\t<i class=\"fab fa-facebook\" aria-hidden=\"true\"><\/i>\t\t\t\t\t\t\t<\/span>\n\t\t\t\t\t\t\t\t\t\t\t\t\t\t\t\t\t\t\t\t<\/div>\n\t\t\t\t\t<\/div>\n\t\t\t\t\t\t\t\t\t<div class=\"elementor-grid-item\">\n\t\t\t\t\t\t<div\n\t\t\t\t\t\t\tclass=\"elementor-share-btn elementor-share-btn_twitter\"\n\t\t\t\t\t\t\trole=\"button\"\n\t\t\t\t\t\t\ttabindex=\"0\"\n\t\t\t\t\t\t\taria-label=\"Compartir en twitter\"\n\t\t\t\t\t\t>\n\t\t\t\t\t\t\t\t\t\t\t\t\t\t\t<span class=\"elementor-share-btn__icon\">\n\t\t\t\t\t\t\t\t<i class=\"fab fa-twitter\" aria-hidden=\"true\"><\/i>\t\t\t\t\t\t\t<\/span>\n\t\t\t\t\t\t\t\t\t\t\t\t\t\t\t\t\t\t\t\t<\/div>\n\t\t\t\t\t<\/div>\n\t\t\t\t\t\t\t\t\t<div class=\"elementor-grid-item\">\n\t\t\t\t\t\t<div\n\t\t\t\t\t\t\tclass=\"elementor-share-btn elementor-share-btn_linkedin\"\n\t\t\t\t\t\t\trole=\"button\"\n\t\t\t\t\t\t\ttabindex=\"0\"\n\t\t\t\t\t\t\taria-label=\"Compartir en linkedin\"\n\t\t\t\t\t\t>\n\t\t\t\t\t\t\t\t\t\t\t\t\t\t\t<span class=\"elementor-share-btn__icon\">\n\t\t\t\t\t\t\t\t<i class=\"fab fa-linkedin\" aria-hidden=\"true\"><\/i>\t\t\t\t\t\t\t<\/span>\n\t\t\t\t\t\t\t\t\t\t\t\t\t\t\t\t\t\t\t\t<\/div>\n\t\t\t\t\t<\/div>\n\t\t\t\t\t\t<\/div>\n\t\t\t\t<\/div>\n\t\t\t\t<\/div>\n\t\t\t\t<section class=\"elementor-section elementor-inner-section elementor-element elementor-element-4bfc828 elementor-section-boxed elementor-section-height-default elementor-section-height-default\" data-id=\"4bfc828\" data-element_type=\"section\">\n\t\t\t\t\t\t<div class=\"elementor-container elementor-column-gap-default\">\n\t\t\t\t\t<div class=\"elementor-column elementor-col-33 elementor-inner-column elementor-element elementor-element-231c783\" data-id=\"231c783\" data-element_type=\"column\">\n\t\t\t<div class=\"elementor-widget-wrap elementor-element-populated\">\n\t\t\t\t\t\t<div class=\"elementor-element elementor-element-2845b88 elementor-align-justify elementor-widget__width-inherit elementor-widget elementor-widget-button\" data-id=\"2845b88\" data-element_type=\"widget\" data-widget_type=\"button.default\">\n\t\t\t\t<div class=\"elementor-widget-container\">\n\t\t\t\t\t\t\t<div class=\"elementor-button-wrapper\">\n\t\t\t\t\t<a class=\"elementor-button elementor-button-link elementor-size-md\" href=\"https:\/\/www.undar.edu.pe\/index.php\/2025\/01\/30\/undar-firma-importante-convenio-interinstitucional-con-genes-peru\/\">\n\t\t\t\t\t\t<span class=\"elementor-button-content-wrapper\">\n\t\t\t\t\t\t<span class=\"elementor-button-icon\">\n\t\t\t\t<i aria-hidden=\"true\" class=\"fas fa-arrow-left\"><\/i>\t\t\t<\/span>\n\t\t\t\t\t\t\t\t\t<span class=\"elementor-button-text\">ATR\u00c1S<\/span>\n\t\t\t\t\t<\/span>\n\t\t\t\t\t<\/a>\n\t\t\t\t<\/div>\n\t\t\t\t\t\t<\/div>\n\t\t\t\t<\/div>\n\t\t\t\t\t<\/div>\n\t\t<\/div>\n\t\t\t\t<div class=\"elementor-column elementor-col-33 elementor-inner-column elementor-element elementor-element-4d23888\" data-id=\"4d23888\" data-element_type=\"column\">\n\t\t\t<div class=\"elementor-widget-wrap\">\n\t\t\t\t\t\t\t<\/div>\n\t\t<\/div>\n\t\t\t\t<div class=\"elementor-column elementor-col-33 elementor-inner-column elementor-element elementor-element-ea4fe31\" data-id=\"ea4fe31\" data-element_type=\"column\">\n\t\t\t<div class=\"elementor-widget-wrap elementor-element-populated\">\n\t\t\t\t\t\t<div class=\"elementor-element elementor-element-4e9bafd elementor-align-justify elementor-widget__width-inherit elementor-widget elementor-widget-button\" data-id=\"4e9bafd\" data-element_type=\"widget\" data-widget_type=\"button.default\">\n\t\t\t\t<div class=\"elementor-widget-container\">\n\t\t\t\t\t\t\t<div class=\"elementor-button-wrapper\">\n\t\t\t\t\t<a class=\"elementor-button elementor-button-link elementor-size-md\" href=\"https:\/\/www.undar.edu.pe\/index.php\/2025\/02\/05\/comision-organizadora-de-la-undar-se-reune-para-socializar-los-planes-de-capacitacion-correspondientes-al-periodo-2025\/\">\n\t\t\t\t\t\t<span class=\"elementor-button-content-wrapper\">\n\t\t\t\t\t\t<span class=\"elementor-button-icon\">\n\t\t\t\t<i aria-hidden=\"true\" class=\"fas fa-arrow-right\"><\/i>\t\t\t<\/span>\n\t\t\t\t\t\t\t\t\t<span class=\"elementor-button-text\">SIGUIENTE<\/span>\n\t\t\t\t\t<\/span>\n\t\t\t\t\t<\/a>\n\t\t\t\t<\/div>\n\t\t\t\t\t\t<\/div>\n\t\t\t\t<\/div>\n\t\t\t\t\t<\/div>\n\t\t<\/div>\n\t\t\t\t\t<\/div>\n\t\t<\/section>\n\t\t\t\t<div class=\"elementor-element elementor-element-aa8fe31 elementor-widget elementor-widget-text-editor\" data-id=\"aa8fe31\" data-element_type=\"widget\" data-widget_type=\"text-editor.default\">\n\t\t\t\t<div class=\"elementor-widget-container\">\n\t\t\t\t\t\t\t<p><span style=\"color: #4b4f58; font-size: 15px;\"><button id=\"listenButton1\" class=\"responsivevoice-button\" type=\"button\" value=\"Play\" title=\"ResponsiveVoice Tap to Start\/Stop Speech\"><span>&#128266; Listen to this<\/span><\/button>\n        <script>\n            listenButton1.onclick = function(){\n                if(responsiveVoice.isPlaying()){\n                    responsiveVoice.cancel();\n                }else{\n                    responsiveVoice.speak(\"COMISI\u00d3N DEL LICENCIAMIENTO INSTITUCIONAL DE LA UNDAR SE RE\u00daNE PARA ORGANIZAR EL PLAN DE AUDITOR\u00cdA INTERNA Durante la ma\u00f1ana de hoy se desarroll\u00f3 la reuni\u00f3n de la Comisi\u00f3n Central del Licenciamiento Institucional de la Universidad Nacional Daniel Alom\u00eda Robles - UNDAR para tratar la siguiente agenda: - Instalaci\u00f3n de la comisi\u00f3n - Aprobaci\u00f3n del Protocolo de la UNDAR ante la Evaluaci\u00f3n Integral: Diligencia de Acci\u00f3n Probatoria de la Unidad de Verificaci\u00f3n del Servicio Educativo Superior Universitario de la Superintendencia Nacional de Educaci\u00f3n Superior Universitaria - SUNEDU - Aprobaci\u00f3n del Plan de Auditor\u00eda Interna del Cumplimiento de los medios de verificaci\u00f3n, presentados en el expediente de licenciamiento ante la SUNEDU. La conformaci\u00f3n de dicha comisi\u00f3n fue aprobada mediante Resoluci\u00f3n de Comisi\u00f3n Organizadora N\u00b0 036-2025-CO-UNDAR, de fecha 17 de enero del presente a\u00f1o. Sus miembros son el Dr. Benjamin Velazco Reyes (presidente), Dr. Amancio Rodolfo Valdivieso Echevarr\u00eda (vicepresidente acad\u00e9mico), Dra. Delma Flores Farf\u00e1n (vicepresidenta de investigaci\u00f3n), Dr. F\u00e9lix Arturo Caldas y Caballero (coordinador de la Facultad de M\u00fasica), Mgtr. F\u00e9lix Hip\u00f3lito Echevarr\u00eda Ramirez (coordinador de la Facultad de Educaci\u00f3n Musical y Artes) y Mgtr. Giulianna Denisse Villanueva Medrano (jefa de la Oficina de Gesti\u00f3n de la Calidad). De esta manera, la Comisi\u00f3n Central del Licenciamiento de la UNDAR reafirma su compromiso con el proceso final del licenciamiento institucional y la etapa de la diligencia Evaluaci\u00f3n Integral por parte de la SUNEDU. ATR\u00c1S SIGUIENTE \u00a0\", \"UK English Female\");\n                }\n            };\n        <\/script>\n    <\/span><span style=\"color: #4b4f58; font-size: 15px;\">\u00a0<\/span><\/p>\t\t\t\t\t\t<\/div>\n\t\t\t\t<\/div>\n\t\t\t\t\t<\/div>\n\t\t<\/div>\n\t\t\t\t\t<\/div>\n\t\t<\/section>\n\t\t\t\t<\/div>\n\t\t","protected":false},"excerpt":{"rendered":"<p>Durante la ma\u00f1ana de hoy se desarroll\u00f3 la reuni\u00f3n de la Comisi\u00f3n Central del Licenciamiento Institucional de la Universidad Nacional Daniel Alom\u00eda Robles &#8211; UNDAR (&#8230;)<\/p>\n","protected":false},"author":1,"featured_media":60489,"comment_status":"closed","ping_status":"closed","sticky":false,"template":"","format":"standard","meta":{"_uf_show_specific_survey":0,"_uf_disable_surveys":false,"footnotes":""},"categories":[7],"tags":[],"class_list":["post-60487","post","type-post","status-publish","format-standard","has-post-thumbnail","hentry","category-noticias"],"aioseo_notices":[],"_links":{"self":[{"href":"http:\/\/www.undar.edu.pe\/index.php\/wp-json\/wp\/v2\/posts\/60487","targetHints":{"allow":["GET"]}}],"collection":[{"href":"http:\/\/www.undar.edu.pe\/index.php\/wp-json\/wp\/v2\/posts"}],"about":[{"href":"http:\/\/www.undar.edu.pe\/index.php\/wp-json\/wp\/v2\/types\/post"}],"author":[{"embeddable":true,"href":"http:\/\/www.undar.edu.pe\/index.php\/wp-json\/wp\/v2\/users\/1"}],"replies":[{"embeddable":true,"href":"http:\/\/www.undar.edu.pe\/index.php\/wp-json\/wp\/v2\/comments?post=60487"}],"version-history":[{"count":11,"href":"http:\/\/www.undar.edu.pe\/index.php\/wp-json\/wp\/v2\/posts\/60487\/revisions"}],"predecessor-version":[{"id":61535,"href":"http:\/\/www.undar.edu.pe\/index.php\/wp-json\/wp\/v2\/posts\/60487\/revisions\/61535"}],"wp:featuredmedia":[{"embeddable":true,"href":"http:\/\/www.undar.edu.pe\/index.php\/wp-json\/wp\/v2\/media\/60489"}],"wp:attachment":[{"href":"http:\/\/www.undar.edu.pe\/index.php\/wp-json\/wp\/v2\/media?parent=60487"}],"wp:term":[{"taxonomy":"category","embeddable":true,"href":"http:\/\/www.undar.edu.pe\/index.php\/wp-json\/wp\/v2\/categories?post=60487"},{"taxonomy":"post_tag","embeddable":true,"href":"http:\/\/www.undar.edu.pe\/index.php\/wp-json\/wp\/v2\/tags?post=60487"}],"curies":[{"name":"wp","href":"https:\/\/api.w.org\/{rel}","templated":true}]}}