{"id":59797,"date":"2025-01-03T14:45:23","date_gmt":"2025-01-03T19:45:23","guid":{"rendered":"http:\/\/www.undar.edu.pe\/?p=59797"},"modified":"2025-03-27T13:10:51","modified_gmt":"2025-03-27T18:10:51","slug":"undar-rinde-homenaje-a-daniel-alomia-robles-en-el-154-aniversario-de-su-nacimiento","status":"publish","type":"post","link":"http:\/\/www.undar.edu.pe\/index.php\/2025\/01\/03\/undar-rinde-homenaje-a-daniel-alomia-robles-en-el-154-aniversario-de-su-nacimiento\/","title":{"rendered":"UNDAR RINDE HOMENAJE A DANIEL ALOM\u00cdA ROBLES EN EL 154 ANIVERSARIO DE SU NACIMIENTO"},"content":{"rendered":"\t\t<div data-elementor-type=\"wp-post\" data-elementor-id=\"59797\" class=\"elementor elementor-59797\" data-elementor-post-type=\"post\">\n\t\t\t\t\t\t<section class=\"elementor-section elementor-top-section elementor-element elementor-element-18871c0f elementor-section-boxed elementor-section-height-default elementor-section-height-default\" data-id=\"18871c0f\" data-element_type=\"section\">\n\t\t\t\t\t\t<div class=\"elementor-container elementor-column-gap-default\">\n\t\t\t\t\t<div class=\"elementor-column elementor-col-100 elementor-top-column elementor-element elementor-element-40331c9a\" data-id=\"40331c9a\" data-element_type=\"column\">\n\t\t\t<div class=\"elementor-widget-wrap elementor-element-populated\">\n\t\t\t\t\t\t<div class=\"elementor-element elementor-element-afab122 elementor-widget elementor-widget-heading\" data-id=\"afab122\" data-element_type=\"widget\" data-widget_type=\"heading.default\">\n\t\t\t\t<div class=\"elementor-widget-container\">\n\t\t\t<h4 class=\"elementor-heading-title elementor-size-default\">UNDAR RINDE HOMENAJE A DANIEL ALOM\u00cdA ROBLES EN EL 154 ANIVERSARIO DE SU NACIMIENTO <\/h4>\t\t<\/div>\n\t\t\t\t<\/div>\n\t\t\t\t<div class=\"elementor-element elementor-element-4664c16 elementor-widget elementor-widget-image\" data-id=\"4664c16\" data-element_type=\"widget\" data-widget_type=\"image.default\">\n\t\t\t\t<div class=\"elementor-widget-container\">\n\t\t\t\t\t\t\t\t\t\t\t\t\t<img fetchpriority=\"high\" decoding=\"async\" width=\"580\" height=\"385\" src=\"http:\/\/www.undar.edu.pe\/wp-content\/uploads\/2025\/01\/154-ANOS-DEL-NACIMIENTO-DE-DAR.gif\" class=\"attachment-medium_large size-medium_large wp-image-59799\" alt=\"Banner de noticias: Fotos de la misa y romer\u00eda por los 154 a\u00f1os del nacimiento de Daniel Alom\u00eda Robles\" \/>\t\t\t\t\t\t\t\t\t\t\t\t\t<\/div>\n\t\t\t\t<\/div>\n\t\t\t\t<div class=\"elementor-element elementor-element-35352b80 elementor-widget elementor-widget-text-editor\" data-id=\"35352b80\" data-element_type=\"widget\" data-widget_type=\"text-editor.default\">\n\t\t\t\t<div class=\"elementor-widget-container\">\n\t\t\t\t\t\t\t<p>La Universidad Nacional Daniel Alom\u00eda Robles (UNDAR) conmemor\u00f3 el 154\u00b0 aniversario del natalicio de uno de los m\u00e1s reconocidos compositores de la historia de la m\u00fasica peruana: Daniel Alom\u00eda Robles, en una misa y romer\u00eda realizadas el 03 de enero en el auditorio Roel Edgardo Tarazona Padilla y el mausoleo que lleva su nombre respectivamente.<\/p>\n<p>La ceremonia fue presidida por el vicepresidente acad\u00e9mico de la Comisi\u00f3n Organizadora de la UNDAR, Dr. Amancio Rodolfo Valdivieso Echevarr\u00eda, quien, acompa\u00f1ado del coordinador(e) de la Facultad de M\u00fasica, Dr. F\u00e9lix Arturo Caldas y Caballero, coloc\u00f3 una ofrenda floral ante el mausoleo del c\u00e9lebre m\u00fasico huanuque\u00f1o.<\/p>\n<p>El discurso conmemorativo estuvo a cargo del Dr. F\u00e9lix Arturo Caldas y Caballero, \u00e9l record\u00f3 pasajes importantes de la vida de Daniel Alom\u00eda Robles, as\u00ed como su legado musical, destacando la pieza que lo llev\u00f3 a la trascendencia, El c\u00f3ndor pasa, reproducida en diferentes versiones a nivel mundial. Adem\u00e1s, puso de manifiesto la dedicaci\u00f3n de Daniel Alom\u00eda Robles para establecer una nueva perspectiva sobre la identidad cultural peruana.<\/p>\n<p>Acto seguido, se escucharon tres (03) composiciones de Daniel Alom\u00eda Robles en la voz del maestro Fidel Huasco Espinoza y el acompa\u00f1amiento en el piano del maestro Brayan Malpartida Arce:<\/p>\n<ul>\n<li>El mendigo<\/li>\n<li>Yarav\u00ed de Frank<\/li>\n<li>Volver\u00e1n las oscuras golondrinas<\/li>\n<\/ul><br>\n<p><span style=\"font-size: 1rem;\">Finalmente, el director general de Administraci\u00f3n, Mgtr. Walter F. Mendoza Jaime, brind\u00f3 unas breves palabras en honor al onom\u00e1stico del \u201cdescubridor de la pentafon\u00eda peruana\u201d, y agradeci\u00f3 a la comunidad universitaria por la concurrencia, instando a reforzar nuestro compromiso con las actividades institucionales.<\/span><\/p>\n<p><strong>\u00a1Daniel Alom\u00eda Robles presente!<\/strong><\/p>\t\t\t\t\t\t<\/div>\n\t\t\t\t<\/div>\n\t\t\t\t<div class=\"elementor-element elementor-element-f83af45 elementor-share-buttons--view-icon elementor-share-buttons--skin-minimal elementor-share-buttons--shape-circle elementor-share-buttons--align-center elementor-grid-0 elementor-share-buttons--color-official elementor-widget elementor-widget-share-buttons\" data-id=\"f83af45\" data-element_type=\"widget\" data-widget_type=\"share-buttons.default\">\n\t\t\t\t<div class=\"elementor-widget-container\">\n\t\t\t\t\t<div class=\"elementor-grid\">\n\t\t\t\t\t\t\t\t<div class=\"elementor-grid-item\">\n\t\t\t\t\t\t<div\n\t\t\t\t\t\t\tclass=\"elementor-share-btn elementor-share-btn_facebook\"\n\t\t\t\t\t\t\trole=\"button\"\n\t\t\t\t\t\t\ttabindex=\"0\"\n\t\t\t\t\t\t\taria-label=\"Compartir en facebook\"\n\t\t\t\t\t\t>\n\t\t\t\t\t\t\t\t\t\t\t\t\t\t\t<span class=\"elementor-share-btn__icon\">\n\t\t\t\t\t\t\t\t<i class=\"fab fa-facebook\" aria-hidden=\"true\"><\/i>\t\t\t\t\t\t\t<\/span>\n\t\t\t\t\t\t\t\t\t\t\t\t\t\t\t\t\t\t\t\t<\/div>\n\t\t\t\t\t<\/div>\n\t\t\t\t\t\t\t\t\t<div class=\"elementor-grid-item\">\n\t\t\t\t\t\t<div\n\t\t\t\t\t\t\tclass=\"elementor-share-btn elementor-share-btn_twitter\"\n\t\t\t\t\t\t\trole=\"button\"\n\t\t\t\t\t\t\ttabindex=\"0\"\n\t\t\t\t\t\t\taria-label=\"Compartir en twitter\"\n\t\t\t\t\t\t>\n\t\t\t\t\t\t\t\t\t\t\t\t\t\t\t<span class=\"elementor-share-btn__icon\">\n\t\t\t\t\t\t\t\t<i class=\"fab fa-twitter\" aria-hidden=\"true\"><\/i>\t\t\t\t\t\t\t<\/span>\n\t\t\t\t\t\t\t\t\t\t\t\t\t\t\t\t\t\t\t\t<\/div>\n\t\t\t\t\t<\/div>\n\t\t\t\t\t\t\t\t\t<div class=\"elementor-grid-item\">\n\t\t\t\t\t\t<div\n\t\t\t\t\t\t\tclass=\"elementor-share-btn elementor-share-btn_linkedin\"\n\t\t\t\t\t\t\trole=\"button\"\n\t\t\t\t\t\t\ttabindex=\"0\"\n\t\t\t\t\t\t\taria-label=\"Compartir en linkedin\"\n\t\t\t\t\t\t>\n\t\t\t\t\t\t\t\t\t\t\t\t\t\t\t<span class=\"elementor-share-btn__icon\">\n\t\t\t\t\t\t\t\t<i class=\"fab fa-linkedin\" aria-hidden=\"true\"><\/i>\t\t\t\t\t\t\t<\/span>\n\t\t\t\t\t\t\t\t\t\t\t\t\t\t\t\t\t\t\t\t<\/div>\n\t\t\t\t\t<\/div>\n\t\t\t\t\t\t<\/div>\n\t\t\t\t<\/div>\n\t\t\t\t<\/div>\n\t\t\t\t<section class=\"elementor-section elementor-inner-section elementor-element elementor-element-4bfc828 elementor-section-boxed elementor-section-height-default elementor-section-height-default\" data-id=\"4bfc828\" data-element_type=\"section\">\n\t\t\t\t\t\t<div class=\"elementor-container elementor-column-gap-default\">\n\t\t\t\t\t<div class=\"elementor-column elementor-col-33 elementor-inner-column elementor-element elementor-element-231c783\" data-id=\"231c783\" data-element_type=\"column\">\n\t\t\t<div class=\"elementor-widget-wrap elementor-element-populated\">\n\t\t\t\t\t\t<div class=\"elementor-element elementor-element-2845b88 elementor-align-justify elementor-widget__width-inherit elementor-widget elementor-widget-button\" data-id=\"2845b88\" data-element_type=\"widget\" data-widget_type=\"button.default\">\n\t\t\t\t<div class=\"elementor-widget-container\">\n\t\t\t\t\t\t\t<div class=\"elementor-button-wrapper\">\n\t\t\t\t\t<a class=\"elementor-button elementor-button-link elementor-size-md\" href=\"https:\/\/www.undar.edu.pe\/index.php\/2024\/12\/30\/la-undar-mas-cerca-del-licenciamiento-institucional\/\">\n\t\t\t\t\t\t<span class=\"elementor-button-content-wrapper\">\n\t\t\t\t\t\t<span class=\"elementor-button-icon\">\n\t\t\t\t<i aria-hidden=\"true\" class=\"fas fa-arrow-left\"><\/i>\t\t\t<\/span>\n\t\t\t\t\t\t\t\t\t<span class=\"elementor-button-text\">ATR\u00c1S<\/span>\n\t\t\t\t\t<\/span>\n\t\t\t\t\t<\/a>\n\t\t\t\t<\/div>\n\t\t\t\t\t\t<\/div>\n\t\t\t\t<\/div>\n\t\t\t\t\t<\/div>\n\t\t<\/div>\n\t\t\t\t<div class=\"elementor-column elementor-col-33 elementor-inner-column elementor-element elementor-element-4d23888\" data-id=\"4d23888\" data-element_type=\"column\">\n\t\t\t<div class=\"elementor-widget-wrap\">\n\t\t\t\t\t\t\t<\/div>\n\t\t<\/div>\n\t\t\t\t<div class=\"elementor-column elementor-col-33 elementor-inner-column elementor-element elementor-element-ea4fe31\" data-id=\"ea4fe31\" data-element_type=\"column\">\n\t\t\t<div class=\"elementor-widget-wrap elementor-element-populated\">\n\t\t\t\t\t\t<div class=\"elementor-element elementor-element-4e9bafd elementor-align-justify elementor-widget__width-inherit elementor-widget elementor-widget-button\" data-id=\"4e9bafd\" data-element_type=\"widget\" data-widget_type=\"button.default\">\n\t\t\t\t<div class=\"elementor-widget-container\">\n\t\t\t\t\t\t\t<div class=\"elementor-button-wrapper\">\n\t\t\t\t\t<a class=\"elementor-button elementor-button-link elementor-size-md\" href=\"https:\/\/www.undar.edu.pe\/index.php\/2025\/01\/15\/undar-recibe-donacion-de-vehiculo-para-actividades-academicas-y-de-investigacion\/\">\n\t\t\t\t\t\t<span class=\"elementor-button-content-wrapper\">\n\t\t\t\t\t\t<span class=\"elementor-button-icon\">\n\t\t\t\t<i aria-hidden=\"true\" class=\"fas fa-arrow-right\"><\/i>\t\t\t<\/span>\n\t\t\t\t\t\t\t\t\t<span class=\"elementor-button-text\">SIGUIENTE<\/span>\n\t\t\t\t\t<\/span>\n\t\t\t\t\t<\/a>\n\t\t\t\t<\/div>\n\t\t\t\t\t\t<\/div>\n\t\t\t\t<\/div>\n\t\t\t\t\t<\/div>\n\t\t<\/div>\n\t\t\t\t\t<\/div>\n\t\t<\/section>\n\t\t\t\t<div class=\"elementor-element elementor-element-aa8fe31 elementor-widget elementor-widget-text-editor\" data-id=\"aa8fe31\" data-element_type=\"widget\" data-widget_type=\"text-editor.default\">\n\t\t\t\t<div class=\"elementor-widget-container\">\n\t\t\t\t\t\t\t<p><span style=\"color: #4b4f58; font-size: 15px;\"><button id=\"listenButton1\" class=\"responsivevoice-button\" type=\"button\" value=\"Play\" title=\"ResponsiveVoice Tap to Start\/Stop Speech\"><span>&#128266; Listen to this<\/span><\/button>\n        <script>\n            listenButton1.onclick = function(){\n                if(responsiveVoice.isPlaying()){\n                    responsiveVoice.cancel();\n                }else{\n                    responsiveVoice.speak(\"UNDAR RINDE HOMENAJE A DANIEL ALOM\u00cdA ROBLES EN EL 154 ANIVERSARIO DE SU NACIMIENTO La Universidad Nacional Daniel Alom\u00eda Robles (UNDAR) conmemor\u00f3 el 154\u00b0 aniversario del natalicio de uno de los m\u00e1s reconocidos compositores de la historia de la m\u00fasica peruana: Daniel Alom\u00eda Robles, en una misa y romer\u00eda realizadas el 03 de enero en el auditorio Roel Edgardo Tarazona Padilla y el mausoleo que lleva su nombre respectivamente. La ceremonia fue presidida por el vicepresidente acad\u00e9mico de la Comisi\u00f3n Organizadora de la UNDAR, Dr. Amancio Rodolfo Valdivieso Echevarr\u00eda, quien, acompa\u00f1ado del coordinador(e) de la Facultad de M\u00fasica, Dr. F\u00e9lix Arturo Caldas y Caballero, coloc\u00f3 una ofrenda floral ante el mausoleo del c\u00e9lebre m\u00fasico huanuque\u00f1o. El discurso conmemorativo estuvo a cargo del Dr. F\u00e9lix Arturo Caldas y Caballero, \u00e9l record\u00f3 pasajes importantes de la vida de Daniel Alom\u00eda Robles, as\u00ed como su legado musical, destacando la pieza que lo llev\u00f3 a la trascendencia, El c\u00f3ndor pasa, reproducida en diferentes versiones a nivel mundial. Adem\u00e1s, puso de manifiesto la dedicaci\u00f3n de Daniel Alom\u00eda Robles para establecer una nueva perspectiva sobre la identidad cultural peruana. Acto seguido, se escucharon tres (03) composiciones de Daniel Alom\u00eda Robles en la voz del maestro Fidel Huasco Espinoza y el acompa\u00f1amiento en el piano del maestro Brayan Malpartida Arce: El mendigo Yarav\u00ed de Frank Volver\u00e1n las oscuras golondrinas Finalmente, el director general de Administraci\u00f3n, Mgtr. Walter F. Mendoza Jaime, brind\u00f3 unas breves palabras en honor al onom\u00e1stico del \u201cdescubridor de la pentafon\u00eda peruana\u201d, y agradeci\u00f3 a la comunidad universitaria por la concurrencia, instando a reforzar nuestro compromiso con las actividades institucionales. \u00a1Daniel Alom\u00eda Robles presente! ATR\u00c1S SIGUIENTE \u00a0\", \"UK English Female\");\n                }\n            };\n        <\/script>\n    <\/span><span style=\"color: #4b4f58; font-size: 15px;\">\u00a0<\/span><\/p>\t\t\t\t\t\t<\/div>\n\t\t\t\t<\/div>\n\t\t\t\t\t<\/div>\n\t\t<\/div>\n\t\t\t\t\t<\/div>\n\t\t<\/section>\n\t\t\t\t<\/div>\n\t\t","protected":false},"excerpt":{"rendered":"<p>La Universidad Nacional Daniel Alom\u00eda Robles (UNDAR) conmemor\u00f3 el 154\u00b0 aniversario del natalicio de uno de los m\u00e1s reconocidos compositores de la historia de la m\u00fasica (&#8230;)<\/p>\n","protected":false},"author":1,"featured_media":59799,"comment_status":"closed","ping_status":"closed","sticky":false,"template":"","format":"standard","meta":{"_uf_show_specific_survey":0,"_uf_disable_surveys":false,"footnotes":""},"categories":[7],"tags":[],"class_list":["post-59797","post","type-post","status-publish","format-standard","has-post-thumbnail","hentry","category-noticias"],"aioseo_notices":[],"_links":{"self":[{"href":"http:\/\/www.undar.edu.pe\/index.php\/wp-json\/wp\/v2\/posts\/59797","targetHints":{"allow":["GET"]}}],"collection":[{"href":"http:\/\/www.undar.edu.pe\/index.php\/wp-json\/wp\/v2\/posts"}],"about":[{"href":"http:\/\/www.undar.edu.pe\/index.php\/wp-json\/wp\/v2\/types\/post"}],"author":[{"embeddable":true,"href":"http:\/\/www.undar.edu.pe\/index.php\/wp-json\/wp\/v2\/users\/1"}],"replies":[{"embeddable":true,"href":"http:\/\/www.undar.edu.pe\/index.php\/wp-json\/wp\/v2\/comments?post=59797"}],"version-history":[{"count":20,"href":"http:\/\/www.undar.edu.pe\/index.php\/wp-json\/wp\/v2\/posts\/59797\/revisions"}],"predecessor-version":[{"id":61562,"href":"http:\/\/www.undar.edu.pe\/index.php\/wp-json\/wp\/v2\/posts\/59797\/revisions\/61562"}],"wp:featuredmedia":[{"embeddable":true,"href":"http:\/\/www.undar.edu.pe\/index.php\/wp-json\/wp\/v2\/media\/59799"}],"wp:attachment":[{"href":"http:\/\/www.undar.edu.pe\/index.php\/wp-json\/wp\/v2\/media?parent=59797"}],"wp:term":[{"taxonomy":"category","embeddable":true,"href":"http:\/\/www.undar.edu.pe\/index.php\/wp-json\/wp\/v2\/categories?post=59797"},{"taxonomy":"post_tag","embeddable":true,"href":"http:\/\/www.undar.edu.pe\/index.php\/wp-json\/wp\/v2\/tags?post=59797"}],"curies":[{"name":"wp","href":"https:\/\/api.w.org\/{rel}","templated":true}]}}