{"id":32289,"date":"2023-01-03T18:43:43","date_gmt":"2023-01-03T23:43:43","guid":{"rendered":"http:\/\/www.undar.edu.pe\/?p=32289"},"modified":"2023-05-25T10:22:43","modified_gmt":"2023-05-25T15:22:43","slug":"undar-recordo-el-natalicio-del-insigne-musico-huanuqueno-daniel-alomia-robles","status":"publish","type":"post","link":"http:\/\/www.undar.edu.pe\/index.php\/2023\/01\/03\/undar-recordo-el-natalicio-del-insigne-musico-huanuqueno-daniel-alomia-robles\/","title":{"rendered":"UNDAR RECORD\u00d3 EL NATALICIO DEL INSIGNE M\u00daSICO HUANUQUE\u00d1O DANIEL ALOM\u00cdA ROBLES"},"content":{"rendered":"\t\t<div data-elementor-type=\"wp-post\" data-elementor-id=\"32289\" class=\"elementor elementor-32289\" data-elementor-post-type=\"post\">\n\t\t\t\t\t\t<section class=\"elementor-section elementor-top-section elementor-element elementor-element-6d4f4428 elementor-section-height-min-height elementor-section-content-middle elementor-section-boxed elementor-section-height-default elementor-section-items-middle\" data-id=\"6d4f4428\" data-element_type=\"section\" data-settings=\"{&quot;background_background&quot;:&quot;classic&quot;}\">\n\t\t\t\t\t\t<div class=\"elementor-container elementor-column-gap-no\">\n\t\t\t\t\t<div class=\"elementor-column elementor-col-50 elementor-top-column elementor-element elementor-element-6a00a46b\" data-id=\"6a00a46b\" data-element_type=\"column\">\n\t\t\t<div class=\"elementor-widget-wrap elementor-element-populated\">\n\t\t\t\t\t\t<div class=\"elementor-element elementor-element-25c0a18c elementor-widget elementor-widget-image\" data-id=\"25c0a18c\" data-element_type=\"widget\" data-widget_type=\"image.default\">\n\t\t\t\t<div class=\"elementor-widget-container\">\n\t\t\t\t\t\t\t\t\t\t\t\t\t\t<a href=\"https:\/\/www.undar.edu.pe\/\">\n\t\t\t\t\t\t\t<img decoding=\"async\" src=\"http:\/\/www.undar.edu.pe\/wp-content\/uploads\/elementor\/thumbs\/logo-2023-q1z673ykofg56grmzvb9jof0f5m4vf38kjuxbd6rg0.png\" title=\"Logo de la UNDAR\" alt=\"Logo de la Universidad Nacional Daniel Alom\u00eda Robles\" loading=\"lazy\" \/>\t\t\t\t\t\t\t\t<\/a>\n\t\t\t\t\t\t\t\t\t\t\t\t\t<\/div>\n\t\t\t\t<\/div>\n\t\t\t\t\t<\/div>\n\t\t<\/div>\n\t\t\t\t<div class=\"elementor-column elementor-col-50 elementor-top-column elementor-element elementor-element-72097ad1\" data-id=\"72097ad1\" data-element_type=\"column\">\n\t\t\t<div class=\"elementor-widget-wrap elementor-element-populated\">\n\t\t\t\t\t\t<div class=\"elementor-element elementor-element-4c432736 e-grid-align-left e-grid-align-mobile-center elementor-grid-4 e-grid-align-tablet-right elementor-shape-rounded elementor-widget elementor-widget-social-icons\" data-id=\"4c432736\" data-element_type=\"widget\" data-widget_type=\"social-icons.default\">\n\t\t\t\t<div class=\"elementor-widget-container\">\n\t\t\t\t\t<div class=\"elementor-social-icons-wrapper elementor-grid\">\n\t\t\t\t\t\t\t<span class=\"elementor-grid-item\">\n\t\t\t\t\t<a class=\"elementor-icon elementor-social-icon elementor-social-icon-facebook elementor-repeater-item-5646027\" href=\"https:\/\/www.facebook.com\/DanielAlomiaRoblesUniversidad\" target=\"_blank\">\n\t\t\t\t\t\t<span class=\"elementor-screen-only\">Facebook<\/span>\n\t\t\t\t\t\t<i class=\"fab fa-facebook\"><\/i>\t\t\t\t\t<\/a>\n\t\t\t\t<\/span>\n\t\t\t\t\t\t\t<span class=\"elementor-grid-item\">\n\t\t\t\t\t<a class=\"elementor-icon elementor-social-icon elementor-social-icon-twitter elementor-repeater-item-72bc942\" href=\"https:\/\/twitter.com\/undar_peru\" target=\"_blank\">\n\t\t\t\t\t\t<span class=\"elementor-screen-only\">Twitter<\/span>\n\t\t\t\t\t\t<i class=\"fab fa-twitter\"><\/i>\t\t\t\t\t<\/a>\n\t\t\t\t<\/span>\n\t\t\t\t\t\t\t<span class=\"elementor-grid-item\">\n\t\t\t\t\t<a class=\"elementor-icon elementor-social-icon elementor-social-icon-youtube elementor-repeater-item-4b27cd1\" href=\"https:\/\/www.youtube.com\/channel\/UCeXiFnDLERtWXHH7cn8fpqg\" target=\"_blank\">\n\t\t\t\t\t\t<span class=\"elementor-screen-only\">Youtube<\/span>\n\t\t\t\t\t\t<i class=\"fab fa-youtube\"><\/i>\t\t\t\t\t<\/a>\n\t\t\t\t<\/span>\n\t\t\t\t\t\t\t<span class=\"elementor-grid-item\">\n\t\t\t\t\t<a class=\"elementor-icon elementor-social-icon elementor-social-icon-linkedin elementor-repeater-item-2619f3c\" href=\"https:\/\/www.linkedin.com\/company\/universidad-nacional-daniel-alom%C3%ADa-robles\/\" target=\"_blank\">\n\t\t\t\t\t\t<span class=\"elementor-screen-only\">Linkedin<\/span>\n\t\t\t\t\t\t<i class=\"fab fa-linkedin\"><\/i>\t\t\t\t\t<\/a>\n\t\t\t\t<\/span>\n\t\t\t\t\t<\/div>\n\t\t\t\t<\/div>\n\t\t\t\t<\/div>\n\t\t\t\t\t<\/div>\n\t\t<\/div>\n\t\t\t\t\t<\/div>\n\t\t<\/section>\n\t\t\t\t<section class=\"elementor-section elementor-top-section elementor-element elementor-element-b047187 elementor-section-content-middle elementor-section-height-min-height elementor-section-boxed elementor-section-height-default elementor-section-items-middle\" data-id=\"b047187\" data-element_type=\"section\" data-settings=\"{&quot;background_background&quot;:&quot;classic&quot;,&quot;sticky&quot;:&quot;bottom&quot;,&quot;sticky_on&quot;:[&quot;desktop&quot;,&quot;tablet&quot;,&quot;mobile&quot;],&quot;sticky_offset&quot;:0,&quot;sticky_effects_offset&quot;:0,&quot;sticky_anchor_link_offset&quot;:0}\">\n\t\t\t\t\t\t<div class=\"elementor-container elementor-column-gap-no\">\n\t\t\t\t\t<div class=\"elementor-column elementor-col-100 elementor-top-column elementor-element elementor-element-16cc6380\" data-id=\"16cc6380\" data-element_type=\"column\">\n\t\t\t<div class=\"elementor-widget-wrap elementor-element-populated\">\n\t\t\t\t\t\t<div class=\"elementor-element elementor-element-18cc86d0 elementor-nav-menu__align-center elementor-nav-menu--stretch elementor-nav-menu__text-align-center elementor-nav-menu--dropdown-tablet elementor-nav-menu--toggle elementor-nav-menu--burger elementor-widget elementor-widget-nav-menu\" data-id=\"18cc86d0\" data-element_type=\"widget\" data-settings=\"{&quot;full_width&quot;:&quot;stretch&quot;,&quot;layout&quot;:&quot;horizontal&quot;,&quot;submenu_icon&quot;:{&quot;value&quot;:&quot;&lt;i class=\\&quot;fas fa-caret-down\\&quot;&gt;&lt;\\\/i&gt;&quot;,&quot;library&quot;:&quot;fa-solid&quot;},&quot;toggle&quot;:&quot;burger&quot;}\" data-widget_type=\"nav-menu.default\">\n\t\t\t\t<div class=\"elementor-widget-container\">\n\t\t\t\t\t\t<nav aria-label=\"Men\u00fa\" class=\"elementor-nav-menu--main elementor-nav-menu__container elementor-nav-menu--layout-horizontal e--pointer-underline e--animation-fade\">\n\t\t\t\t<ul id=\"menu-1-18cc86d0\" class=\"elementor-nav-menu\"><li class=\"menu-item menu-item-type-custom menu-item-object-custom menu-item-has-children menu-item-424\"><a href=\"#\" class=\"elementor-item elementor-item-anchor\">LA UNIVERSIDAD<\/a>\n<ul class=\"sub-menu elementor-nav-menu--dropdown\">\n\t<li class=\"menu-item menu-item-type-custom menu-item-object-custom menu-item-735\"><a href=\"https:\/\/www.undar.edu.pe\/index.php\/universidad-resenia-historica\" class=\"elementor-sub-item\">Rese\u00f1a hist\u00f3rica<\/a><\/li>\n\t<li class=\"menu-item menu-item-type-custom menu-item-object-custom menu-item-739\"><a href=\"https:\/\/www.undar.edu.pe\/index.php\/universidad-mision-y-valores\/\" class=\"elementor-sub-item\">Misi\u00f3n y valores<\/a><\/li>\n\t<li class=\"menu-item menu-item-type-custom menu-item-object-custom menu-item-736\"><a href=\"https:\/\/www.undar.edu.pe\/index.php\/universidad-comision-organizadora\/\" class=\"elementor-sub-item\">Comisi\u00f3n Organizadora<\/a><\/li>\n\t<li class=\"menu-item menu-item-type-custom menu-item-object-custom menu-item-977\"><a href=\"https:\/\/www.undar.edu.pe\/index.php\/universidad-plana-docente\" class=\"elementor-sub-item\">Plana docente<\/a><\/li>\n\t<li class=\"menu-item menu-item-type-post_type menu-item-object-page menu-item-63784\"><a href=\"http:\/\/www.undar.edu.pe\/index.php\/defensoria-universitaria-v-2\/\" class=\"elementor-sub-item\">Defensor\u00eda Universitaria<\/a><\/li>\n\t<li class=\"menu-item menu-item-type-post_type menu-item-object-page menu-item-64463\"><a href=\"http:\/\/www.undar.edu.pe\/index.php\/integridad-institucional\/\" class=\"elementor-sub-item\">Integridad Institucional<\/a><\/li>\n\t<li class=\"menu-item menu-item-type-custom menu-item-object-custom menu-item-52319\"><a target=\"_blank\" href=\"http:\/\/www.undar.edu.pe\/wp-content\/uploads\/2025\/03\/ORGANIGRAMA-UNDARA3-2.pdf\" class=\"elementor-sub-item\">Organigrama<\/a><\/li>\n\t<li class=\"menu-item menu-item-type-custom menu-item-object-custom menu-item-737\"><a href=\"https:\/\/www.undar.edu.pe\/index.php\/universidad-licenciamiento\/\" class=\"elementor-sub-item\">Licenciamiento<\/a><\/li>\n\t<li class=\"menu-item menu-item-type-custom menu-item-object-custom menu-item-35326\"><a href=\"https:\/\/www.undar.edu.pe\/index.php\/directorio-institucional-organos-de-alta-direccion\/\" class=\"elementor-sub-item\">Directorio institucional<\/a><\/li>\n<\/ul>\n<\/li>\n<li class=\"menu-item menu-item-type-custom menu-item-object-custom menu-item-has-children menu-item-425\"><a href=\"#\" class=\"elementor-item elementor-item-anchor\">FACULTADES<\/a>\n<ul class=\"sub-menu elementor-nav-menu--dropdown\">\n\t<li class=\"menu-item menu-item-type-custom menu-item-object-custom menu-item-740\"><a href=\"https:\/\/www.undar.edu.pe\/index.php\/facultad-de-musica\/\" class=\"elementor-sub-item\">Facultad de M\u00fasica<\/a><\/li>\n\t<li class=\"menu-item menu-item-type-custom menu-item-object-custom menu-item-741\"><a href=\"https:\/\/www.undar.edu.pe\/index.php\/facultad-de-educacion-musical-y-artes\" class=\"elementor-sub-item\">Facultad de Educaci\u00f3n Musical y Artes<\/a><\/li>\n<\/ul>\n<\/li>\n<li class=\"menu-item menu-item-type-custom menu-item-object-custom menu-item-426\"><a href=\"https:\/\/admision.undar.edu.pe\/\" class=\"elementor-item\">ADMISI\u00d3N<\/a><\/li>\n<li class=\"menu-item menu-item-type-custom menu-item-object-custom menu-item-has-children menu-item-427\"><a href=\"#\" class=\"elementor-item elementor-item-anchor\">ACAD\u00c9MICO<\/a>\n<ul class=\"sub-menu elementor-nav-menu--dropdown\">\n\t<li class=\"menu-item menu-item-type-custom menu-item-object-custom menu-item-971\"><a href=\"https:\/\/www.undar.edu.pe\/index.php\/academico-direccion-de-servicios-academicos-inicio\" class=\"elementor-sub-item\">Direcci\u00f3n de Servicios Acad\u00e9micos<\/a><\/li>\n\t<li class=\"menu-item menu-item-type-custom menu-item-object-custom menu-item-982\"><a href=\"https:\/\/www.undar.edu.pe\/index.php\/academico-direccion-de-bienestar-universitario-inicio\" class=\"elementor-sub-item\">Direcci\u00f3n de Bienestar Universitario<\/a><\/li>\n\t<li class=\"menu-item menu-item-type-custom menu-item-object-custom menu-item-747\"><a href=\"https:\/\/www.undar.edu.pe\/index.php\/academico-direccion-de-responsabilidad-social-universitaria-y-extension-cultural-inicio\/\" class=\"elementor-sub-item\">Direcci\u00f3n de Responsabilidad Social Universitaria y Extensi\u00f3n Cultural<\/a><\/li>\n<\/ul>\n<\/li>\n<li class=\"menu-item menu-item-type-custom menu-item-object-custom menu-item-has-children menu-item-428\"><a href=\"#\" class=\"elementor-item elementor-item-anchor\">INVESTIGACI\u00d3N<\/a>\n<ul class=\"sub-menu elementor-nav-menu--dropdown\">\n\t<li class=\"menu-item menu-item-type-custom menu-item-object-custom menu-item-56439\"><a target=\"_blank\" href=\"https:\/\/ciiam.undar.edu.pe\/\" class=\"elementor-sub-item\">Congreso CIIAM<\/a><\/li>\n\t<li class=\"menu-item menu-item-type-custom menu-item-object-custom menu-item-has-children menu-item-24869\"><a href=\"https:\/\/www.undar.edu.pe\/index.php\/investigacion-vicepresidencia-de-investigacion-inicio\" class=\"elementor-sub-item\">Vicepresidencia de Investigaci\u00f3n<\/a>\n\t<ul class=\"sub-menu elementor-nav-menu--dropdown\">\n\t\t<li class=\"menu-item menu-item-type-custom menu-item-object-custom menu-item-54639\"><a href=\"https:\/\/www.undar.edu.pe\/index.php\/iv-concurso-de-proyectos-de-investigacion\/\" class=\"elementor-sub-item\">Concurso de proyectos de investigaci\u00f3n<\/a><\/li>\n\t\t<li class=\"menu-item menu-item-type-custom menu-item-object-custom menu-item-62058\"><a href=\"https:\/\/www.undar.edu.pe\/index.php\/convocatoria-docente-investigador-undar-2025\" class=\"elementor-sub-item\">Convocatoria Docente Investigador UNDAR<\/a><\/li>\n\t<\/ul>\n<\/li>\n\t<li class=\"menu-item menu-item-type-post_type menu-item-object-page menu-item-52571\"><a href=\"http:\/\/www.undar.edu.pe\/index.php\/investigacion-vicepresidencia-de-investigacion-instituto-de-investigacion\/\" class=\"elementor-sub-item\">Instituto de Investigaci\u00f3n<\/a><\/li>\n\t<li class=\"menu-item menu-item-type-post_type menu-item-object-page menu-item-52577\"><a href=\"http:\/\/www.undar.edu.pe\/index.php\/investigacion-vicepresidencia-de-investigacion-direccion-de-innovacion-y-transferencia-tecnologica\/\" class=\"elementor-sub-item\">Direcci\u00f3n  de Innovaci\u00f3n y Transferencia Tecnol\u00f3gica<\/a><\/li>\n\t<li class=\"menu-item menu-item-type-post_type menu-item-object-page menu-item-52586\"><a href=\"http:\/\/www.undar.edu.pe\/index.php\/investigacion-vicepresidencia-de-investigacion-direccion-de-incubadora-de-empresas\/\" class=\"elementor-sub-item\">Direcci\u00f3n de Incubadora de Empresas<\/a><\/li>\n\t<li class=\"menu-item menu-item-type-post_type menu-item-object-page menu-item-52594\"><a href=\"http:\/\/www.undar.edu.pe\/index.php\/investigacion-vicepresidencia-de-investigacion-direccion-de-produccion-de-bienes-y-servicios\/\" class=\"elementor-sub-item\">Direcci\u00f3n de Producci\u00f3n de Bienes y Servicios<\/a><\/li>\n\t<li class=\"menu-item menu-item-type-custom menu-item-object-custom menu-item-62982\"><a href=\"https:\/\/despegamusic.undar.edu.pe\/\" class=\"elementor-sub-item\">Despega Music 2.0<\/a><\/li>\n<\/ul>\n<\/li>\n<li class=\"menu-item menu-item-type-custom menu-item-object-custom menu-item-has-children menu-item-35316\"><a href=\"#\" class=\"elementor-item elementor-item-anchor\">PUBLICACIONES<\/a>\n<ul class=\"sub-menu elementor-nav-menu--dropdown\">\n\t<li class=\"menu-item menu-item-type-custom menu-item-object-custom menu-item-35317\"><a href=\"https:\/\/revistas.undar.edu.pe\/index.php\/rodolfoholzmann\" class=\"elementor-sub-item\">Revistas Rodolfo Holzmann<\/a><\/li>\n\t<li class=\"menu-item menu-item-type-custom menu-item-object-custom menu-item-56163\"><a href=\"https:\/\/revistas.undar.edu.pe\/index.php\/rodolfoholzmann\/information\/authors\" class=\"elementor-sub-item\">Convocatoria para autores<\/a><\/li>\n\t<li class=\"menu-item menu-item-type-custom menu-item-object-custom menu-item-63598\"><a target=\"_blank\" href=\"https:\/\/glosariovpi.undar.edu.pe\/\" class=\"elementor-sub-item\">Glosario de Terminos I+ D + i<\/a><\/li>\n<\/ul>\n<\/li>\n<li class=\"menu-item menu-item-type-custom menu-item-object-custom menu-item-has-children menu-item-35320\"><a href=\"#\" class=\"elementor-item elementor-item-anchor\">TRANSPARENCIA<\/a>\n<ul class=\"sub-menu elementor-nav-menu--dropdown\">\n\t<li class=\"menu-item menu-item-type-custom menu-item-object-custom menu-item-35321\"><a href=\"https:\/\/www.undar.edu.pe\/index.php\/transparencia-transparencia-universitaria-acceso-a-la-informacion-publica\/\" class=\"elementor-sub-item\">Acceso a la informaci\u00f3n p\u00fablica<\/a><\/li>\n\t<li class=\"menu-item menu-item-type-custom menu-item-object-custom menu-item-35322\"><a href=\"http:\/\/www.undar.edu.pe\/index.php\/transparencia-transparencia-universitaria-2\/\" class=\"elementor-sub-item\">Transparencia universitaria<\/a><\/li>\n\t<li class=\"menu-item menu-item-type-custom menu-item-object-custom menu-item-35323\"><a target=\"_blank\" href=\"http:\/\/transparenciaestandar.undar.edu.pe\/\" class=\"elementor-sub-item\">Transparencia est\u00e1ndar<\/a><\/li>\n<\/ul>\n<\/li>\n<li class=\"menu-item menu-item-type-custom menu-item-object-custom menu-item-has-children menu-item-35325\"><a href=\"#\" class=\"elementor-item elementor-item-anchor\">M\u00c1S<\/a>\n<ul class=\"sub-menu elementor-nav-menu--dropdown\">\n\t<li class=\"menu-item menu-item-type-custom menu-item-object-custom menu-item-35324\"><a href=\"http:\/\/www.undar.edu.pe\/index.php\/convocatorias\/\" class=\"elementor-sub-item\">Convocatorias<\/a><\/li>\n\t<li class=\"menu-item menu-item-type-custom menu-item-object-custom menu-item-36984\"><a target=\"_blank\" href=\"https:\/\/empresa.undar.edu.pe\" class=\"elementor-sub-item\">Bolsa de Trabajo<\/a><\/li>\n\t<li class=\"menu-item menu-item-type-custom menu-item-object-custom menu-item-35327\"><a href=\"https:\/\/www.undar.edu.pe\/index.php\/sistema-de-control-interno-2023\/\" class=\"elementor-sub-item\">Sistema de Control Interno<\/a><\/li>\n\t<li class=\"menu-item menu-item-type-custom menu-item-object-custom menu-item-35328\"><a href=\"https:\/\/reclamos.servicios.gob.pe\/?institution_id=312\" class=\"elementor-sub-item\">Libro de reclamaciones<\/a><\/li>\n\t<li class=\"menu-item menu-item-type-post_type menu-item-object-page menu-item-64562\"><a href=\"http:\/\/www.undar.edu.pe\/index.php\/universidad-instituto-superior-de-musica-daniel-alomia-robles-beca-2026\/\" class=\"elementor-sub-item\">INSTITUTO SUPERIOR DE M\u00daSICA DANIEL ALOMIA ROBLES<\/a><\/li>\n<\/ul>\n<\/li>\n<\/ul>\t\t\t<\/nav>\n\t\t\t\t\t<div class=\"elementor-menu-toggle\" role=\"button\" tabindex=\"0\" aria-label=\"Alternar men\u00fa\" aria-expanded=\"false\">\n\t\t\t<i aria-hidden=\"true\" role=\"presentation\" class=\"elementor-menu-toggle__icon--open eicon-menu-bar\"><\/i><i aria-hidden=\"true\" role=\"presentation\" class=\"elementor-menu-toggle__icon--close eicon-close\"><\/i>\t\t\t<span class=\"elementor-screen-only\">Men\u00fa<\/span>\n\t\t<\/div>\n\t\t\t\t\t<nav class=\"elementor-nav-menu--dropdown elementor-nav-menu__container\" aria-hidden=\"true\">\n\t\t\t\t<ul id=\"menu-2-18cc86d0\" class=\"elementor-nav-menu\"><li class=\"menu-item menu-item-type-custom menu-item-object-custom menu-item-has-children menu-item-424\"><a href=\"#\" class=\"elementor-item elementor-item-anchor\" tabindex=\"-1\">LA UNIVERSIDAD<\/a>\n<ul class=\"sub-menu elementor-nav-menu--dropdown\">\n\t<li class=\"menu-item menu-item-type-custom menu-item-object-custom menu-item-735\"><a href=\"https:\/\/www.undar.edu.pe\/index.php\/universidad-resenia-historica\" class=\"elementor-sub-item\" tabindex=\"-1\">Rese\u00f1a hist\u00f3rica<\/a><\/li>\n\t<li class=\"menu-item menu-item-type-custom menu-item-object-custom menu-item-739\"><a href=\"https:\/\/www.undar.edu.pe\/index.php\/universidad-mision-y-valores\/\" class=\"elementor-sub-item\" tabindex=\"-1\">Misi\u00f3n y valores<\/a><\/li>\n\t<li class=\"menu-item menu-item-type-custom menu-item-object-custom menu-item-736\"><a href=\"https:\/\/www.undar.edu.pe\/index.php\/universidad-comision-organizadora\/\" class=\"elementor-sub-item\" tabindex=\"-1\">Comisi\u00f3n Organizadora<\/a><\/li>\n\t<li class=\"menu-item menu-item-type-custom menu-item-object-custom menu-item-977\"><a href=\"https:\/\/www.undar.edu.pe\/index.php\/universidad-plana-docente\" class=\"elementor-sub-item\" tabindex=\"-1\">Plana docente<\/a><\/li>\n\t<li class=\"menu-item menu-item-type-post_type menu-item-object-page menu-item-63784\"><a href=\"http:\/\/www.undar.edu.pe\/index.php\/defensoria-universitaria-v-2\/\" class=\"elementor-sub-item\" tabindex=\"-1\">Defensor\u00eda Universitaria<\/a><\/li>\n\t<li class=\"menu-item menu-item-type-post_type menu-item-object-page menu-item-64463\"><a href=\"http:\/\/www.undar.edu.pe\/index.php\/integridad-institucional\/\" class=\"elementor-sub-item\" tabindex=\"-1\">Integridad Institucional<\/a><\/li>\n\t<li class=\"menu-item menu-item-type-custom menu-item-object-custom menu-item-52319\"><a target=\"_blank\" href=\"http:\/\/www.undar.edu.pe\/wp-content\/uploads\/2025\/03\/ORGANIGRAMA-UNDARA3-2.pdf\" class=\"elementor-sub-item\" tabindex=\"-1\">Organigrama<\/a><\/li>\n\t<li class=\"menu-item menu-item-type-custom menu-item-object-custom menu-item-737\"><a href=\"https:\/\/www.undar.edu.pe\/index.php\/universidad-licenciamiento\/\" class=\"elementor-sub-item\" tabindex=\"-1\">Licenciamiento<\/a><\/li>\n\t<li class=\"menu-item menu-item-type-custom menu-item-object-custom menu-item-35326\"><a href=\"https:\/\/www.undar.edu.pe\/index.php\/directorio-institucional-organos-de-alta-direccion\/\" class=\"elementor-sub-item\" tabindex=\"-1\">Directorio institucional<\/a><\/li>\n<\/ul>\n<\/li>\n<li class=\"menu-item menu-item-type-custom menu-item-object-custom menu-item-has-children menu-item-425\"><a href=\"#\" class=\"elementor-item elementor-item-anchor\" tabindex=\"-1\">FACULTADES<\/a>\n<ul class=\"sub-menu elementor-nav-menu--dropdown\">\n\t<li class=\"menu-item menu-item-type-custom menu-item-object-custom menu-item-740\"><a href=\"https:\/\/www.undar.edu.pe\/index.php\/facultad-de-musica\/\" class=\"elementor-sub-item\" tabindex=\"-1\">Facultad de M\u00fasica<\/a><\/li>\n\t<li class=\"menu-item menu-item-type-custom menu-item-object-custom menu-item-741\"><a href=\"https:\/\/www.undar.edu.pe\/index.php\/facultad-de-educacion-musical-y-artes\" class=\"elementor-sub-item\" tabindex=\"-1\">Facultad de Educaci\u00f3n Musical y Artes<\/a><\/li>\n<\/ul>\n<\/li>\n<li class=\"menu-item menu-item-type-custom menu-item-object-custom menu-item-426\"><a href=\"https:\/\/admision.undar.edu.pe\/\" class=\"elementor-item\" tabindex=\"-1\">ADMISI\u00d3N<\/a><\/li>\n<li class=\"menu-item menu-item-type-custom menu-item-object-custom menu-item-has-children menu-item-427\"><a href=\"#\" class=\"elementor-item elementor-item-anchor\" tabindex=\"-1\">ACAD\u00c9MICO<\/a>\n<ul class=\"sub-menu elementor-nav-menu--dropdown\">\n\t<li class=\"menu-item menu-item-type-custom menu-item-object-custom menu-item-971\"><a href=\"https:\/\/www.undar.edu.pe\/index.php\/academico-direccion-de-servicios-academicos-inicio\" class=\"elementor-sub-item\" tabindex=\"-1\">Direcci\u00f3n de Servicios Acad\u00e9micos<\/a><\/li>\n\t<li class=\"menu-item menu-item-type-custom menu-item-object-custom menu-item-982\"><a href=\"https:\/\/www.undar.edu.pe\/index.php\/academico-direccion-de-bienestar-universitario-inicio\" class=\"elementor-sub-item\" tabindex=\"-1\">Direcci\u00f3n de Bienestar Universitario<\/a><\/li>\n\t<li class=\"menu-item menu-item-type-custom menu-item-object-custom menu-item-747\"><a href=\"https:\/\/www.undar.edu.pe\/index.php\/academico-direccion-de-responsabilidad-social-universitaria-y-extension-cultural-inicio\/\" class=\"elementor-sub-item\" tabindex=\"-1\">Direcci\u00f3n de Responsabilidad Social Universitaria y Extensi\u00f3n Cultural<\/a><\/li>\n<\/ul>\n<\/li>\n<li class=\"menu-item menu-item-type-custom menu-item-object-custom menu-item-has-children menu-item-428\"><a href=\"#\" class=\"elementor-item elementor-item-anchor\" tabindex=\"-1\">INVESTIGACI\u00d3N<\/a>\n<ul class=\"sub-menu elementor-nav-menu--dropdown\">\n\t<li class=\"menu-item menu-item-type-custom menu-item-object-custom menu-item-56439\"><a target=\"_blank\" href=\"https:\/\/ciiam.undar.edu.pe\/\" class=\"elementor-sub-item\" tabindex=\"-1\">Congreso CIIAM<\/a><\/li>\n\t<li class=\"menu-item menu-item-type-custom menu-item-object-custom menu-item-has-children menu-item-24869\"><a href=\"https:\/\/www.undar.edu.pe\/index.php\/investigacion-vicepresidencia-de-investigacion-inicio\" class=\"elementor-sub-item\" tabindex=\"-1\">Vicepresidencia de Investigaci\u00f3n<\/a>\n\t<ul class=\"sub-menu elementor-nav-menu--dropdown\">\n\t\t<li class=\"menu-item menu-item-type-custom menu-item-object-custom menu-item-54639\"><a href=\"https:\/\/www.undar.edu.pe\/index.php\/iv-concurso-de-proyectos-de-investigacion\/\" class=\"elementor-sub-item\" tabindex=\"-1\">Concurso de proyectos de investigaci\u00f3n<\/a><\/li>\n\t\t<li class=\"menu-item menu-item-type-custom menu-item-object-custom menu-item-62058\"><a href=\"https:\/\/www.undar.edu.pe\/index.php\/convocatoria-docente-investigador-undar-2025\" class=\"elementor-sub-item\" tabindex=\"-1\">Convocatoria Docente Investigador UNDAR<\/a><\/li>\n\t<\/ul>\n<\/li>\n\t<li class=\"menu-item menu-item-type-post_type menu-item-object-page menu-item-52571\"><a href=\"http:\/\/www.undar.edu.pe\/index.php\/investigacion-vicepresidencia-de-investigacion-instituto-de-investigacion\/\" class=\"elementor-sub-item\" tabindex=\"-1\">Instituto de Investigaci\u00f3n<\/a><\/li>\n\t<li class=\"menu-item menu-item-type-post_type menu-item-object-page menu-item-52577\"><a href=\"http:\/\/www.undar.edu.pe\/index.php\/investigacion-vicepresidencia-de-investigacion-direccion-de-innovacion-y-transferencia-tecnologica\/\" class=\"elementor-sub-item\" tabindex=\"-1\">Direcci\u00f3n  de Innovaci\u00f3n y Transferencia Tecnol\u00f3gica<\/a><\/li>\n\t<li class=\"menu-item menu-item-type-post_type menu-item-object-page menu-item-52586\"><a href=\"http:\/\/www.undar.edu.pe\/index.php\/investigacion-vicepresidencia-de-investigacion-direccion-de-incubadora-de-empresas\/\" class=\"elementor-sub-item\" tabindex=\"-1\">Direcci\u00f3n de Incubadora de Empresas<\/a><\/li>\n\t<li class=\"menu-item menu-item-type-post_type menu-item-object-page menu-item-52594\"><a href=\"http:\/\/www.undar.edu.pe\/index.php\/investigacion-vicepresidencia-de-investigacion-direccion-de-produccion-de-bienes-y-servicios\/\" class=\"elementor-sub-item\" tabindex=\"-1\">Direcci\u00f3n de Producci\u00f3n de Bienes y Servicios<\/a><\/li>\n\t<li class=\"menu-item menu-item-type-custom menu-item-object-custom menu-item-62982\"><a href=\"https:\/\/despegamusic.undar.edu.pe\/\" class=\"elementor-sub-item\" tabindex=\"-1\">Despega Music 2.0<\/a><\/li>\n<\/ul>\n<\/li>\n<li class=\"menu-item menu-item-type-custom menu-item-object-custom menu-item-has-children menu-item-35316\"><a href=\"#\" class=\"elementor-item elementor-item-anchor\" tabindex=\"-1\">PUBLICACIONES<\/a>\n<ul class=\"sub-menu elementor-nav-menu--dropdown\">\n\t<li class=\"menu-item menu-item-type-custom menu-item-object-custom menu-item-35317\"><a href=\"https:\/\/revistas.undar.edu.pe\/index.php\/rodolfoholzmann\" class=\"elementor-sub-item\" tabindex=\"-1\">Revistas Rodolfo Holzmann<\/a><\/li>\n\t<li class=\"menu-item menu-item-type-custom menu-item-object-custom menu-item-56163\"><a href=\"https:\/\/revistas.undar.edu.pe\/index.php\/rodolfoholzmann\/information\/authors\" class=\"elementor-sub-item\" tabindex=\"-1\">Convocatoria para autores<\/a><\/li>\n\t<li class=\"menu-item menu-item-type-custom menu-item-object-custom menu-item-63598\"><a target=\"_blank\" href=\"https:\/\/glosariovpi.undar.edu.pe\/\" class=\"elementor-sub-item\" tabindex=\"-1\">Glosario de Terminos I+ D + i<\/a><\/li>\n<\/ul>\n<\/li>\n<li class=\"menu-item menu-item-type-custom menu-item-object-custom menu-item-has-children menu-item-35320\"><a href=\"#\" class=\"elementor-item elementor-item-anchor\" tabindex=\"-1\">TRANSPARENCIA<\/a>\n<ul class=\"sub-menu elementor-nav-menu--dropdown\">\n\t<li class=\"menu-item menu-item-type-custom menu-item-object-custom menu-item-35321\"><a href=\"https:\/\/www.undar.edu.pe\/index.php\/transparencia-transparencia-universitaria-acceso-a-la-informacion-publica\/\" class=\"elementor-sub-item\" tabindex=\"-1\">Acceso a la informaci\u00f3n p\u00fablica<\/a><\/li>\n\t<li class=\"menu-item menu-item-type-custom menu-item-object-custom menu-item-35322\"><a href=\"http:\/\/www.undar.edu.pe\/index.php\/transparencia-transparencia-universitaria-2\/\" class=\"elementor-sub-item\" tabindex=\"-1\">Transparencia universitaria<\/a><\/li>\n\t<li class=\"menu-item menu-item-type-custom menu-item-object-custom menu-item-35323\"><a target=\"_blank\" href=\"http:\/\/transparenciaestandar.undar.edu.pe\/\" class=\"elementor-sub-item\" tabindex=\"-1\">Transparencia est\u00e1ndar<\/a><\/li>\n<\/ul>\n<\/li>\n<li class=\"menu-item menu-item-type-custom menu-item-object-custom menu-item-has-children menu-item-35325\"><a href=\"#\" class=\"elementor-item elementor-item-anchor\" tabindex=\"-1\">M\u00c1S<\/a>\n<ul class=\"sub-menu elementor-nav-menu--dropdown\">\n\t<li class=\"menu-item menu-item-type-custom menu-item-object-custom menu-item-35324\"><a href=\"http:\/\/www.undar.edu.pe\/index.php\/convocatorias\/\" class=\"elementor-sub-item\" tabindex=\"-1\">Convocatorias<\/a><\/li>\n\t<li class=\"menu-item menu-item-type-custom menu-item-object-custom menu-item-36984\"><a target=\"_blank\" href=\"https:\/\/empresa.undar.edu.pe\" class=\"elementor-sub-item\" tabindex=\"-1\">Bolsa de Trabajo<\/a><\/li>\n\t<li class=\"menu-item menu-item-type-custom menu-item-object-custom menu-item-35327\"><a href=\"https:\/\/www.undar.edu.pe\/index.php\/sistema-de-control-interno-2023\/\" class=\"elementor-sub-item\" tabindex=\"-1\">Sistema de Control Interno<\/a><\/li>\n\t<li class=\"menu-item menu-item-type-custom menu-item-object-custom menu-item-35328\"><a href=\"https:\/\/reclamos.servicios.gob.pe\/?institution_id=312\" class=\"elementor-sub-item\" tabindex=\"-1\">Libro de reclamaciones<\/a><\/li>\n\t<li class=\"menu-item menu-item-type-post_type menu-item-object-page menu-item-64562\"><a href=\"http:\/\/www.undar.edu.pe\/index.php\/universidad-instituto-superior-de-musica-daniel-alomia-robles-beca-2026\/\" class=\"elementor-sub-item\" tabindex=\"-1\">INSTITUTO SUPERIOR DE M\u00daSICA DANIEL ALOMIA ROBLES<\/a><\/li>\n<\/ul>\n<\/li>\n<\/ul>\t\t\t<\/nav>\n\t\t\t\t<\/div>\n\t\t\t\t<\/div>\n\t\t\t\t\t<\/div>\n\t\t<\/div>\n\t\t\t\t\t<\/div>\n\t\t<\/section>\n\t\t\t\t<section class=\"elementor-section elementor-top-section elementor-element elementor-element-18871c0f elementor-section-boxed elementor-section-height-default elementor-section-height-default\" data-id=\"18871c0f\" data-element_type=\"section\">\n\t\t\t\t\t\t<div class=\"elementor-container elementor-column-gap-default\">\n\t\t\t\t\t<div class=\"elementor-column elementor-col-100 elementor-top-column elementor-element elementor-element-40331c9a\" data-id=\"40331c9a\" data-element_type=\"column\">\n\t\t\t<div class=\"elementor-widget-wrap elementor-element-populated\">\n\t\t\t\t\t\t<div class=\"elementor-element elementor-element-afab122 elementor-widget elementor-widget-heading\" data-id=\"afab122\" data-element_type=\"widget\" data-widget_type=\"heading.default\">\n\t\t\t\t<div class=\"elementor-widget-container\">\n\t\t\t<h4 class=\"elementor-heading-title elementor-size-default\">UNDAR RECORD\u00d3 EL NATALICIO DEL INSIGNE M\u00daSICO HUANUQUE\u00d1O DANIEL ALOM\u00cdA ROBLES<\/h4>\t\t<\/div>\n\t\t\t\t<\/div>\n\t\t\t\t<div class=\"elementor-element elementor-element-4664c16 elementor-widget elementor-widget-image\" data-id=\"4664c16\" data-element_type=\"widget\" data-widget_type=\"image.default\">\n\t\t\t\t<div class=\"elementor-widget-container\">\n\t\t\t\t\t\t\t\t\t\t\t\t\t<img fetchpriority=\"high\" decoding=\"async\" width=\"580\" height=\"385\" src=\"http:\/\/www.undar.edu.pe\/wp-content\/uploads\/2023\/01\/152-ANOS-DEL-NACIMIENTO-DE-DAR.gif\" class=\"attachment-medium_large size-medium_large wp-image-32291\" alt=\"\" \/>\t\t\t\t\t\t\t\t\t\t\t\t\t<\/div>\n\t\t\t\t<\/div>\n\t\t\t\t<div class=\"elementor-element elementor-element-35352b80 elementor-widget elementor-widget-text-editor\" data-id=\"35352b80\" data-element_type=\"widget\" data-widget_type=\"text-editor.default\">\n\t\t\t\t<div class=\"elementor-widget-container\">\n\t\t\t\t\t\t\t<p><span style=\"font-size: 1rem;\">La Universidad Nacional Daniel Alom\u00eda Robles le rindi\u00f3 un justo homenaje al insigne m\u00fasico huanuque\u00f1o de trascendencia mundial que lleva su nombre y que, un d\u00eda como hoy, cumplir\u00eda 152 a\u00f1os.<\/span><\/p>\n<p><span style=\"font-size: 1rem;\">La ceremonia especial se realiz\u00f3 en la sede central de nuestra casa superior de estudios, espec\u00edficamente en el mausoleo donde reposan sus restos, y estuvo presidida por la presidenta(e) de la Comisi\u00f3n Organizadora, Dra. Elena Rafaela Benavides Rivera, acompa\u00f1ada del se\u00f1or Gobernador Regional de Hu\u00e1nuco, mag\u00edster Antonio Leonidas Pulgar Lucas; del se\u00f1or alcalde provincial, licenciado Antonio Jara Gallardo; y de la plana de consejeros regional y regidores de ambas instituciones gubernamentales.<\/span><\/p>\n<p><span style=\"font-size: 1rem;\">\u00abEs para m\u00ed un honor tener presente en esta ceremonia, a nuestra autoridad regional y municipal, a todos los consejeros regionales y regidores municipales, rindiendo homenaje a nuestro insigne m\u00fasico de talla mundial, y deseo pedir que juntos logremos una calidad educativa y cultural para esta hermosa regi\u00f3n\u00bb. Acot\u00f3 la Dra. Elena Rafaela Benavides Rivera.<\/span><\/p>\n<p><span style=\"font-size: 1rem;\">Por su parte, el se\u00f1or gobernador agradeci\u00f3 la invitaci\u00f3n y manifest\u00f3 que nunca se olvida de tan importante fecha, ya que \u00e9l estudi\u00f3 en estas aulas y es amante de la m\u00fasica y conocedor de nuestra realidad; asimismo, el se\u00f1or alcalde provincial se comprometi\u00f3 a trabajar de la mano por una mejor calidad educativa y expres\u00f3 que la casa del pueblo est\u00e1 abierta para el apoyo que se requiera.<\/span><\/p>\n<p><span style=\"font-size: 1rem;\">La ceremonia emotiva culmin\u00f3 con un brillante n\u00famero art\u00edstico a cargo del maestro Fredy Marcellini Morales, docente de nuestra instituci\u00f3n, con un solo de trompeta interpretando el ya conocido C\u00f3ndor pasa.<\/span><\/p>\n<div>\n<p><!-- \/wp:paragraph --><\/p>\n<\/div>\t\t\t\t\t\t<\/div>\n\t\t\t\t<\/div>\n\t\t\t\t<div class=\"elementor-element elementor-element-f83af45 elementor-share-buttons--view-icon elementor-share-buttons--skin-minimal elementor-share-buttons--shape-circle elementor-share-buttons--align-center elementor-grid-0 elementor-share-buttons--color-official elementor-widget elementor-widget-share-buttons\" data-id=\"f83af45\" data-element_type=\"widget\" data-widget_type=\"share-buttons.default\">\n\t\t\t\t<div class=\"elementor-widget-container\">\n\t\t\t\t\t<div class=\"elementor-grid\">\n\t\t\t\t\t\t\t\t<div class=\"elementor-grid-item\">\n\t\t\t\t\t\t<div\n\t\t\t\t\t\t\tclass=\"elementor-share-btn elementor-share-btn_facebook\"\n\t\t\t\t\t\t\trole=\"button\"\n\t\t\t\t\t\t\ttabindex=\"0\"\n\t\t\t\t\t\t\taria-label=\"Compartir en facebook\"\n\t\t\t\t\t\t>\n\t\t\t\t\t\t\t\t\t\t\t\t\t\t\t<span class=\"elementor-share-btn__icon\">\n\t\t\t\t\t\t\t\t<i class=\"fab fa-facebook\" aria-hidden=\"true\"><\/i>\t\t\t\t\t\t\t<\/span>\n\t\t\t\t\t\t\t\t\t\t\t\t\t\t\t\t\t\t\t\t<\/div>\n\t\t\t\t\t<\/div>\n\t\t\t\t\t\t\t\t\t<div class=\"elementor-grid-item\">\n\t\t\t\t\t\t<div\n\t\t\t\t\t\t\tclass=\"elementor-share-btn elementor-share-btn_twitter\"\n\t\t\t\t\t\t\trole=\"button\"\n\t\t\t\t\t\t\ttabindex=\"0\"\n\t\t\t\t\t\t\taria-label=\"Compartir en twitter\"\n\t\t\t\t\t\t>\n\t\t\t\t\t\t\t\t\t\t\t\t\t\t\t<span class=\"elementor-share-btn__icon\">\n\t\t\t\t\t\t\t\t<i class=\"fab fa-twitter\" aria-hidden=\"true\"><\/i>\t\t\t\t\t\t\t<\/span>\n\t\t\t\t\t\t\t\t\t\t\t\t\t\t\t\t\t\t\t\t<\/div>\n\t\t\t\t\t<\/div>\n\t\t\t\t\t\t\t\t\t<div class=\"elementor-grid-item\">\n\t\t\t\t\t\t<div\n\t\t\t\t\t\t\tclass=\"elementor-share-btn elementor-share-btn_linkedin\"\n\t\t\t\t\t\t\trole=\"button\"\n\t\t\t\t\t\t\ttabindex=\"0\"\n\t\t\t\t\t\t\taria-label=\"Compartir en linkedin\"\n\t\t\t\t\t\t>\n\t\t\t\t\t\t\t\t\t\t\t\t\t\t\t<span class=\"elementor-share-btn__icon\">\n\t\t\t\t\t\t\t\t<i class=\"fab fa-linkedin\" aria-hidden=\"true\"><\/i>\t\t\t\t\t\t\t<\/span>\n\t\t\t\t\t\t\t\t\t\t\t\t\t\t\t\t\t\t\t\t<\/div>\n\t\t\t\t\t<\/div>\n\t\t\t\t\t\t<\/div>\n\t\t\t\t<\/div>\n\t\t\t\t<\/div>\n\t\t\t\t<section class=\"elementor-section elementor-inner-section elementor-element elementor-element-4bfc828 elementor-section-boxed elementor-section-height-default elementor-section-height-default\" data-id=\"4bfc828\" data-element_type=\"section\">\n\t\t\t\t\t\t<div class=\"elementor-container elementor-column-gap-default\">\n\t\t\t\t\t<div class=\"elementor-column elementor-col-33 elementor-inner-column elementor-element elementor-element-231c783\" data-id=\"231c783\" data-element_type=\"column\">\n\t\t\t<div class=\"elementor-widget-wrap elementor-element-populated\">\n\t\t\t\t\t\t<div class=\"elementor-element elementor-element-2845b88 elementor-align-justify elementor-widget__width-inherit elementor-widget elementor-widget-button\" data-id=\"2845b88\" data-element_type=\"widget\" data-widget_type=\"button.default\">\n\t\t\t\t<div class=\"elementor-widget-container\">\n\t\t\t\t\t\t\t<div class=\"elementor-button-wrapper\">\n\t\t\t\t\t<a class=\"elementor-button elementor-button-link elementor-size-md\" href=\"https:\/\/www.undar.edu.pe\/index.php\/2022\/12\/30\/nuevos-docentes-se-incorporaron-a-la-universidad-nacional-daniel-alomia-robles\/\">\n\t\t\t\t\t\t<span class=\"elementor-button-content-wrapper\">\n\t\t\t\t\t\t<span class=\"elementor-button-icon\">\n\t\t\t\t<i aria-hidden=\"true\" class=\"fas fa-arrow-left\"><\/i>\t\t\t<\/span>\n\t\t\t\t\t\t\t\t\t<span class=\"elementor-button-text\">ATR\u00c1S<\/span>\n\t\t\t\t\t<\/span>\n\t\t\t\t\t<\/a>\n\t\t\t\t<\/div>\n\t\t\t\t\t\t<\/div>\n\t\t\t\t<\/div>\n\t\t\t\t\t<\/div>\n\t\t<\/div>\n\t\t\t\t<div class=\"elementor-column elementor-col-33 elementor-inner-column elementor-element elementor-element-4d23888\" data-id=\"4d23888\" data-element_type=\"column\">\n\t\t\t<div class=\"elementor-widget-wrap\">\n\t\t\t\t\t\t\t<\/div>\n\t\t<\/div>\n\t\t\t\t<div class=\"elementor-column elementor-col-33 elementor-inner-column elementor-element elementor-element-ea4fe31\" data-id=\"ea4fe31\" data-element_type=\"column\">\n\t\t\t<div class=\"elementor-widget-wrap elementor-element-populated\">\n\t\t\t\t\t\t<div class=\"elementor-element elementor-element-4e9bafd elementor-align-justify elementor-widget__width-inherit elementor-widget elementor-widget-button\" data-id=\"4e9bafd\" data-element_type=\"widget\" data-widget_type=\"button.default\">\n\t\t\t\t<div class=\"elementor-widget-container\">\n\t\t\t\t\t\t\t<div class=\"elementor-button-wrapper\">\n\t\t\t\t\t<a class=\"elementor-button elementor-button-link elementor-size-md\" href=\"https:\/\/www.undar.edu.pe\/index.php\/2023\/01\/24\/ciclo-vacacional-de-artes-2023-undar-es-un-exito\/\">\n\t\t\t\t\t\t<span class=\"elementor-button-content-wrapper\">\n\t\t\t\t\t\t<span class=\"elementor-button-icon\">\n\t\t\t\t<i aria-hidden=\"true\" class=\"fas fa-arrow-right\"><\/i>\t\t\t<\/span>\n\t\t\t\t\t\t\t\t\t<span class=\"elementor-button-text\">SIGUIENTE<\/span>\n\t\t\t\t\t<\/span>\n\t\t\t\t\t<\/a>\n\t\t\t\t<\/div>\n\t\t\t\t\t\t<\/div>\n\t\t\t\t<\/div>\n\t\t\t\t\t<\/div>\n\t\t<\/div>\n\t\t\t\t\t<\/div>\n\t\t<\/section>\n\t\t\t\t<div class=\"elementor-element elementor-element-aa8fe31 elementor-widget elementor-widget-text-editor\" data-id=\"aa8fe31\" data-element_type=\"widget\" data-widget_type=\"text-editor.default\">\n\t\t\t\t<div class=\"elementor-widget-container\">\n\t\t\t\t\t\t\t<p><span style=\"color: #4b4f58; font-size: 15px;\"><button id=\"listenButton1\" class=\"responsivevoice-button\" type=\"button\" value=\"Play\" title=\"ResponsiveVoice Tap to Start\/Stop Speech\"><span>&#128266; Listen to this<\/span><\/button>\n        <script>\n            listenButton1.onclick = function(){\n                if(responsiveVoice.isPlaying()){\n                    responsiveVoice.cancel();\n                }else{\n                    responsiveVoice.speak(\"Facebook Twitter Youtube Linkedin UNDAR RECORD\u00d3 EL NATALICIO DEL INSIGNE M\u00daSICO HUANUQUE\u00d1O DANIEL ALOM\u00cdA ROBLES La Universidad Nacional Daniel Alom\u00eda Robles le rindi\u00f3 un justo homenaje al insigne m\u00fasico huanuque\u00f1o de trascendencia mundial que lleva su nombre y que, un d\u00eda como hoy, cumplir\u00eda 152 a\u00f1os. La ceremonia especial se realiz\u00f3 en la sede central de nuestra casa superior de estudios, espec\u00edficamente en el mausoleo donde reposan sus restos, y estuvo presidida por la presidenta(e) de la Comisi\u00f3n Organizadora, Dra. Elena Rafaela Benavides Rivera, acompa\u00f1ada del se\u00f1or Gobernador Regional de Hu\u00e1nuco, mag\u00edster Antonio Leonidas Pulgar Lucas; del se\u00f1or alcalde provincial, licenciado Antonio Jara Gallardo; y de la plana de consejeros regional y regidores de ambas instituciones gubernamentales. \\\"Es para m\u00ed un honor tener presente en esta ceremonia, a nuestra autoridad regional y municipal, a todos los consejeros regionales y regidores municipales, rindiendo homenaje a nuestro insigne m\u00fasico de talla mundial, y deseo pedir que juntos logremos una calidad educativa y cultural para esta hermosa regi\u00f3n\\\". Acot\u00f3 la Dra. Elena Rafaela Benavides Rivera. Por su parte, el se\u00f1or gobernador agradeci\u00f3 la invitaci\u00f3n y manifest\u00f3 que nunca se olvida de tan importante fecha, ya que \u00e9l estudi\u00f3 en estas aulas y es amante de la m\u00fasica y conocedor de nuestra realidad; asimismo, el se\u00f1or alcalde provincial se comprometi\u00f3 a trabajar de la mano por una mejor calidad educativa y expres\u00f3 que la casa del pueblo est\u00e1 abierta para el apoyo que se requiera. La ceremonia emotiva culmin\u00f3 con un brillante n\u00famero art\u00edstico a cargo del maestro Fredy Marcellini Morales, docente de nuestra instituci\u00f3n, con un solo de trompeta interpretando el ya conocido C\u00f3ndor pasa. Share on facebook Share on twitter Share on linkedin ATR\u00c1S SIGUIENTE \u00a0\", \"UK English Female\");\n                }\n            };\n        <\/script>\n    <\/span><span style=\"color: #4b4f58; font-size: 15px;\">\u00a0<\/span><\/p>\t\t\t\t\t\t<\/div>\n\t\t\t\t<\/div>\n\t\t\t\t\t<\/div>\n\t\t<\/div>\n\t\t\t\t\t<\/div>\n\t\t<\/section>\n\t\t\t\t<\/div>\n\t\t","protected":false},"excerpt":{"rendered":"<p>La Universidad Nacional Daniel Alom\u00eda Robles le rindi\u00f3 un justo homenaje al insigne m\u00fasico huanuque\u00f1o de trascendencia mundial que lleva su nombre (&#8230;)<\/p>\n","protected":false},"author":1,"featured_media":32291,"comment_status":"closed","ping_status":"closed","sticky":false,"template":"","format":"standard","meta":{"_uf_show_specific_survey":0,"_uf_disable_surveys":false,"footnotes":""},"categories":[7],"tags":[],"class_list":["post-32289","post","type-post","status-publish","format-standard","has-post-thumbnail","hentry","category-noticias"],"aioseo_notices":[],"_links":{"self":[{"href":"http:\/\/www.undar.edu.pe\/index.php\/wp-json\/wp\/v2\/posts\/32289","targetHints":{"allow":["GET"]}}],"collection":[{"href":"http:\/\/www.undar.edu.pe\/index.php\/wp-json\/wp\/v2\/posts"}],"about":[{"href":"http:\/\/www.undar.edu.pe\/index.php\/wp-json\/wp\/v2\/types\/post"}],"author":[{"embeddable":true,"href":"http:\/\/www.undar.edu.pe\/index.php\/wp-json\/wp\/v2\/users\/1"}],"replies":[{"embeddable":true,"href":"http:\/\/www.undar.edu.pe\/index.php\/wp-json\/wp\/v2\/comments?post=32289"}],"version-history":[{"count":42,"href":"http:\/\/www.undar.edu.pe\/index.php\/wp-json\/wp\/v2\/posts\/32289\/revisions"}],"predecessor-version":[{"id":43348,"href":"http:\/\/www.undar.edu.pe\/index.php\/wp-json\/wp\/v2\/posts\/32289\/revisions\/43348"}],"wp:featuredmedia":[{"embeddable":true,"href":"http:\/\/www.undar.edu.pe\/index.php\/wp-json\/wp\/v2\/media\/32291"}],"wp:attachment":[{"href":"http:\/\/www.undar.edu.pe\/index.php\/wp-json\/wp\/v2\/media?parent=32289"}],"wp:term":[{"taxonomy":"category","embeddable":true,"href":"http:\/\/www.undar.edu.pe\/index.php\/wp-json\/wp\/v2\/categories?post=32289"},{"taxonomy":"post_tag","embeddable":true,"href":"http:\/\/www.undar.edu.pe\/index.php\/wp-json\/wp\/v2\/tags?post=32289"}],"curies":[{"name":"wp","href":"https:\/\/api.w.org\/{rel}","templated":true}]}}