{"id":31041,"date":"2022-11-15T16:17:09","date_gmt":"2022-11-15T21:17:09","guid":{"rendered":"http:\/\/www.undar.edu.pe\/?p=31041"},"modified":"2023-05-25T10:55:00","modified_gmt":"2023-05-25T15:55:00","slug":"con-exito-se-desarrolla-el-taller-de-saxofon-clasico-popular-y-lutheria","status":"publish","type":"post","link":"http:\/\/www.undar.edu.pe\/index.php\/2022\/11\/15\/con-exito-se-desarrolla-el-taller-de-saxofon-clasico-popular-y-lutheria\/","title":{"rendered":"CON \u00c9XITO SE DESARROLLA EL TALLER DE SAXOF\u00d3N CL\u00c1SICO, POPULAR Y LUTHER\u00cdA"},"content":{"rendered":"\t\t<div data-elementor-type=\"wp-post\" data-elementor-id=\"31041\" class=\"elementor elementor-31041\" data-elementor-post-type=\"post\">\n\t\t\t\t\t\t<section class=\"elementor-section elementor-top-section elementor-element elementor-element-63c078c6 elementor-section-height-min-height elementor-section-content-middle elementor-section-boxed elementor-section-height-default elementor-section-items-middle\" data-id=\"63c078c6\" data-element_type=\"section\" data-settings=\"{&quot;background_background&quot;:&quot;classic&quot;}\">\n\t\t\t\t\t\t<div class=\"elementor-container elementor-column-gap-no\">\n\t\t\t\t\t<div class=\"elementor-column elementor-col-50 elementor-top-column elementor-element elementor-element-2d3d724d\" data-id=\"2d3d724d\" data-element_type=\"column\">\n\t\t\t<div class=\"elementor-widget-wrap elementor-element-populated\">\n\t\t\t\t\t\t<div class=\"elementor-element elementor-element-588ea984 elementor-widget elementor-widget-image\" data-id=\"588ea984\" data-element_type=\"widget\" data-widget_type=\"image.default\">\n\t\t\t\t<div class=\"elementor-widget-container\">\n\t\t\t\t\t\t\t\t\t\t\t\t\t\t<a href=\"https:\/\/www.undar.edu.pe\/\">\n\t\t\t\t\t\t\t<img decoding=\"async\" src=\"http:\/\/www.undar.edu.pe\/wp-content\/uploads\/elementor\/thumbs\/logo-2023-q1z673ykofg56grmzvb9jof0f5m4vf38kjuxbd6rg0.png\" title=\"Logo de la UNDAR\" alt=\"Logo de la Universidad Nacional Daniel Alom\u00eda Robles\" loading=\"lazy\" \/>\t\t\t\t\t\t\t\t<\/a>\n\t\t\t\t\t\t\t\t\t\t\t\t\t<\/div>\n\t\t\t\t<\/div>\n\t\t\t\t\t<\/div>\n\t\t<\/div>\n\t\t\t\t<div class=\"elementor-column elementor-col-50 elementor-top-column elementor-element elementor-element-2a9168d4\" data-id=\"2a9168d4\" data-element_type=\"column\">\n\t\t\t<div class=\"elementor-widget-wrap elementor-element-populated\">\n\t\t\t\t\t\t<div class=\"elementor-element elementor-element-5232c164 e-grid-align-left e-grid-align-mobile-center elementor-grid-4 e-grid-align-tablet-right elementor-shape-rounded elementor-widget elementor-widget-social-icons\" data-id=\"5232c164\" data-element_type=\"widget\" data-widget_type=\"social-icons.default\">\n\t\t\t\t<div class=\"elementor-widget-container\">\n\t\t\t\t\t<div class=\"elementor-social-icons-wrapper elementor-grid\">\n\t\t\t\t\t\t\t<span class=\"elementor-grid-item\">\n\t\t\t\t\t<a class=\"elementor-icon elementor-social-icon elementor-social-icon-facebook elementor-repeater-item-5646027\" href=\"https:\/\/www.facebook.com\/DanielAlomiaRoblesUniversidad\" target=\"_blank\">\n\t\t\t\t\t\t<span class=\"elementor-screen-only\">Facebook<\/span>\n\t\t\t\t\t\t<i class=\"fab fa-facebook\"><\/i>\t\t\t\t\t<\/a>\n\t\t\t\t<\/span>\n\t\t\t\t\t\t\t<span class=\"elementor-grid-item\">\n\t\t\t\t\t<a class=\"elementor-icon elementor-social-icon elementor-social-icon-twitter elementor-repeater-item-72bc942\" href=\"https:\/\/twitter.com\/undar_peru\" target=\"_blank\">\n\t\t\t\t\t\t<span class=\"elementor-screen-only\">Twitter<\/span>\n\t\t\t\t\t\t<i class=\"fab fa-twitter\"><\/i>\t\t\t\t\t<\/a>\n\t\t\t\t<\/span>\n\t\t\t\t\t\t\t<span class=\"elementor-grid-item\">\n\t\t\t\t\t<a class=\"elementor-icon elementor-social-icon elementor-social-icon-youtube elementor-repeater-item-4b27cd1\" href=\"https:\/\/www.youtube.com\/channel\/UCeXiFnDLERtWXHH7cn8fpqg\" target=\"_blank\">\n\t\t\t\t\t\t<span class=\"elementor-screen-only\">Youtube<\/span>\n\t\t\t\t\t\t<i class=\"fab fa-youtube\"><\/i>\t\t\t\t\t<\/a>\n\t\t\t\t<\/span>\n\t\t\t\t\t\t\t<span class=\"elementor-grid-item\">\n\t\t\t\t\t<a class=\"elementor-icon elementor-social-icon elementor-social-icon-linkedin elementor-repeater-item-2619f3c\" href=\"https:\/\/www.linkedin.com\/company\/universidad-nacional-daniel-alom%C3%ADa-robles\/\" target=\"_blank\">\n\t\t\t\t\t\t<span class=\"elementor-screen-only\">Linkedin<\/span>\n\t\t\t\t\t\t<i class=\"fab fa-linkedin\"><\/i>\t\t\t\t\t<\/a>\n\t\t\t\t<\/span>\n\t\t\t\t\t<\/div>\n\t\t\t\t<\/div>\n\t\t\t\t<\/div>\n\t\t\t\t\t<\/div>\n\t\t<\/div>\n\t\t\t\t\t<\/div>\n\t\t<\/section>\n\t\t\t\t<section class=\"elementor-section elementor-top-section elementor-element elementor-element-26a85206 elementor-section-content-middle elementor-section-height-min-height elementor-section-boxed elementor-section-height-default elementor-section-items-middle\" data-id=\"26a85206\" data-element_type=\"section\" data-settings=\"{&quot;background_background&quot;:&quot;classic&quot;,&quot;sticky&quot;:&quot;bottom&quot;,&quot;sticky_on&quot;:[&quot;desktop&quot;,&quot;tablet&quot;,&quot;mobile&quot;],&quot;sticky_offset&quot;:0,&quot;sticky_effects_offset&quot;:0,&quot;sticky_anchor_link_offset&quot;:0}\">\n\t\t\t\t\t\t<div class=\"elementor-container elementor-column-gap-no\">\n\t\t\t\t\t<div class=\"elementor-column elementor-col-100 elementor-top-column elementor-element elementor-element-590eb81e\" data-id=\"590eb81e\" data-element_type=\"column\">\n\t\t\t<div class=\"elementor-widget-wrap elementor-element-populated\">\n\t\t\t\t\t\t<div class=\"elementor-element elementor-element-e045c47 elementor-nav-menu__align-center elementor-nav-menu--stretch elementor-nav-menu__text-align-center elementor-nav-menu--dropdown-tablet elementor-nav-menu--toggle elementor-nav-menu--burger elementor-widget elementor-widget-nav-menu\" data-id=\"e045c47\" data-element_type=\"widget\" data-settings=\"{&quot;full_width&quot;:&quot;stretch&quot;,&quot;layout&quot;:&quot;horizontal&quot;,&quot;submenu_icon&quot;:{&quot;value&quot;:&quot;&lt;i class=\\&quot;fas fa-caret-down\\&quot;&gt;&lt;\\\/i&gt;&quot;,&quot;library&quot;:&quot;fa-solid&quot;},&quot;toggle&quot;:&quot;burger&quot;}\" data-widget_type=\"nav-menu.default\">\n\t\t\t\t<div class=\"elementor-widget-container\">\n\t\t\t\t\t\t<nav aria-label=\"Men\u00fa\" class=\"elementor-nav-menu--main elementor-nav-menu__container elementor-nav-menu--layout-horizontal e--pointer-underline e--animation-fade\">\n\t\t\t\t<ul id=\"menu-1-e045c47\" class=\"elementor-nav-menu\"><li class=\"menu-item menu-item-type-custom menu-item-object-custom menu-item-has-children menu-item-424\"><a href=\"#\" class=\"elementor-item elementor-item-anchor\">LA UNIVERSIDAD<\/a>\n<ul class=\"sub-menu elementor-nav-menu--dropdown\">\n\t<li class=\"menu-item menu-item-type-custom menu-item-object-custom menu-item-735\"><a href=\"https:\/\/www.undar.edu.pe\/index.php\/universidad-resenia-historica\" class=\"elementor-sub-item\">Rese\u00f1a hist\u00f3rica<\/a><\/li>\n\t<li class=\"menu-item menu-item-type-custom menu-item-object-custom menu-item-739\"><a href=\"https:\/\/www.undar.edu.pe\/index.php\/universidad-mision-y-valores\/\" class=\"elementor-sub-item\">Misi\u00f3n y valores<\/a><\/li>\n\t<li class=\"menu-item menu-item-type-custom menu-item-object-custom menu-item-736\"><a href=\"https:\/\/www.undar.edu.pe\/index.php\/universidad-comision-organizadora\/\" class=\"elementor-sub-item\">Comisi\u00f3n Organizadora<\/a><\/li>\n\t<li class=\"menu-item menu-item-type-custom menu-item-object-custom menu-item-977\"><a href=\"https:\/\/www.undar.edu.pe\/index.php\/universidad-plana-docente\" class=\"elementor-sub-item\">Plana docente<\/a><\/li>\n\t<li class=\"menu-item menu-item-type-post_type menu-item-object-page menu-item-63784\"><a href=\"http:\/\/www.undar.edu.pe\/index.php\/defensoria-universitaria-v-2\/\" class=\"elementor-sub-item\">Defensor\u00eda Universitaria<\/a><\/li>\n\t<li class=\"menu-item menu-item-type-post_type menu-item-object-page menu-item-64463\"><a href=\"http:\/\/www.undar.edu.pe\/index.php\/integridad-institucional\/\" class=\"elementor-sub-item\">Integridad Institucional<\/a><\/li>\n\t<li class=\"menu-item menu-item-type-custom menu-item-object-custom menu-item-52319\"><a target=\"_blank\" href=\"http:\/\/www.undar.edu.pe\/wp-content\/uploads\/2025\/03\/ORGANIGRAMA-UNDARA3-2.pdf\" class=\"elementor-sub-item\">Organigrama<\/a><\/li>\n\t<li class=\"menu-item menu-item-type-custom menu-item-object-custom menu-item-737\"><a href=\"https:\/\/www.undar.edu.pe\/index.php\/universidad-licenciamiento\/\" class=\"elementor-sub-item\">Licenciamiento<\/a><\/li>\n\t<li class=\"menu-item menu-item-type-custom menu-item-object-custom menu-item-35326\"><a href=\"https:\/\/www.undar.edu.pe\/index.php\/directorio-institucional-organos-de-alta-direccion\/\" class=\"elementor-sub-item\">Directorio institucional<\/a><\/li>\n<\/ul>\n<\/li>\n<li class=\"menu-item menu-item-type-custom menu-item-object-custom menu-item-has-children menu-item-425\"><a href=\"#\" class=\"elementor-item elementor-item-anchor\">FACULTADES<\/a>\n<ul class=\"sub-menu elementor-nav-menu--dropdown\">\n\t<li class=\"menu-item menu-item-type-custom menu-item-object-custom menu-item-740\"><a href=\"https:\/\/www.undar.edu.pe\/index.php\/facultad-de-musica\/\" class=\"elementor-sub-item\">Facultad de M\u00fasica<\/a><\/li>\n\t<li class=\"menu-item menu-item-type-custom menu-item-object-custom menu-item-741\"><a href=\"https:\/\/www.undar.edu.pe\/index.php\/facultad-de-educacion-musical-y-artes\" class=\"elementor-sub-item\">Facultad de Educaci\u00f3n Musical y Artes<\/a><\/li>\n<\/ul>\n<\/li>\n<li class=\"menu-item menu-item-type-custom menu-item-object-custom menu-item-426\"><a href=\"https:\/\/admision.undar.edu.pe\/\" class=\"elementor-item\">ADMISI\u00d3N<\/a><\/li>\n<li class=\"menu-item menu-item-type-custom menu-item-object-custom menu-item-has-children menu-item-427\"><a href=\"#\" class=\"elementor-item elementor-item-anchor\">ACAD\u00c9MICO<\/a>\n<ul class=\"sub-menu elementor-nav-menu--dropdown\">\n\t<li class=\"menu-item menu-item-type-custom menu-item-object-custom menu-item-971\"><a href=\"https:\/\/www.undar.edu.pe\/index.php\/academico-direccion-de-servicios-academicos-inicio\" class=\"elementor-sub-item\">Direcci\u00f3n de Servicios Acad\u00e9micos<\/a><\/li>\n\t<li class=\"menu-item menu-item-type-custom menu-item-object-custom menu-item-982\"><a href=\"https:\/\/www.undar.edu.pe\/index.php\/academico-direccion-de-bienestar-universitario-inicio\" class=\"elementor-sub-item\">Direcci\u00f3n de Bienestar Universitario<\/a><\/li>\n\t<li class=\"menu-item menu-item-type-custom menu-item-object-custom menu-item-747\"><a href=\"https:\/\/www.undar.edu.pe\/index.php\/academico-direccion-de-responsabilidad-social-universitaria-y-extension-cultural-inicio\/\" class=\"elementor-sub-item\">Direcci\u00f3n de Responsabilidad Social Universitaria y Extensi\u00f3n Cultural<\/a><\/li>\n<\/ul>\n<\/li>\n<li class=\"menu-item menu-item-type-custom menu-item-object-custom menu-item-has-children menu-item-428\"><a href=\"#\" class=\"elementor-item elementor-item-anchor\">INVESTIGACI\u00d3N<\/a>\n<ul class=\"sub-menu elementor-nav-menu--dropdown\">\n\t<li class=\"menu-item menu-item-type-custom menu-item-object-custom menu-item-56439\"><a target=\"_blank\" href=\"https:\/\/ciiam.undar.edu.pe\/\" class=\"elementor-sub-item\">Congreso CIIAM<\/a><\/li>\n\t<li class=\"menu-item menu-item-type-custom menu-item-object-custom menu-item-has-children menu-item-24869\"><a href=\"https:\/\/www.undar.edu.pe\/index.php\/investigacion-vicepresidencia-de-investigacion-inicio\" class=\"elementor-sub-item\">Vicepresidencia de Investigaci\u00f3n<\/a>\n\t<ul class=\"sub-menu elementor-nav-menu--dropdown\">\n\t\t<li class=\"menu-item menu-item-type-custom menu-item-object-custom menu-item-54639\"><a href=\"https:\/\/www.undar.edu.pe\/index.php\/iv-concurso-de-proyectos-de-investigacion\/\" class=\"elementor-sub-item\">Concurso de proyectos de investigaci\u00f3n<\/a><\/li>\n\t\t<li class=\"menu-item menu-item-type-custom menu-item-object-custom menu-item-62058\"><a href=\"https:\/\/www.undar.edu.pe\/index.php\/convocatoria-docente-investigador-undar-2025\" class=\"elementor-sub-item\">Convocatoria Docente Investigador UNDAR<\/a><\/li>\n\t<\/ul>\n<\/li>\n\t<li class=\"menu-item menu-item-type-post_type menu-item-object-page menu-item-52571\"><a href=\"http:\/\/www.undar.edu.pe\/index.php\/investigacion-vicepresidencia-de-investigacion-instituto-de-investigacion\/\" class=\"elementor-sub-item\">Instituto de Investigaci\u00f3n<\/a><\/li>\n\t<li class=\"menu-item menu-item-type-post_type menu-item-object-page menu-item-52577\"><a href=\"http:\/\/www.undar.edu.pe\/index.php\/investigacion-vicepresidencia-de-investigacion-direccion-de-innovacion-y-transferencia-tecnologica\/\" class=\"elementor-sub-item\">Direcci\u00f3n  de Innovaci\u00f3n y Transferencia Tecnol\u00f3gica<\/a><\/li>\n\t<li class=\"menu-item menu-item-type-post_type menu-item-object-page menu-item-52586\"><a href=\"http:\/\/www.undar.edu.pe\/index.php\/investigacion-vicepresidencia-de-investigacion-direccion-de-incubadora-de-empresas\/\" class=\"elementor-sub-item\">Direcci\u00f3n de Incubadora de Empresas<\/a><\/li>\n\t<li class=\"menu-item menu-item-type-post_type menu-item-object-page menu-item-52594\"><a href=\"http:\/\/www.undar.edu.pe\/index.php\/investigacion-vicepresidencia-de-investigacion-direccion-de-produccion-de-bienes-y-servicios\/\" class=\"elementor-sub-item\">Direcci\u00f3n de Producci\u00f3n de Bienes y Servicios<\/a><\/li>\n\t<li class=\"menu-item menu-item-type-custom menu-item-object-custom menu-item-62982\"><a href=\"https:\/\/despegamusic.undar.edu.pe\/\" class=\"elementor-sub-item\">Despega Music 2.0<\/a><\/li>\n<\/ul>\n<\/li>\n<li class=\"menu-item menu-item-type-custom menu-item-object-custom menu-item-has-children menu-item-35316\"><a href=\"#\" class=\"elementor-item elementor-item-anchor\">PUBLICACIONES<\/a>\n<ul class=\"sub-menu elementor-nav-menu--dropdown\">\n\t<li class=\"menu-item menu-item-type-custom menu-item-object-custom menu-item-35317\"><a href=\"https:\/\/revistas.undar.edu.pe\/index.php\/rodolfoholzmann\" class=\"elementor-sub-item\">Revistas Rodolfo Holzmann<\/a><\/li>\n\t<li class=\"menu-item menu-item-type-custom menu-item-object-custom menu-item-56163\"><a href=\"https:\/\/revistas.undar.edu.pe\/index.php\/rodolfoholzmann\/information\/authors\" class=\"elementor-sub-item\">Convocatoria para autores<\/a><\/li>\n\t<li class=\"menu-item menu-item-type-custom menu-item-object-custom menu-item-63598\"><a target=\"_blank\" href=\"https:\/\/glosariovpi.undar.edu.pe\/\" class=\"elementor-sub-item\">Glosario de Terminos I+ D + i<\/a><\/li>\n<\/ul>\n<\/li>\n<li class=\"menu-item menu-item-type-custom menu-item-object-custom menu-item-has-children menu-item-35320\"><a href=\"#\" class=\"elementor-item elementor-item-anchor\">TRANSPARENCIA<\/a>\n<ul class=\"sub-menu elementor-nav-menu--dropdown\">\n\t<li class=\"menu-item menu-item-type-custom menu-item-object-custom menu-item-35321\"><a href=\"https:\/\/www.undar.edu.pe\/index.php\/transparencia-transparencia-universitaria-acceso-a-la-informacion-publica\/\" class=\"elementor-sub-item\">Acceso a la informaci\u00f3n p\u00fablica<\/a><\/li>\n\t<li class=\"menu-item menu-item-type-custom menu-item-object-custom menu-item-35322\"><a href=\"http:\/\/www.undar.edu.pe\/index.php\/transparencia-transparencia-universitaria-2\/\" class=\"elementor-sub-item\">Transparencia universitaria<\/a><\/li>\n\t<li class=\"menu-item menu-item-type-custom menu-item-object-custom menu-item-35323\"><a target=\"_blank\" href=\"http:\/\/transparenciaestandar.undar.edu.pe\/\" class=\"elementor-sub-item\">Transparencia est\u00e1ndar<\/a><\/li>\n<\/ul>\n<\/li>\n<li class=\"menu-item menu-item-type-custom menu-item-object-custom menu-item-has-children menu-item-35325\"><a href=\"#\" class=\"elementor-item elementor-item-anchor\">M\u00c1S<\/a>\n<ul class=\"sub-menu elementor-nav-menu--dropdown\">\n\t<li class=\"menu-item menu-item-type-custom menu-item-object-custom menu-item-35324\"><a href=\"http:\/\/www.undar.edu.pe\/index.php\/convocatorias\/\" class=\"elementor-sub-item\">Convocatorias<\/a><\/li>\n\t<li class=\"menu-item menu-item-type-custom menu-item-object-custom menu-item-36984\"><a target=\"_blank\" href=\"https:\/\/empresa.undar.edu.pe\" class=\"elementor-sub-item\">Bolsa de Trabajo<\/a><\/li>\n\t<li class=\"menu-item menu-item-type-custom menu-item-object-custom menu-item-35327\"><a href=\"https:\/\/www.undar.edu.pe\/index.php\/sistema-de-control-interno-2023\/\" class=\"elementor-sub-item\">Sistema de Control Interno<\/a><\/li>\n\t<li class=\"menu-item menu-item-type-custom menu-item-object-custom menu-item-35328\"><a href=\"https:\/\/reclamos.servicios.gob.pe\/?institution_id=312\" class=\"elementor-sub-item\">Libro de reclamaciones<\/a><\/li>\n\t<li class=\"menu-item menu-item-type-post_type menu-item-object-page menu-item-64562\"><a href=\"http:\/\/www.undar.edu.pe\/index.php\/universidad-instituto-superior-de-musica-daniel-alomia-robles-beca-2026\/\" class=\"elementor-sub-item\">INSTITUTO SUPERIOR DE M\u00daSICA DANIEL ALOMIA ROBLES<\/a><\/li>\n<\/ul>\n<\/li>\n<\/ul>\t\t\t<\/nav>\n\t\t\t\t\t<div class=\"elementor-menu-toggle\" role=\"button\" tabindex=\"0\" aria-label=\"Alternar men\u00fa\" aria-expanded=\"false\">\n\t\t\t<i aria-hidden=\"true\" role=\"presentation\" class=\"elementor-menu-toggle__icon--open eicon-menu-bar\"><\/i><i aria-hidden=\"true\" role=\"presentation\" class=\"elementor-menu-toggle__icon--close eicon-close\"><\/i>\t\t\t<span class=\"elementor-screen-only\">Men\u00fa<\/span>\n\t\t<\/div>\n\t\t\t\t\t<nav class=\"elementor-nav-menu--dropdown elementor-nav-menu__container\" aria-hidden=\"true\">\n\t\t\t\t<ul id=\"menu-2-e045c47\" class=\"elementor-nav-menu\"><li class=\"menu-item menu-item-type-custom menu-item-object-custom menu-item-has-children menu-item-424\"><a href=\"#\" class=\"elementor-item elementor-item-anchor\" tabindex=\"-1\">LA UNIVERSIDAD<\/a>\n<ul class=\"sub-menu elementor-nav-menu--dropdown\">\n\t<li class=\"menu-item menu-item-type-custom menu-item-object-custom menu-item-735\"><a href=\"https:\/\/www.undar.edu.pe\/index.php\/universidad-resenia-historica\" class=\"elementor-sub-item\" tabindex=\"-1\">Rese\u00f1a hist\u00f3rica<\/a><\/li>\n\t<li class=\"menu-item menu-item-type-custom menu-item-object-custom menu-item-739\"><a href=\"https:\/\/www.undar.edu.pe\/index.php\/universidad-mision-y-valores\/\" class=\"elementor-sub-item\" tabindex=\"-1\">Misi\u00f3n y valores<\/a><\/li>\n\t<li class=\"menu-item menu-item-type-custom menu-item-object-custom menu-item-736\"><a href=\"https:\/\/www.undar.edu.pe\/index.php\/universidad-comision-organizadora\/\" class=\"elementor-sub-item\" tabindex=\"-1\">Comisi\u00f3n Organizadora<\/a><\/li>\n\t<li class=\"menu-item menu-item-type-custom menu-item-object-custom menu-item-977\"><a href=\"https:\/\/www.undar.edu.pe\/index.php\/universidad-plana-docente\" class=\"elementor-sub-item\" tabindex=\"-1\">Plana docente<\/a><\/li>\n\t<li class=\"menu-item menu-item-type-post_type menu-item-object-page menu-item-63784\"><a href=\"http:\/\/www.undar.edu.pe\/index.php\/defensoria-universitaria-v-2\/\" class=\"elementor-sub-item\" tabindex=\"-1\">Defensor\u00eda Universitaria<\/a><\/li>\n\t<li class=\"menu-item menu-item-type-post_type menu-item-object-page menu-item-64463\"><a href=\"http:\/\/www.undar.edu.pe\/index.php\/integridad-institucional\/\" class=\"elementor-sub-item\" tabindex=\"-1\">Integridad Institucional<\/a><\/li>\n\t<li class=\"menu-item menu-item-type-custom menu-item-object-custom menu-item-52319\"><a target=\"_blank\" href=\"http:\/\/www.undar.edu.pe\/wp-content\/uploads\/2025\/03\/ORGANIGRAMA-UNDARA3-2.pdf\" class=\"elementor-sub-item\" tabindex=\"-1\">Organigrama<\/a><\/li>\n\t<li class=\"menu-item menu-item-type-custom menu-item-object-custom menu-item-737\"><a href=\"https:\/\/www.undar.edu.pe\/index.php\/universidad-licenciamiento\/\" class=\"elementor-sub-item\" tabindex=\"-1\">Licenciamiento<\/a><\/li>\n\t<li class=\"menu-item menu-item-type-custom menu-item-object-custom menu-item-35326\"><a href=\"https:\/\/www.undar.edu.pe\/index.php\/directorio-institucional-organos-de-alta-direccion\/\" class=\"elementor-sub-item\" tabindex=\"-1\">Directorio institucional<\/a><\/li>\n<\/ul>\n<\/li>\n<li class=\"menu-item menu-item-type-custom menu-item-object-custom menu-item-has-children menu-item-425\"><a href=\"#\" class=\"elementor-item elementor-item-anchor\" tabindex=\"-1\">FACULTADES<\/a>\n<ul class=\"sub-menu elementor-nav-menu--dropdown\">\n\t<li class=\"menu-item menu-item-type-custom menu-item-object-custom menu-item-740\"><a href=\"https:\/\/www.undar.edu.pe\/index.php\/facultad-de-musica\/\" class=\"elementor-sub-item\" tabindex=\"-1\">Facultad de M\u00fasica<\/a><\/li>\n\t<li class=\"menu-item menu-item-type-custom menu-item-object-custom menu-item-741\"><a href=\"https:\/\/www.undar.edu.pe\/index.php\/facultad-de-educacion-musical-y-artes\" class=\"elementor-sub-item\" tabindex=\"-1\">Facultad de Educaci\u00f3n Musical y Artes<\/a><\/li>\n<\/ul>\n<\/li>\n<li class=\"menu-item menu-item-type-custom menu-item-object-custom menu-item-426\"><a href=\"https:\/\/admision.undar.edu.pe\/\" class=\"elementor-item\" tabindex=\"-1\">ADMISI\u00d3N<\/a><\/li>\n<li class=\"menu-item menu-item-type-custom menu-item-object-custom menu-item-has-children menu-item-427\"><a href=\"#\" class=\"elementor-item elementor-item-anchor\" tabindex=\"-1\">ACAD\u00c9MICO<\/a>\n<ul class=\"sub-menu elementor-nav-menu--dropdown\">\n\t<li class=\"menu-item menu-item-type-custom menu-item-object-custom menu-item-971\"><a href=\"https:\/\/www.undar.edu.pe\/index.php\/academico-direccion-de-servicios-academicos-inicio\" class=\"elementor-sub-item\" tabindex=\"-1\">Direcci\u00f3n de Servicios Acad\u00e9micos<\/a><\/li>\n\t<li class=\"menu-item menu-item-type-custom menu-item-object-custom menu-item-982\"><a href=\"https:\/\/www.undar.edu.pe\/index.php\/academico-direccion-de-bienestar-universitario-inicio\" class=\"elementor-sub-item\" tabindex=\"-1\">Direcci\u00f3n de Bienestar Universitario<\/a><\/li>\n\t<li class=\"menu-item menu-item-type-custom menu-item-object-custom menu-item-747\"><a href=\"https:\/\/www.undar.edu.pe\/index.php\/academico-direccion-de-responsabilidad-social-universitaria-y-extension-cultural-inicio\/\" class=\"elementor-sub-item\" tabindex=\"-1\">Direcci\u00f3n de Responsabilidad Social Universitaria y Extensi\u00f3n Cultural<\/a><\/li>\n<\/ul>\n<\/li>\n<li class=\"menu-item menu-item-type-custom menu-item-object-custom menu-item-has-children menu-item-428\"><a href=\"#\" class=\"elementor-item elementor-item-anchor\" tabindex=\"-1\">INVESTIGACI\u00d3N<\/a>\n<ul class=\"sub-menu elementor-nav-menu--dropdown\">\n\t<li class=\"menu-item menu-item-type-custom menu-item-object-custom menu-item-56439\"><a target=\"_blank\" href=\"https:\/\/ciiam.undar.edu.pe\/\" class=\"elementor-sub-item\" tabindex=\"-1\">Congreso CIIAM<\/a><\/li>\n\t<li class=\"menu-item menu-item-type-custom menu-item-object-custom menu-item-has-children menu-item-24869\"><a href=\"https:\/\/www.undar.edu.pe\/index.php\/investigacion-vicepresidencia-de-investigacion-inicio\" class=\"elementor-sub-item\" tabindex=\"-1\">Vicepresidencia de Investigaci\u00f3n<\/a>\n\t<ul class=\"sub-menu elementor-nav-menu--dropdown\">\n\t\t<li class=\"menu-item menu-item-type-custom menu-item-object-custom menu-item-54639\"><a href=\"https:\/\/www.undar.edu.pe\/index.php\/iv-concurso-de-proyectos-de-investigacion\/\" class=\"elementor-sub-item\" tabindex=\"-1\">Concurso de proyectos de investigaci\u00f3n<\/a><\/li>\n\t\t<li class=\"menu-item menu-item-type-custom menu-item-object-custom menu-item-62058\"><a href=\"https:\/\/www.undar.edu.pe\/index.php\/convocatoria-docente-investigador-undar-2025\" class=\"elementor-sub-item\" tabindex=\"-1\">Convocatoria Docente Investigador UNDAR<\/a><\/li>\n\t<\/ul>\n<\/li>\n\t<li class=\"menu-item menu-item-type-post_type menu-item-object-page menu-item-52571\"><a href=\"http:\/\/www.undar.edu.pe\/index.php\/investigacion-vicepresidencia-de-investigacion-instituto-de-investigacion\/\" class=\"elementor-sub-item\" tabindex=\"-1\">Instituto de Investigaci\u00f3n<\/a><\/li>\n\t<li class=\"menu-item menu-item-type-post_type menu-item-object-page menu-item-52577\"><a href=\"http:\/\/www.undar.edu.pe\/index.php\/investigacion-vicepresidencia-de-investigacion-direccion-de-innovacion-y-transferencia-tecnologica\/\" class=\"elementor-sub-item\" tabindex=\"-1\">Direcci\u00f3n  de Innovaci\u00f3n y Transferencia Tecnol\u00f3gica<\/a><\/li>\n\t<li class=\"menu-item menu-item-type-post_type menu-item-object-page menu-item-52586\"><a href=\"http:\/\/www.undar.edu.pe\/index.php\/investigacion-vicepresidencia-de-investigacion-direccion-de-incubadora-de-empresas\/\" class=\"elementor-sub-item\" tabindex=\"-1\">Direcci\u00f3n de Incubadora de Empresas<\/a><\/li>\n\t<li class=\"menu-item menu-item-type-post_type menu-item-object-page menu-item-52594\"><a href=\"http:\/\/www.undar.edu.pe\/index.php\/investigacion-vicepresidencia-de-investigacion-direccion-de-produccion-de-bienes-y-servicios\/\" class=\"elementor-sub-item\" tabindex=\"-1\">Direcci\u00f3n de Producci\u00f3n de Bienes y Servicios<\/a><\/li>\n\t<li class=\"menu-item menu-item-type-custom menu-item-object-custom menu-item-62982\"><a href=\"https:\/\/despegamusic.undar.edu.pe\/\" class=\"elementor-sub-item\" tabindex=\"-1\">Despega Music 2.0<\/a><\/li>\n<\/ul>\n<\/li>\n<li class=\"menu-item menu-item-type-custom menu-item-object-custom menu-item-has-children menu-item-35316\"><a href=\"#\" class=\"elementor-item elementor-item-anchor\" tabindex=\"-1\">PUBLICACIONES<\/a>\n<ul class=\"sub-menu elementor-nav-menu--dropdown\">\n\t<li class=\"menu-item menu-item-type-custom menu-item-object-custom menu-item-35317\"><a href=\"https:\/\/revistas.undar.edu.pe\/index.php\/rodolfoholzmann\" class=\"elementor-sub-item\" tabindex=\"-1\">Revistas Rodolfo Holzmann<\/a><\/li>\n\t<li class=\"menu-item menu-item-type-custom menu-item-object-custom menu-item-56163\"><a href=\"https:\/\/revistas.undar.edu.pe\/index.php\/rodolfoholzmann\/information\/authors\" class=\"elementor-sub-item\" tabindex=\"-1\">Convocatoria para autores<\/a><\/li>\n\t<li class=\"menu-item menu-item-type-custom menu-item-object-custom menu-item-63598\"><a target=\"_blank\" href=\"https:\/\/glosariovpi.undar.edu.pe\/\" class=\"elementor-sub-item\" tabindex=\"-1\">Glosario de Terminos I+ D + i<\/a><\/li>\n<\/ul>\n<\/li>\n<li class=\"menu-item menu-item-type-custom menu-item-object-custom menu-item-has-children menu-item-35320\"><a href=\"#\" class=\"elementor-item elementor-item-anchor\" tabindex=\"-1\">TRANSPARENCIA<\/a>\n<ul class=\"sub-menu elementor-nav-menu--dropdown\">\n\t<li class=\"menu-item menu-item-type-custom menu-item-object-custom menu-item-35321\"><a href=\"https:\/\/www.undar.edu.pe\/index.php\/transparencia-transparencia-universitaria-acceso-a-la-informacion-publica\/\" class=\"elementor-sub-item\" tabindex=\"-1\">Acceso a la informaci\u00f3n p\u00fablica<\/a><\/li>\n\t<li class=\"menu-item menu-item-type-custom menu-item-object-custom menu-item-35322\"><a href=\"http:\/\/www.undar.edu.pe\/index.php\/transparencia-transparencia-universitaria-2\/\" class=\"elementor-sub-item\" tabindex=\"-1\">Transparencia universitaria<\/a><\/li>\n\t<li class=\"menu-item menu-item-type-custom menu-item-object-custom menu-item-35323\"><a target=\"_blank\" href=\"http:\/\/transparenciaestandar.undar.edu.pe\/\" class=\"elementor-sub-item\" tabindex=\"-1\">Transparencia est\u00e1ndar<\/a><\/li>\n<\/ul>\n<\/li>\n<li class=\"menu-item menu-item-type-custom menu-item-object-custom menu-item-has-children menu-item-35325\"><a href=\"#\" class=\"elementor-item elementor-item-anchor\" tabindex=\"-1\">M\u00c1S<\/a>\n<ul class=\"sub-menu elementor-nav-menu--dropdown\">\n\t<li class=\"menu-item menu-item-type-custom menu-item-object-custom menu-item-35324\"><a href=\"http:\/\/www.undar.edu.pe\/index.php\/convocatorias\/\" class=\"elementor-sub-item\" tabindex=\"-1\">Convocatorias<\/a><\/li>\n\t<li class=\"menu-item menu-item-type-custom menu-item-object-custom menu-item-36984\"><a target=\"_blank\" href=\"https:\/\/empresa.undar.edu.pe\" class=\"elementor-sub-item\" tabindex=\"-1\">Bolsa de Trabajo<\/a><\/li>\n\t<li class=\"menu-item menu-item-type-custom menu-item-object-custom menu-item-35327\"><a href=\"https:\/\/www.undar.edu.pe\/index.php\/sistema-de-control-interno-2023\/\" class=\"elementor-sub-item\" tabindex=\"-1\">Sistema de Control Interno<\/a><\/li>\n\t<li class=\"menu-item menu-item-type-custom menu-item-object-custom menu-item-35328\"><a href=\"https:\/\/reclamos.servicios.gob.pe\/?institution_id=312\" class=\"elementor-sub-item\" tabindex=\"-1\">Libro de reclamaciones<\/a><\/li>\n\t<li class=\"menu-item menu-item-type-post_type menu-item-object-page menu-item-64562\"><a href=\"http:\/\/www.undar.edu.pe\/index.php\/universidad-instituto-superior-de-musica-daniel-alomia-robles-beca-2026\/\" class=\"elementor-sub-item\" tabindex=\"-1\">INSTITUTO SUPERIOR DE M\u00daSICA DANIEL ALOMIA ROBLES<\/a><\/li>\n<\/ul>\n<\/li>\n<\/ul>\t\t\t<\/nav>\n\t\t\t\t<\/div>\n\t\t\t\t<\/div>\n\t\t\t\t\t<\/div>\n\t\t<\/div>\n\t\t\t\t\t<\/div>\n\t\t<\/section>\n\t\t\t\t<section class=\"elementor-section elementor-top-section elementor-element elementor-element-18871c0f elementor-section-boxed elementor-section-height-default elementor-section-height-default\" data-id=\"18871c0f\" data-element_type=\"section\">\n\t\t\t\t\t\t<div class=\"elementor-container elementor-column-gap-default\">\n\t\t\t\t\t<div class=\"elementor-column elementor-col-100 elementor-top-column elementor-element elementor-element-40331c9a\" data-id=\"40331c9a\" data-element_type=\"column\">\n\t\t\t<div class=\"elementor-widget-wrap elementor-element-populated\">\n\t\t\t\t\t\t<div class=\"elementor-element elementor-element-afab122 elementor-widget elementor-widget-heading\" data-id=\"afab122\" data-element_type=\"widget\" data-widget_type=\"heading.default\">\n\t\t\t\t<div class=\"elementor-widget-container\">\n\t\t\t<h4 class=\"elementor-heading-title elementor-size-default\">CON \u00c9XITO SE DESARROLLA EL TALLER DE SAXOF\u00d3N CL\u00c1SICO, POPULAR Y LUTHER\u00cdA<\/h4>\t\t<\/div>\n\t\t\t\t<\/div>\n\t\t\t\t<div class=\"elementor-element elementor-element-4664c16 elementor-widget elementor-widget-image\" data-id=\"4664c16\" data-element_type=\"widget\" data-widget_type=\"image.default\">\n\t\t\t\t<div class=\"elementor-widget-container\">\n\t\t\t\t\t\t\t\t\t\t\t\t\t<img fetchpriority=\"high\" decoding=\"async\" width=\"580\" height=\"385\" src=\"http:\/\/www.undar.edu.pe\/wp-content\/uploads\/2022\/11\/TALLER-DE-SAXOFO\u0301N.gif\" class=\"attachment-medium_large size-medium_large wp-image-31043\" alt=\"\" \/>\t\t\t\t\t\t\t\t\t\t\t\t\t<\/div>\n\t\t\t\t<\/div>\n\t\t\t\t<div class=\"elementor-element elementor-element-35352b80 elementor-widget elementor-widget-text-editor\" data-id=\"35352b80\" data-element_type=\"widget\" data-widget_type=\"text-editor.default\">\n\t\t\t\t<div class=\"elementor-widget-container\">\n\t\t\t\t\t\t\t<p><span style=\"font-size: 1rem; color: #343434;\">En el marco de las celebraciones por el D\u00eda de Santa Cecilia, patrona de los m\u00fasicos y poetas, la Universidad Nacional Daniel Alom\u00eda Robles, a trav\u00e9s de la Vicepresidencia Acad\u00e9mica, viene desarrollando el \u201cTaller de Saxof\u00f3n Cl\u00e1sico, Popular y Luther\u00eda 2022\u201d, coordinado por el profesor Silverio Leonardo Jorge Julca y dirigido a todo el p\u00fablico en general.<\/span><\/p><p><span style=\"font-size: 1rem; color: #343434;\"><em>Se busca tener presencia en la sociedad, el objetivo es llegar a formar y perfeccionar, a trav\u00e9s de talleres, a todos los que aman la m\u00fasica, por tal motivo la universidad est\u00e1 a la vanguardia de la ense\u00f1anza y, que mejor en estas fechas, rindiendo homenaje a Santa Cecilia<\/em>. Acot\u00f3 la Dra. Elena Rafaela Benavides Rivera, presidenta(e) de la Comisi\u00f3n Organizadora, quien fue la encargada de dar las palabras de bienvenida.<\/span><\/p><p><span style=\"font-size: 1rem; color: #343434;\">El taller se desarrollar\u00e1 desde el martes 15 hasta el mi\u00e9rcoles 16 del presente, de las 8:00 a las 18:30 horas en el local central de la casa superior de estudios, culminando con dos conciertos que se llevar\u00e1n a cabo en el auditorio de la sede institucional y en la Plaza de Armas de Hu\u00e1nuco, desde las 18:00 hasta las 21:00 horas aproximadamente.<\/span><\/p><p><span style=\"font-size: 1rem; color: #343434;\">La ceremonia de inauguraci\u00f3n se realiz\u00f3 desde las 8:00 horas, contando con la participaci\u00f3n del Dr. Roberto C\u00e1rdenas Viviano, director de la E. P. de Educaci\u00f3n Musical y Artes; el Mgtr. Goyo de la Cruz Miraval, director de Servicios Acad\u00e9micos; y Pablo Ladera L\u00f3pez, docente de la Universidad Nacional de M\u00fasica, ex Conservatorio Nacional de M\u00fasica.<\/span><\/p><p><span style=\"font-size: 1rem; color: #343434;\">Dentro de las actividades por el D\u00eda del M\u00fasico, se tiene programado un concierto de gala, que se desarrollar\u00e1 en el auditorio de la casa superior de estudios, el lunes 21 desde las 19:00 horas y una ceremonia central que se desarrollar\u00e1 el martes 22 del presente, desde las 9:00 horas.<\/span><\/p><div><p><!-- \/wp:paragraph --><\/p><\/div>\t\t\t\t\t\t<\/div>\n\t\t\t\t<\/div>\n\t\t\t\t<div class=\"elementor-element elementor-element-f83af45 elementor-share-buttons--view-icon elementor-share-buttons--skin-minimal elementor-share-buttons--shape-circle elementor-share-buttons--align-center elementor-grid-0 elementor-share-buttons--color-official elementor-widget elementor-widget-share-buttons\" data-id=\"f83af45\" data-element_type=\"widget\" data-widget_type=\"share-buttons.default\">\n\t\t\t\t<div class=\"elementor-widget-container\">\n\t\t\t\t\t<div class=\"elementor-grid\">\n\t\t\t\t\t\t\t\t<div class=\"elementor-grid-item\">\n\t\t\t\t\t\t<div\n\t\t\t\t\t\t\tclass=\"elementor-share-btn elementor-share-btn_facebook\"\n\t\t\t\t\t\t\trole=\"button\"\n\t\t\t\t\t\t\ttabindex=\"0\"\n\t\t\t\t\t\t\taria-label=\"Compartir en facebook\"\n\t\t\t\t\t\t>\n\t\t\t\t\t\t\t\t\t\t\t\t\t\t\t<span class=\"elementor-share-btn__icon\">\n\t\t\t\t\t\t\t\t<i class=\"fab fa-facebook\" aria-hidden=\"true\"><\/i>\t\t\t\t\t\t\t<\/span>\n\t\t\t\t\t\t\t\t\t\t\t\t\t\t\t\t\t\t\t\t<\/div>\n\t\t\t\t\t<\/div>\n\t\t\t\t\t\t\t\t\t<div class=\"elementor-grid-item\">\n\t\t\t\t\t\t<div\n\t\t\t\t\t\t\tclass=\"elementor-share-btn elementor-share-btn_twitter\"\n\t\t\t\t\t\t\trole=\"button\"\n\t\t\t\t\t\t\ttabindex=\"0\"\n\t\t\t\t\t\t\taria-label=\"Compartir en twitter\"\n\t\t\t\t\t\t>\n\t\t\t\t\t\t\t\t\t\t\t\t\t\t\t<span class=\"elementor-share-btn__icon\">\n\t\t\t\t\t\t\t\t<i class=\"fab fa-twitter\" aria-hidden=\"true\"><\/i>\t\t\t\t\t\t\t<\/span>\n\t\t\t\t\t\t\t\t\t\t\t\t\t\t\t\t\t\t\t\t<\/div>\n\t\t\t\t\t<\/div>\n\t\t\t\t\t\t\t\t\t<div class=\"elementor-grid-item\">\n\t\t\t\t\t\t<div\n\t\t\t\t\t\t\tclass=\"elementor-share-btn elementor-share-btn_linkedin\"\n\t\t\t\t\t\t\trole=\"button\"\n\t\t\t\t\t\t\ttabindex=\"0\"\n\t\t\t\t\t\t\taria-label=\"Compartir en linkedin\"\n\t\t\t\t\t\t>\n\t\t\t\t\t\t\t\t\t\t\t\t\t\t\t<span class=\"elementor-share-btn__icon\">\n\t\t\t\t\t\t\t\t<i class=\"fab fa-linkedin\" aria-hidden=\"true\"><\/i>\t\t\t\t\t\t\t<\/span>\n\t\t\t\t\t\t\t\t\t\t\t\t\t\t\t\t\t\t\t\t<\/div>\n\t\t\t\t\t<\/div>\n\t\t\t\t\t\t<\/div>\n\t\t\t\t<\/div>\n\t\t\t\t<\/div>\n\t\t\t\t<section class=\"elementor-section elementor-inner-section elementor-element elementor-element-4bfc828 elementor-section-boxed elementor-section-height-default elementor-section-height-default\" data-id=\"4bfc828\" data-element_type=\"section\">\n\t\t\t\t\t\t<div class=\"elementor-container elementor-column-gap-default\">\n\t\t\t\t\t<div class=\"elementor-column elementor-col-33 elementor-inner-column elementor-element elementor-element-231c783\" data-id=\"231c783\" data-element_type=\"column\">\n\t\t\t<div class=\"elementor-widget-wrap elementor-element-populated\">\n\t\t\t\t\t\t<div class=\"elementor-element elementor-element-2845b88 elementor-align-justify elementor-widget__width-inherit elementor-widget elementor-widget-button\" data-id=\"2845b88\" data-element_type=\"widget\" data-widget_type=\"button.default\">\n\t\t\t\t<div class=\"elementor-widget-container\">\n\t\t\t\t\t\t\t<div class=\"elementor-button-wrapper\">\n\t\t\t\t\t<a class=\"elementor-button elementor-button-link elementor-size-md\" href=\"https:\/\/www.undar.edu.pe\/index.php\/2022\/11\/14\/undar-dio-inicio-al-campeonato-deportivo-por-el-dia-del-musico\/\">\n\t\t\t\t\t\t<span class=\"elementor-button-content-wrapper\">\n\t\t\t\t\t\t<span class=\"elementor-button-icon\">\n\t\t\t\t<i aria-hidden=\"true\" class=\"fas fa-arrow-left\"><\/i>\t\t\t<\/span>\n\t\t\t\t\t\t\t\t\t<span class=\"elementor-button-text\">ATR\u00c1S<\/span>\n\t\t\t\t\t<\/span>\n\t\t\t\t\t<\/a>\n\t\t\t\t<\/div>\n\t\t\t\t\t\t<\/div>\n\t\t\t\t<\/div>\n\t\t\t\t\t<\/div>\n\t\t<\/div>\n\t\t\t\t<div class=\"elementor-column elementor-col-33 elementor-inner-column elementor-element elementor-element-4d23888\" data-id=\"4d23888\" data-element_type=\"column\">\n\t\t\t<div class=\"elementor-widget-wrap\">\n\t\t\t\t\t\t\t<\/div>\n\t\t<\/div>\n\t\t\t\t<div class=\"elementor-column elementor-col-33 elementor-inner-column elementor-element elementor-element-ea4fe31\" data-id=\"ea4fe31\" data-element_type=\"column\">\n\t\t\t<div class=\"elementor-widget-wrap elementor-element-populated\">\n\t\t\t\t\t\t<div class=\"elementor-element elementor-element-4e9bafd elementor-align-justify elementor-widget__width-inherit elementor-widget elementor-widget-button\" data-id=\"4e9bafd\" data-element_type=\"widget\" data-widget_type=\"button.default\">\n\t\t\t\t<div class=\"elementor-widget-container\">\n\t\t\t\t\t\t\t<div class=\"elementor-button-wrapper\">\n\t\t\t\t\t<a class=\"elementor-button elementor-button-link elementor-size-md\" href=\"https:\/\/www.undar.edu.pe\/index.php\/2022\/11\/18\/con-exito-culmino-el-taller-de-saxofon-clasico-popular-y-lutheria-de-la-undar\/\">\n\t\t\t\t\t\t<span class=\"elementor-button-content-wrapper\">\n\t\t\t\t\t\t<span class=\"elementor-button-icon\">\n\t\t\t\t<i aria-hidden=\"true\" class=\"fas fa-arrow-right\"><\/i>\t\t\t<\/span>\n\t\t\t\t\t\t\t\t\t<span class=\"elementor-button-text\">SIGUIENTE<\/span>\n\t\t\t\t\t<\/span>\n\t\t\t\t\t<\/a>\n\t\t\t\t<\/div>\n\t\t\t\t\t\t<\/div>\n\t\t\t\t<\/div>\n\t\t\t\t\t<\/div>\n\t\t<\/div>\n\t\t\t\t\t<\/div>\n\t\t<\/section>\n\t\t\t\t<div class=\"elementor-element elementor-element-aa8fe31 elementor-widget elementor-widget-text-editor\" data-id=\"aa8fe31\" data-element_type=\"widget\" data-widget_type=\"text-editor.default\">\n\t\t\t\t<div class=\"elementor-widget-container\">\n\t\t\t\t\t\t\t<p><span style=\"color: #4b4f58; font-size: 15px;\"><button id=\"listenButton1\" class=\"responsivevoice-button\" type=\"button\" value=\"Play\" title=\"ResponsiveVoice Tap to Start\/Stop Speech\"><span>&#128266; Listen to this<\/span><\/button>\n        <script>\n            listenButton1.onclick = function(){\n                if(responsiveVoice.isPlaying()){\n                    responsiveVoice.cancel();\n                }else{\n                    responsiveVoice.speak(\"Facebook Twitter Youtube Linkedin CON \u00c9XITO SE DESARROLLA EL TALLER DE SAXOF\u00d3N CL\u00c1SICO, POPULAR Y LUTHER\u00cdA En el marco de las celebraciones por el D\u00eda de Santa Cecilia, patrona de los m\u00fasicos y poetas, la Universidad Nacional Daniel Alom\u00eda Robles, a trav\u00e9s de la Vicepresidencia Acad\u00e9mica, viene desarrollando el \u201cTaller de Saxof\u00f3n Cl\u00e1sico, Popular y Luther\u00eda 2022\u201d, coordinado por el profesor Silverio Leonardo Jorge Julca y dirigido a todo el p\u00fablico en general.Se busca tener presencia en la sociedad, el objetivo es llegar a formar y perfeccionar, a trav\u00e9s de talleres, a todos los que aman la m\u00fasica, por tal motivo la universidad est\u00e1 a la vanguardia de la ense\u00f1anza y, que mejor en estas fechas, rindiendo homenaje a Santa Cecilia. Acot\u00f3 la Dra. Elena Rafaela Benavides Rivera, presidenta(e) de la Comisi\u00f3n Organizadora, quien fue la encargada de dar las palabras de bienvenida.El taller se desarrollar\u00e1 desde el martes 15 hasta el mi\u00e9rcoles 16 del presente, de las 8:00 a las 18:30 horas en el local central de la casa superior de estudios, culminando con dos conciertos que se llevar\u00e1n a cabo en el auditorio de la sede institucional y en la Plaza de Armas de Hu\u00e1nuco, desde las 18:00 hasta las 21:00 horas aproximadamente.La ceremonia de inauguraci\u00f3n se realiz\u00f3 desde las 8:00 horas, contando con la participaci\u00f3n del Dr. Roberto C\u00e1rdenas Viviano, director de la E. P. de Educaci\u00f3n Musical y Artes; el Mgtr. Goyo de la Cruz Miraval, director de Servicios Acad\u00e9micos; y Pablo Ladera L\u00f3pez, docente de la Universidad Nacional de M\u00fasica, ex Conservatorio Nacional de M\u00fasica.Dentro de las actividades por el D\u00eda del M\u00fasico, se tiene programado un concierto de gala, que se desarrollar\u00e1 en el auditorio de la casa superior de estudios, el lunes 21 desde las 19:00 horas y una ceremonia central que se desarrollar\u00e1 el martes 22 del presente, desde las 9:00 horas. Share on facebook Share on twitter Share on linkedin ATR\u00c1S SIGUIENTE \u00a0\", \"UK English Female\");\n                }\n            };\n        <\/script>\n    <\/span><span style=\"color: #4b4f58; font-size: 15px;\">\u00a0<\/span><\/p>\t\t\t\t\t\t<\/div>\n\t\t\t\t<\/div>\n\t\t\t\t\t<\/div>\n\t\t<\/div>\n\t\t\t\t\t<\/div>\n\t\t<\/section>\n\t\t\t\t<\/div>\n\t\t","protected":false},"excerpt":{"rendered":"<p>En el marco de las celebraciones por el D\u00eda de Santa Cecilia, patrona de los m\u00fasicos y poetas, la Universidad Nacional Daniel Alom\u00eda Robles, a trav\u00e9s de la Vicepresidencia (&#8230;)<\/p>\n","protected":false},"author":1,"featured_media":31043,"comment_status":"closed","ping_status":"closed","sticky":false,"template":"","format":"standard","meta":{"_uf_show_specific_survey":0,"_uf_disable_surveys":false,"footnotes":""},"categories":[7],"tags":[],"class_list":["post-31041","post","type-post","status-publish","format-standard","has-post-thumbnail","hentry","category-noticias"],"aioseo_notices":[],"_links":{"self":[{"href":"http:\/\/www.undar.edu.pe\/index.php\/wp-json\/wp\/v2\/posts\/31041","targetHints":{"allow":["GET"]}}],"collection":[{"href":"http:\/\/www.undar.edu.pe\/index.php\/wp-json\/wp\/v2\/posts"}],"about":[{"href":"http:\/\/www.undar.edu.pe\/index.php\/wp-json\/wp\/v2\/types\/post"}],"author":[{"embeddable":true,"href":"http:\/\/www.undar.edu.pe\/index.php\/wp-json\/wp\/v2\/users\/1"}],"replies":[{"embeddable":true,"href":"http:\/\/www.undar.edu.pe\/index.php\/wp-json\/wp\/v2\/comments?post=31041"}],"version-history":[{"count":41,"href":"http:\/\/www.undar.edu.pe\/index.php\/wp-json\/wp\/v2\/posts\/31041\/revisions"}],"predecessor-version":[{"id":43404,"href":"http:\/\/www.undar.edu.pe\/index.php\/wp-json\/wp\/v2\/posts\/31041\/revisions\/43404"}],"wp:featuredmedia":[{"embeddable":true,"href":"http:\/\/www.undar.edu.pe\/index.php\/wp-json\/wp\/v2\/media\/31043"}],"wp:attachment":[{"href":"http:\/\/www.undar.edu.pe\/index.php\/wp-json\/wp\/v2\/media?parent=31041"}],"wp:term":[{"taxonomy":"category","embeddable":true,"href":"http:\/\/www.undar.edu.pe\/index.php\/wp-json\/wp\/v2\/categories?post=31041"},{"taxonomy":"post_tag","embeddable":true,"href":"http:\/\/www.undar.edu.pe\/index.php\/wp-json\/wp\/v2\/tags?post=31041"}],"curies":[{"name":"wp","href":"https:\/\/api.w.org\/{rel}","templated":true}]}}