{"id":30199,"date":"2022-10-28T17:41:34","date_gmt":"2022-10-28T22:41:34","guid":{"rendered":"http:\/\/www.undar.edu.pe\/?p=30199"},"modified":"2023-05-25T11:14:46","modified_gmt":"2023-05-25T16:14:46","slug":"undar-rindio-homenaje-al-senor-de-burgos-con-altar-alfombra-artistica-y-canticos","status":"publish","type":"post","link":"http:\/\/www.undar.edu.pe\/index.php\/2022\/10\/28\/undar-rindio-homenaje-al-senor-de-burgos-con-altar-alfombra-artistica-y-canticos\/","title":{"rendered":"UNDAR RINDI\u00d3 HOMENAJE AL SE\u00d1OR DE BURGOS CON ALTAR, ALFOMBRA ART\u00cdSTICA Y C\u00c1NTICOS"},"content":{"rendered":"\t\t<div data-elementor-type=\"wp-post\" data-elementor-id=\"30199\" class=\"elementor elementor-30199\" data-elementor-post-type=\"post\">\n\t\t\t\t\t\t<section class=\"elementor-section elementor-top-section elementor-element elementor-element-3f3662fa elementor-section-height-min-height elementor-section-content-middle elementor-section-boxed elementor-section-height-default elementor-section-items-middle\" data-id=\"3f3662fa\" data-element_type=\"section\" data-settings=\"{&quot;background_background&quot;:&quot;classic&quot;}\">\n\t\t\t\t\t\t<div class=\"elementor-container elementor-column-gap-no\">\n\t\t\t\t\t<div class=\"elementor-column elementor-col-50 elementor-top-column elementor-element elementor-element-13a74377\" data-id=\"13a74377\" data-element_type=\"column\">\n\t\t\t<div class=\"elementor-widget-wrap elementor-element-populated\">\n\t\t\t\t\t\t<div class=\"elementor-element elementor-element-3825e6d2 elementor-widget elementor-widget-image\" data-id=\"3825e6d2\" data-element_type=\"widget\" data-widget_type=\"image.default\">\n\t\t\t\t<div class=\"elementor-widget-container\">\n\t\t\t\t\t\t\t\t\t\t\t\t\t\t<a href=\"https:\/\/www.undar.edu.pe\/\">\n\t\t\t\t\t\t\t<img decoding=\"async\" src=\"http:\/\/www.undar.edu.pe\/wp-content\/uploads\/elementor\/thumbs\/logo-2023-q1z673ykofg56grmzvb9jof0f5m4vf38kjuxbd6rg0.png\" title=\"Logo de la UNDAR\" alt=\"Logo de la Universidad Nacional Daniel Alom\u00eda Robles\" loading=\"lazy\" \/>\t\t\t\t\t\t\t\t<\/a>\n\t\t\t\t\t\t\t\t\t\t\t\t\t<\/div>\n\t\t\t\t<\/div>\n\t\t\t\t\t<\/div>\n\t\t<\/div>\n\t\t\t\t<div class=\"elementor-column elementor-col-50 elementor-top-column elementor-element elementor-element-6347f1a1\" data-id=\"6347f1a1\" data-element_type=\"column\">\n\t\t\t<div class=\"elementor-widget-wrap elementor-element-populated\">\n\t\t\t\t\t\t<div class=\"elementor-element elementor-element-7a08e135 e-grid-align-left e-grid-align-mobile-center elementor-grid-4 e-grid-align-tablet-right elementor-shape-rounded elementor-widget elementor-widget-social-icons\" data-id=\"7a08e135\" data-element_type=\"widget\" data-widget_type=\"social-icons.default\">\n\t\t\t\t<div class=\"elementor-widget-container\">\n\t\t\t\t\t<div class=\"elementor-social-icons-wrapper elementor-grid\">\n\t\t\t\t\t\t\t<span class=\"elementor-grid-item\">\n\t\t\t\t\t<a class=\"elementor-icon elementor-social-icon elementor-social-icon-facebook elementor-repeater-item-5646027\" href=\"https:\/\/www.facebook.com\/DanielAlomiaRoblesUniversidad\" target=\"_blank\">\n\t\t\t\t\t\t<span class=\"elementor-screen-only\">Facebook<\/span>\n\t\t\t\t\t\t<i class=\"fab fa-facebook\"><\/i>\t\t\t\t\t<\/a>\n\t\t\t\t<\/span>\n\t\t\t\t\t\t\t<span class=\"elementor-grid-item\">\n\t\t\t\t\t<a class=\"elementor-icon elementor-social-icon elementor-social-icon-twitter elementor-repeater-item-72bc942\" href=\"https:\/\/twitter.com\/undar_peru\" target=\"_blank\">\n\t\t\t\t\t\t<span class=\"elementor-screen-only\">Twitter<\/span>\n\t\t\t\t\t\t<i class=\"fab fa-twitter\"><\/i>\t\t\t\t\t<\/a>\n\t\t\t\t<\/span>\n\t\t\t\t\t\t\t<span class=\"elementor-grid-item\">\n\t\t\t\t\t<a class=\"elementor-icon elementor-social-icon elementor-social-icon-youtube elementor-repeater-item-4b27cd1\" href=\"https:\/\/www.youtube.com\/channel\/UCeXiFnDLERtWXHH7cn8fpqg\" target=\"_blank\">\n\t\t\t\t\t\t<span class=\"elementor-screen-only\">Youtube<\/span>\n\t\t\t\t\t\t<i class=\"fab fa-youtube\"><\/i>\t\t\t\t\t<\/a>\n\t\t\t\t<\/span>\n\t\t\t\t\t\t\t<span class=\"elementor-grid-item\">\n\t\t\t\t\t<a class=\"elementor-icon elementor-social-icon elementor-social-icon-linkedin elementor-repeater-item-2619f3c\" href=\"https:\/\/www.linkedin.com\/company\/universidad-nacional-daniel-alom%C3%ADa-robles\/\" target=\"_blank\">\n\t\t\t\t\t\t<span class=\"elementor-screen-only\">Linkedin<\/span>\n\t\t\t\t\t\t<i class=\"fab fa-linkedin\"><\/i>\t\t\t\t\t<\/a>\n\t\t\t\t<\/span>\n\t\t\t\t\t<\/div>\n\t\t\t\t<\/div>\n\t\t\t\t<\/div>\n\t\t\t\t\t<\/div>\n\t\t<\/div>\n\t\t\t\t\t<\/div>\n\t\t<\/section>\n\t\t\t\t<section class=\"elementor-section elementor-top-section elementor-element elementor-element-8033104 elementor-section-content-middle elementor-section-height-min-height elementor-section-boxed elementor-section-height-default elementor-section-items-middle\" data-id=\"8033104\" data-element_type=\"section\" data-settings=\"{&quot;background_background&quot;:&quot;classic&quot;,&quot;sticky&quot;:&quot;bottom&quot;,&quot;sticky_on&quot;:[&quot;desktop&quot;,&quot;tablet&quot;,&quot;mobile&quot;],&quot;sticky_offset&quot;:0,&quot;sticky_effects_offset&quot;:0,&quot;sticky_anchor_link_offset&quot;:0}\">\n\t\t\t\t\t\t<div class=\"elementor-container elementor-column-gap-no\">\n\t\t\t\t\t<div class=\"elementor-column elementor-col-100 elementor-top-column elementor-element elementor-element-c53554d\" data-id=\"c53554d\" data-element_type=\"column\">\n\t\t\t<div class=\"elementor-widget-wrap elementor-element-populated\">\n\t\t\t\t\t\t<div class=\"elementor-element elementor-element-645a7ae3 elementor-nav-menu__align-center elementor-nav-menu--stretch elementor-nav-menu__text-align-center elementor-nav-menu--dropdown-tablet elementor-nav-menu--toggle elementor-nav-menu--burger elementor-widget elementor-widget-nav-menu\" data-id=\"645a7ae3\" data-element_type=\"widget\" data-settings=\"{&quot;full_width&quot;:&quot;stretch&quot;,&quot;layout&quot;:&quot;horizontal&quot;,&quot;submenu_icon&quot;:{&quot;value&quot;:&quot;&lt;i class=\\&quot;fas fa-caret-down\\&quot;&gt;&lt;\\\/i&gt;&quot;,&quot;library&quot;:&quot;fa-solid&quot;},&quot;toggle&quot;:&quot;burger&quot;}\" data-widget_type=\"nav-menu.default\">\n\t\t\t\t<div class=\"elementor-widget-container\">\n\t\t\t\t\t\t<nav aria-label=\"Men\u00fa\" class=\"elementor-nav-menu--main elementor-nav-menu__container elementor-nav-menu--layout-horizontal e--pointer-underline e--animation-fade\">\n\t\t\t\t<ul id=\"menu-1-645a7ae3\" class=\"elementor-nav-menu\"><li class=\"menu-item menu-item-type-custom menu-item-object-custom menu-item-has-children menu-item-424\"><a href=\"#\" class=\"elementor-item elementor-item-anchor\">LA UNIVERSIDAD<\/a>\n<ul class=\"sub-menu elementor-nav-menu--dropdown\">\n\t<li class=\"menu-item menu-item-type-custom menu-item-object-custom menu-item-735\"><a href=\"https:\/\/www.undar.edu.pe\/index.php\/universidad-resenia-historica\" class=\"elementor-sub-item\">Rese\u00f1a hist\u00f3rica<\/a><\/li>\n\t<li class=\"menu-item menu-item-type-custom menu-item-object-custom menu-item-739\"><a href=\"https:\/\/www.undar.edu.pe\/index.php\/universidad-mision-y-valores\/\" class=\"elementor-sub-item\">Misi\u00f3n y valores<\/a><\/li>\n\t<li class=\"menu-item menu-item-type-custom menu-item-object-custom menu-item-736\"><a href=\"https:\/\/www.undar.edu.pe\/index.php\/universidad-comision-organizadora\/\" class=\"elementor-sub-item\">Comisi\u00f3n Organizadora<\/a><\/li>\n\t<li class=\"menu-item menu-item-type-custom menu-item-object-custom menu-item-977\"><a href=\"https:\/\/www.undar.edu.pe\/index.php\/universidad-plana-docente\" class=\"elementor-sub-item\">Plana docente<\/a><\/li>\n\t<li class=\"menu-item menu-item-type-post_type menu-item-object-page menu-item-63784\"><a href=\"http:\/\/www.undar.edu.pe\/index.php\/defensoria-universitaria-v-2\/\" class=\"elementor-sub-item\">Defensor\u00eda Universitaria<\/a><\/li>\n\t<li class=\"menu-item menu-item-type-post_type menu-item-object-page menu-item-64463\"><a href=\"http:\/\/www.undar.edu.pe\/index.php\/integridad-institucional\/\" class=\"elementor-sub-item\">Integridad Institucional<\/a><\/li>\n\t<li class=\"menu-item menu-item-type-custom menu-item-object-custom menu-item-52319\"><a target=\"_blank\" href=\"http:\/\/www.undar.edu.pe\/wp-content\/uploads\/2025\/03\/ORGANIGRAMA-UNDARA3-2.pdf\" class=\"elementor-sub-item\">Organigrama<\/a><\/li>\n\t<li class=\"menu-item menu-item-type-custom menu-item-object-custom menu-item-737\"><a href=\"https:\/\/www.undar.edu.pe\/index.php\/universidad-licenciamiento\/\" class=\"elementor-sub-item\">Licenciamiento<\/a><\/li>\n\t<li class=\"menu-item menu-item-type-custom menu-item-object-custom menu-item-35326\"><a href=\"https:\/\/www.undar.edu.pe\/index.php\/directorio-institucional-organos-de-alta-direccion\/\" class=\"elementor-sub-item\">Directorio institucional<\/a><\/li>\n<\/ul>\n<\/li>\n<li class=\"menu-item menu-item-type-custom menu-item-object-custom menu-item-has-children menu-item-425\"><a href=\"#\" class=\"elementor-item elementor-item-anchor\">FACULTADES<\/a>\n<ul class=\"sub-menu elementor-nav-menu--dropdown\">\n\t<li class=\"menu-item menu-item-type-custom menu-item-object-custom menu-item-740\"><a href=\"https:\/\/www.undar.edu.pe\/index.php\/facultad-de-musica\/\" class=\"elementor-sub-item\">Facultad de M\u00fasica<\/a><\/li>\n\t<li class=\"menu-item menu-item-type-custom menu-item-object-custom menu-item-741\"><a href=\"https:\/\/www.undar.edu.pe\/index.php\/facultad-de-educacion-musical-y-artes\" class=\"elementor-sub-item\">Facultad de Educaci\u00f3n Musical y Artes<\/a><\/li>\n<\/ul>\n<\/li>\n<li class=\"menu-item menu-item-type-custom menu-item-object-custom menu-item-426\"><a href=\"https:\/\/admision.undar.edu.pe\/\" class=\"elementor-item\">ADMISI\u00d3N<\/a><\/li>\n<li class=\"menu-item menu-item-type-custom menu-item-object-custom menu-item-has-children menu-item-427\"><a href=\"#\" class=\"elementor-item elementor-item-anchor\">ACAD\u00c9MICO<\/a>\n<ul class=\"sub-menu elementor-nav-menu--dropdown\">\n\t<li class=\"menu-item menu-item-type-custom menu-item-object-custom menu-item-971\"><a href=\"https:\/\/www.undar.edu.pe\/index.php\/academico-direccion-de-servicios-academicos-inicio\" class=\"elementor-sub-item\">Direcci\u00f3n de Servicios Acad\u00e9micos<\/a><\/li>\n\t<li class=\"menu-item menu-item-type-custom menu-item-object-custom menu-item-982\"><a href=\"https:\/\/www.undar.edu.pe\/index.php\/academico-direccion-de-bienestar-universitario-inicio\" class=\"elementor-sub-item\">Direcci\u00f3n de Bienestar Universitario<\/a><\/li>\n\t<li class=\"menu-item menu-item-type-custom menu-item-object-custom menu-item-747\"><a href=\"https:\/\/www.undar.edu.pe\/index.php\/academico-direccion-de-responsabilidad-social-universitaria-y-extension-cultural-inicio\/\" class=\"elementor-sub-item\">Direcci\u00f3n de Responsabilidad Social Universitaria y Extensi\u00f3n Cultural<\/a><\/li>\n<\/ul>\n<\/li>\n<li class=\"menu-item menu-item-type-custom menu-item-object-custom menu-item-has-children menu-item-428\"><a href=\"#\" class=\"elementor-item elementor-item-anchor\">INVESTIGACI\u00d3N<\/a>\n<ul class=\"sub-menu elementor-nav-menu--dropdown\">\n\t<li class=\"menu-item menu-item-type-custom menu-item-object-custom menu-item-56439\"><a target=\"_blank\" href=\"https:\/\/ciiam.undar.edu.pe\/\" class=\"elementor-sub-item\">Congreso CIIAM<\/a><\/li>\n\t<li class=\"menu-item menu-item-type-custom menu-item-object-custom menu-item-has-children menu-item-24869\"><a href=\"https:\/\/www.undar.edu.pe\/index.php\/investigacion-vicepresidencia-de-investigacion-inicio\" class=\"elementor-sub-item\">Vicepresidencia de Investigaci\u00f3n<\/a>\n\t<ul class=\"sub-menu elementor-nav-menu--dropdown\">\n\t\t<li class=\"menu-item menu-item-type-custom menu-item-object-custom menu-item-54639\"><a href=\"https:\/\/www.undar.edu.pe\/index.php\/iv-concurso-de-proyectos-de-investigacion\/\" class=\"elementor-sub-item\">Concurso de proyectos de investigaci\u00f3n<\/a><\/li>\n\t\t<li class=\"menu-item menu-item-type-custom menu-item-object-custom menu-item-62058\"><a href=\"https:\/\/www.undar.edu.pe\/index.php\/convocatoria-docente-investigador-undar-2025\" class=\"elementor-sub-item\">Convocatoria Docente Investigador UNDAR<\/a><\/li>\n\t<\/ul>\n<\/li>\n\t<li class=\"menu-item menu-item-type-post_type menu-item-object-page menu-item-52571\"><a href=\"http:\/\/www.undar.edu.pe\/index.php\/investigacion-vicepresidencia-de-investigacion-instituto-de-investigacion\/\" class=\"elementor-sub-item\">Instituto de Investigaci\u00f3n<\/a><\/li>\n\t<li class=\"menu-item menu-item-type-post_type menu-item-object-page menu-item-52577\"><a href=\"http:\/\/www.undar.edu.pe\/index.php\/investigacion-vicepresidencia-de-investigacion-direccion-de-innovacion-y-transferencia-tecnologica\/\" class=\"elementor-sub-item\">Direcci\u00f3n  de Innovaci\u00f3n y Transferencia Tecnol\u00f3gica<\/a><\/li>\n\t<li class=\"menu-item menu-item-type-post_type menu-item-object-page menu-item-52586\"><a href=\"http:\/\/www.undar.edu.pe\/index.php\/investigacion-vicepresidencia-de-investigacion-direccion-de-incubadora-de-empresas\/\" class=\"elementor-sub-item\">Direcci\u00f3n de Incubadora de Empresas<\/a><\/li>\n\t<li class=\"menu-item menu-item-type-post_type menu-item-object-page menu-item-52594\"><a href=\"http:\/\/www.undar.edu.pe\/index.php\/investigacion-vicepresidencia-de-investigacion-direccion-de-produccion-de-bienes-y-servicios\/\" class=\"elementor-sub-item\">Direcci\u00f3n de Producci\u00f3n de Bienes y Servicios<\/a><\/li>\n\t<li class=\"menu-item menu-item-type-custom menu-item-object-custom menu-item-62982\"><a href=\"https:\/\/despegamusic.undar.edu.pe\/\" class=\"elementor-sub-item\">Despega Music 2.0<\/a><\/li>\n<\/ul>\n<\/li>\n<li class=\"menu-item menu-item-type-custom menu-item-object-custom menu-item-has-children menu-item-35316\"><a href=\"#\" class=\"elementor-item elementor-item-anchor\">PUBLICACIONES<\/a>\n<ul class=\"sub-menu elementor-nav-menu--dropdown\">\n\t<li class=\"menu-item menu-item-type-custom menu-item-object-custom menu-item-35317\"><a href=\"https:\/\/revistas.undar.edu.pe\/index.php\/rodolfoholzmann\" class=\"elementor-sub-item\">Revistas Rodolfo Holzmann<\/a><\/li>\n\t<li class=\"menu-item menu-item-type-custom menu-item-object-custom menu-item-56163\"><a href=\"https:\/\/revistas.undar.edu.pe\/index.php\/rodolfoholzmann\/information\/authors\" class=\"elementor-sub-item\">Convocatoria para autores<\/a><\/li>\n\t<li class=\"menu-item menu-item-type-custom menu-item-object-custom menu-item-63598\"><a target=\"_blank\" href=\"https:\/\/glosariovpi.undar.edu.pe\/\" class=\"elementor-sub-item\">Glosario de Terminos I+ D + i<\/a><\/li>\n<\/ul>\n<\/li>\n<li class=\"menu-item menu-item-type-custom menu-item-object-custom menu-item-has-children menu-item-35320\"><a href=\"#\" class=\"elementor-item elementor-item-anchor\">TRANSPARENCIA<\/a>\n<ul class=\"sub-menu elementor-nav-menu--dropdown\">\n\t<li class=\"menu-item menu-item-type-custom menu-item-object-custom menu-item-35321\"><a href=\"https:\/\/www.undar.edu.pe\/index.php\/transparencia-transparencia-universitaria-acceso-a-la-informacion-publica\/\" class=\"elementor-sub-item\">Acceso a la informaci\u00f3n p\u00fablica<\/a><\/li>\n\t<li class=\"menu-item menu-item-type-custom menu-item-object-custom menu-item-35322\"><a href=\"http:\/\/www.undar.edu.pe\/index.php\/transparencia-transparencia-universitaria-2\/\" class=\"elementor-sub-item\">Transparencia universitaria<\/a><\/li>\n\t<li class=\"menu-item menu-item-type-custom menu-item-object-custom menu-item-35323\"><a target=\"_blank\" href=\"http:\/\/transparenciaestandar.undar.edu.pe\/\" class=\"elementor-sub-item\">Transparencia est\u00e1ndar<\/a><\/li>\n<\/ul>\n<\/li>\n<li class=\"menu-item menu-item-type-custom menu-item-object-custom menu-item-has-children menu-item-35325\"><a href=\"#\" class=\"elementor-item elementor-item-anchor\">M\u00c1S<\/a>\n<ul class=\"sub-menu elementor-nav-menu--dropdown\">\n\t<li class=\"menu-item menu-item-type-custom menu-item-object-custom menu-item-35324\"><a href=\"http:\/\/www.undar.edu.pe\/index.php\/convocatorias\/\" class=\"elementor-sub-item\">Convocatorias<\/a><\/li>\n\t<li class=\"menu-item menu-item-type-custom menu-item-object-custom menu-item-36984\"><a target=\"_blank\" href=\"https:\/\/empresa.undar.edu.pe\" class=\"elementor-sub-item\">Bolsa de Trabajo<\/a><\/li>\n\t<li class=\"menu-item menu-item-type-custom menu-item-object-custom menu-item-35327\"><a href=\"https:\/\/www.undar.edu.pe\/index.php\/sistema-de-control-interno-2023\/\" class=\"elementor-sub-item\">Sistema de Control Interno<\/a><\/li>\n\t<li class=\"menu-item menu-item-type-custom menu-item-object-custom menu-item-35328\"><a href=\"https:\/\/reclamos.servicios.gob.pe\/?institution_id=312\" class=\"elementor-sub-item\">Libro de reclamaciones<\/a><\/li>\n\t<li class=\"menu-item menu-item-type-post_type menu-item-object-page menu-item-64562\"><a href=\"http:\/\/www.undar.edu.pe\/index.php\/universidad-instituto-superior-de-musica-daniel-alomia-robles-beca-2026\/\" class=\"elementor-sub-item\">INSTITUTO SUPERIOR DE M\u00daSICA DANIEL ALOMIA ROBLES<\/a><\/li>\n<\/ul>\n<\/li>\n<\/ul>\t\t\t<\/nav>\n\t\t\t\t\t<div class=\"elementor-menu-toggle\" role=\"button\" tabindex=\"0\" aria-label=\"Alternar men\u00fa\" aria-expanded=\"false\">\n\t\t\t<i aria-hidden=\"true\" role=\"presentation\" class=\"elementor-menu-toggle__icon--open eicon-menu-bar\"><\/i><i aria-hidden=\"true\" role=\"presentation\" class=\"elementor-menu-toggle__icon--close eicon-close\"><\/i>\t\t\t<span class=\"elementor-screen-only\">Men\u00fa<\/span>\n\t\t<\/div>\n\t\t\t\t\t<nav class=\"elementor-nav-menu--dropdown elementor-nav-menu__container\" aria-hidden=\"true\">\n\t\t\t\t<ul id=\"menu-2-645a7ae3\" class=\"elementor-nav-menu\"><li class=\"menu-item menu-item-type-custom menu-item-object-custom menu-item-has-children menu-item-424\"><a href=\"#\" class=\"elementor-item elementor-item-anchor\" tabindex=\"-1\">LA UNIVERSIDAD<\/a>\n<ul class=\"sub-menu elementor-nav-menu--dropdown\">\n\t<li class=\"menu-item menu-item-type-custom menu-item-object-custom menu-item-735\"><a href=\"https:\/\/www.undar.edu.pe\/index.php\/universidad-resenia-historica\" class=\"elementor-sub-item\" tabindex=\"-1\">Rese\u00f1a hist\u00f3rica<\/a><\/li>\n\t<li class=\"menu-item menu-item-type-custom menu-item-object-custom menu-item-739\"><a href=\"https:\/\/www.undar.edu.pe\/index.php\/universidad-mision-y-valores\/\" class=\"elementor-sub-item\" tabindex=\"-1\">Misi\u00f3n y valores<\/a><\/li>\n\t<li class=\"menu-item menu-item-type-custom menu-item-object-custom menu-item-736\"><a href=\"https:\/\/www.undar.edu.pe\/index.php\/universidad-comision-organizadora\/\" class=\"elementor-sub-item\" tabindex=\"-1\">Comisi\u00f3n Organizadora<\/a><\/li>\n\t<li class=\"menu-item menu-item-type-custom menu-item-object-custom menu-item-977\"><a href=\"https:\/\/www.undar.edu.pe\/index.php\/universidad-plana-docente\" class=\"elementor-sub-item\" tabindex=\"-1\">Plana docente<\/a><\/li>\n\t<li class=\"menu-item menu-item-type-post_type menu-item-object-page menu-item-63784\"><a href=\"http:\/\/www.undar.edu.pe\/index.php\/defensoria-universitaria-v-2\/\" class=\"elementor-sub-item\" tabindex=\"-1\">Defensor\u00eda Universitaria<\/a><\/li>\n\t<li class=\"menu-item menu-item-type-post_type menu-item-object-page menu-item-64463\"><a href=\"http:\/\/www.undar.edu.pe\/index.php\/integridad-institucional\/\" class=\"elementor-sub-item\" tabindex=\"-1\">Integridad Institucional<\/a><\/li>\n\t<li class=\"menu-item menu-item-type-custom menu-item-object-custom menu-item-52319\"><a target=\"_blank\" href=\"http:\/\/www.undar.edu.pe\/wp-content\/uploads\/2025\/03\/ORGANIGRAMA-UNDARA3-2.pdf\" class=\"elementor-sub-item\" tabindex=\"-1\">Organigrama<\/a><\/li>\n\t<li class=\"menu-item menu-item-type-custom menu-item-object-custom menu-item-737\"><a href=\"https:\/\/www.undar.edu.pe\/index.php\/universidad-licenciamiento\/\" class=\"elementor-sub-item\" tabindex=\"-1\">Licenciamiento<\/a><\/li>\n\t<li class=\"menu-item menu-item-type-custom menu-item-object-custom menu-item-35326\"><a href=\"https:\/\/www.undar.edu.pe\/index.php\/directorio-institucional-organos-de-alta-direccion\/\" class=\"elementor-sub-item\" tabindex=\"-1\">Directorio institucional<\/a><\/li>\n<\/ul>\n<\/li>\n<li class=\"menu-item menu-item-type-custom menu-item-object-custom menu-item-has-children menu-item-425\"><a href=\"#\" class=\"elementor-item elementor-item-anchor\" tabindex=\"-1\">FACULTADES<\/a>\n<ul class=\"sub-menu elementor-nav-menu--dropdown\">\n\t<li class=\"menu-item menu-item-type-custom menu-item-object-custom menu-item-740\"><a href=\"https:\/\/www.undar.edu.pe\/index.php\/facultad-de-musica\/\" class=\"elementor-sub-item\" tabindex=\"-1\">Facultad de M\u00fasica<\/a><\/li>\n\t<li class=\"menu-item menu-item-type-custom menu-item-object-custom menu-item-741\"><a href=\"https:\/\/www.undar.edu.pe\/index.php\/facultad-de-educacion-musical-y-artes\" class=\"elementor-sub-item\" tabindex=\"-1\">Facultad de Educaci\u00f3n Musical y Artes<\/a><\/li>\n<\/ul>\n<\/li>\n<li class=\"menu-item menu-item-type-custom menu-item-object-custom menu-item-426\"><a href=\"https:\/\/admision.undar.edu.pe\/\" class=\"elementor-item\" tabindex=\"-1\">ADMISI\u00d3N<\/a><\/li>\n<li class=\"menu-item menu-item-type-custom menu-item-object-custom menu-item-has-children menu-item-427\"><a href=\"#\" class=\"elementor-item elementor-item-anchor\" tabindex=\"-1\">ACAD\u00c9MICO<\/a>\n<ul class=\"sub-menu elementor-nav-menu--dropdown\">\n\t<li class=\"menu-item menu-item-type-custom menu-item-object-custom menu-item-971\"><a href=\"https:\/\/www.undar.edu.pe\/index.php\/academico-direccion-de-servicios-academicos-inicio\" class=\"elementor-sub-item\" tabindex=\"-1\">Direcci\u00f3n de Servicios Acad\u00e9micos<\/a><\/li>\n\t<li class=\"menu-item menu-item-type-custom menu-item-object-custom menu-item-982\"><a href=\"https:\/\/www.undar.edu.pe\/index.php\/academico-direccion-de-bienestar-universitario-inicio\" class=\"elementor-sub-item\" tabindex=\"-1\">Direcci\u00f3n de Bienestar Universitario<\/a><\/li>\n\t<li class=\"menu-item menu-item-type-custom menu-item-object-custom menu-item-747\"><a href=\"https:\/\/www.undar.edu.pe\/index.php\/academico-direccion-de-responsabilidad-social-universitaria-y-extension-cultural-inicio\/\" class=\"elementor-sub-item\" tabindex=\"-1\">Direcci\u00f3n de Responsabilidad Social Universitaria y Extensi\u00f3n Cultural<\/a><\/li>\n<\/ul>\n<\/li>\n<li class=\"menu-item menu-item-type-custom menu-item-object-custom menu-item-has-children menu-item-428\"><a href=\"#\" class=\"elementor-item elementor-item-anchor\" tabindex=\"-1\">INVESTIGACI\u00d3N<\/a>\n<ul class=\"sub-menu elementor-nav-menu--dropdown\">\n\t<li class=\"menu-item menu-item-type-custom menu-item-object-custom menu-item-56439\"><a target=\"_blank\" href=\"https:\/\/ciiam.undar.edu.pe\/\" class=\"elementor-sub-item\" tabindex=\"-1\">Congreso CIIAM<\/a><\/li>\n\t<li class=\"menu-item menu-item-type-custom menu-item-object-custom menu-item-has-children menu-item-24869\"><a href=\"https:\/\/www.undar.edu.pe\/index.php\/investigacion-vicepresidencia-de-investigacion-inicio\" class=\"elementor-sub-item\" tabindex=\"-1\">Vicepresidencia de Investigaci\u00f3n<\/a>\n\t<ul class=\"sub-menu elementor-nav-menu--dropdown\">\n\t\t<li class=\"menu-item menu-item-type-custom menu-item-object-custom menu-item-54639\"><a href=\"https:\/\/www.undar.edu.pe\/index.php\/iv-concurso-de-proyectos-de-investigacion\/\" class=\"elementor-sub-item\" tabindex=\"-1\">Concurso de proyectos de investigaci\u00f3n<\/a><\/li>\n\t\t<li class=\"menu-item menu-item-type-custom menu-item-object-custom menu-item-62058\"><a href=\"https:\/\/www.undar.edu.pe\/index.php\/convocatoria-docente-investigador-undar-2025\" class=\"elementor-sub-item\" tabindex=\"-1\">Convocatoria Docente Investigador UNDAR<\/a><\/li>\n\t<\/ul>\n<\/li>\n\t<li class=\"menu-item menu-item-type-post_type menu-item-object-page menu-item-52571\"><a href=\"http:\/\/www.undar.edu.pe\/index.php\/investigacion-vicepresidencia-de-investigacion-instituto-de-investigacion\/\" class=\"elementor-sub-item\" tabindex=\"-1\">Instituto de Investigaci\u00f3n<\/a><\/li>\n\t<li class=\"menu-item menu-item-type-post_type menu-item-object-page menu-item-52577\"><a href=\"http:\/\/www.undar.edu.pe\/index.php\/investigacion-vicepresidencia-de-investigacion-direccion-de-innovacion-y-transferencia-tecnologica\/\" class=\"elementor-sub-item\" tabindex=\"-1\">Direcci\u00f3n  de Innovaci\u00f3n y Transferencia Tecnol\u00f3gica<\/a><\/li>\n\t<li class=\"menu-item menu-item-type-post_type menu-item-object-page menu-item-52586\"><a href=\"http:\/\/www.undar.edu.pe\/index.php\/investigacion-vicepresidencia-de-investigacion-direccion-de-incubadora-de-empresas\/\" class=\"elementor-sub-item\" tabindex=\"-1\">Direcci\u00f3n de Incubadora de Empresas<\/a><\/li>\n\t<li class=\"menu-item menu-item-type-post_type menu-item-object-page menu-item-52594\"><a href=\"http:\/\/www.undar.edu.pe\/index.php\/investigacion-vicepresidencia-de-investigacion-direccion-de-produccion-de-bienes-y-servicios\/\" class=\"elementor-sub-item\" tabindex=\"-1\">Direcci\u00f3n de Producci\u00f3n de Bienes y Servicios<\/a><\/li>\n\t<li class=\"menu-item menu-item-type-custom menu-item-object-custom menu-item-62982\"><a href=\"https:\/\/despegamusic.undar.edu.pe\/\" class=\"elementor-sub-item\" tabindex=\"-1\">Despega Music 2.0<\/a><\/li>\n<\/ul>\n<\/li>\n<li class=\"menu-item menu-item-type-custom menu-item-object-custom menu-item-has-children menu-item-35316\"><a href=\"#\" class=\"elementor-item elementor-item-anchor\" tabindex=\"-1\">PUBLICACIONES<\/a>\n<ul class=\"sub-menu elementor-nav-menu--dropdown\">\n\t<li class=\"menu-item menu-item-type-custom menu-item-object-custom menu-item-35317\"><a href=\"https:\/\/revistas.undar.edu.pe\/index.php\/rodolfoholzmann\" class=\"elementor-sub-item\" tabindex=\"-1\">Revistas Rodolfo Holzmann<\/a><\/li>\n\t<li class=\"menu-item menu-item-type-custom menu-item-object-custom menu-item-56163\"><a href=\"https:\/\/revistas.undar.edu.pe\/index.php\/rodolfoholzmann\/information\/authors\" class=\"elementor-sub-item\" tabindex=\"-1\">Convocatoria para autores<\/a><\/li>\n\t<li class=\"menu-item menu-item-type-custom menu-item-object-custom menu-item-63598\"><a target=\"_blank\" href=\"https:\/\/glosariovpi.undar.edu.pe\/\" class=\"elementor-sub-item\" tabindex=\"-1\">Glosario de Terminos I+ D + i<\/a><\/li>\n<\/ul>\n<\/li>\n<li class=\"menu-item menu-item-type-custom menu-item-object-custom menu-item-has-children menu-item-35320\"><a href=\"#\" class=\"elementor-item elementor-item-anchor\" tabindex=\"-1\">TRANSPARENCIA<\/a>\n<ul class=\"sub-menu elementor-nav-menu--dropdown\">\n\t<li class=\"menu-item menu-item-type-custom menu-item-object-custom menu-item-35321\"><a href=\"https:\/\/www.undar.edu.pe\/index.php\/transparencia-transparencia-universitaria-acceso-a-la-informacion-publica\/\" class=\"elementor-sub-item\" tabindex=\"-1\">Acceso a la informaci\u00f3n p\u00fablica<\/a><\/li>\n\t<li class=\"menu-item menu-item-type-custom menu-item-object-custom menu-item-35322\"><a href=\"http:\/\/www.undar.edu.pe\/index.php\/transparencia-transparencia-universitaria-2\/\" class=\"elementor-sub-item\" tabindex=\"-1\">Transparencia universitaria<\/a><\/li>\n\t<li class=\"menu-item menu-item-type-custom menu-item-object-custom menu-item-35323\"><a target=\"_blank\" href=\"http:\/\/transparenciaestandar.undar.edu.pe\/\" class=\"elementor-sub-item\" tabindex=\"-1\">Transparencia est\u00e1ndar<\/a><\/li>\n<\/ul>\n<\/li>\n<li class=\"menu-item menu-item-type-custom menu-item-object-custom menu-item-has-children menu-item-35325\"><a href=\"#\" class=\"elementor-item elementor-item-anchor\" tabindex=\"-1\">M\u00c1S<\/a>\n<ul class=\"sub-menu elementor-nav-menu--dropdown\">\n\t<li class=\"menu-item menu-item-type-custom menu-item-object-custom menu-item-35324\"><a href=\"http:\/\/www.undar.edu.pe\/index.php\/convocatorias\/\" class=\"elementor-sub-item\" tabindex=\"-1\">Convocatorias<\/a><\/li>\n\t<li class=\"menu-item menu-item-type-custom menu-item-object-custom menu-item-36984\"><a target=\"_blank\" href=\"https:\/\/empresa.undar.edu.pe\" class=\"elementor-sub-item\" tabindex=\"-1\">Bolsa de Trabajo<\/a><\/li>\n\t<li class=\"menu-item menu-item-type-custom menu-item-object-custom menu-item-35327\"><a href=\"https:\/\/www.undar.edu.pe\/index.php\/sistema-de-control-interno-2023\/\" class=\"elementor-sub-item\" tabindex=\"-1\">Sistema de Control Interno<\/a><\/li>\n\t<li class=\"menu-item menu-item-type-custom menu-item-object-custom menu-item-35328\"><a href=\"https:\/\/reclamos.servicios.gob.pe\/?institution_id=312\" class=\"elementor-sub-item\" tabindex=\"-1\">Libro de reclamaciones<\/a><\/li>\n\t<li class=\"menu-item menu-item-type-post_type menu-item-object-page menu-item-64562\"><a href=\"http:\/\/www.undar.edu.pe\/index.php\/universidad-instituto-superior-de-musica-daniel-alomia-robles-beca-2026\/\" class=\"elementor-sub-item\" tabindex=\"-1\">INSTITUTO SUPERIOR DE M\u00daSICA DANIEL ALOMIA ROBLES<\/a><\/li>\n<\/ul>\n<\/li>\n<\/ul>\t\t\t<\/nav>\n\t\t\t\t<\/div>\n\t\t\t\t<\/div>\n\t\t\t\t\t<\/div>\n\t\t<\/div>\n\t\t\t\t\t<\/div>\n\t\t<\/section>\n\t\t\t\t<section class=\"elementor-section elementor-top-section elementor-element elementor-element-18871c0f elementor-section-boxed elementor-section-height-default elementor-section-height-default\" data-id=\"18871c0f\" data-element_type=\"section\">\n\t\t\t\t\t\t<div class=\"elementor-container elementor-column-gap-default\">\n\t\t\t\t\t<div class=\"elementor-column elementor-col-100 elementor-top-column elementor-element elementor-element-40331c9a\" data-id=\"40331c9a\" data-element_type=\"column\">\n\t\t\t<div class=\"elementor-widget-wrap elementor-element-populated\">\n\t\t\t\t\t\t<div class=\"elementor-element elementor-element-afab122 elementor-widget elementor-widget-heading\" data-id=\"afab122\" data-element_type=\"widget\" data-widget_type=\"heading.default\">\n\t\t\t\t<div class=\"elementor-widget-container\">\n\t\t\t<h4 class=\"elementor-heading-title elementor-size-default\">UNDAR RINDI\u00d3 HOMENAJE AL SE\u00d1OR DE BURGOS CON ALTAR, ALFOMBRA ART\u00cdSTICA Y C\u00c1NTICOS<\/h4>\t\t<\/div>\n\t\t\t\t<\/div>\n\t\t\t\t<div class=\"elementor-element elementor-element-4664c16 elementor-widget elementor-widget-image\" data-id=\"4664c16\" data-element_type=\"widget\" data-widget_type=\"image.default\">\n\t\t\t\t<div class=\"elementor-widget-container\">\n\t\t\t\t\t\t\t\t\t\t\t\t\t<img fetchpriority=\"high\" decoding=\"async\" width=\"580\" height=\"385\" src=\"http:\/\/www.undar.edu.pe\/wp-content\/uploads\/2022\/10\/SEN\u0303OR-DE-BURGOS.gif\" class=\"attachment-medium_large size-medium_large wp-image-30201\" alt=\"\" \/>\t\t\t\t\t\t\t\t\t\t\t\t\t<\/div>\n\t\t\t\t<\/div>\n\t\t\t\t<div class=\"elementor-element elementor-element-35352b80 elementor-widget elementor-widget-text-editor\" data-id=\"35352b80\" data-element_type=\"widget\" data-widget_type=\"text-editor.default\">\n\t\t\t\t<div class=\"elementor-widget-container\">\n\t\t\t\t\t\t\t<p><span style=\"font-size: 1rem;\">La sagrada imagen del Se\u00f1or de Burgos sali\u00f3 hoy de procesi\u00f3n despu\u00e9s de dos a\u00f1os de pandemia para bendecir las calles de la ciudad de Hu\u00e1nuco. A las 7:00 a. m. se celebr\u00f3 una solemne misa en su honor en la catedral, que fue presidida por el vicario general de la Di\u00f3cesis de Hu\u00e1nuco, monse\u00f1or Oswaldo Rodr\u00edguez Mart\u00ednez. Luego inici\u00f3 su recorrido por el jir\u00f3n Dos de Mayo e ingres\u00f3 al jir\u00f3n General Prado para visitar nuestra casa de estudios.<\/span><br><\/p>\n<p><span style=\"font-size: 1rem;\">Desde tempranas horas de la ma\u00f1ana, servidores de la instituci\u00f3n, liderados por el Mgtr. Goyo De la Cruz Miraval y la Psic. Nataly Ingunza Lastra, director de Servicios Acad\u00e9micos y directora de Bienestar Universitario respectivamente, se reunieron a las afueras de la sede central y elaboraron una alfombra art\u00edstica con aserr\u00edn, pintura y flores, mostrando su fe y amor al Se\u00f1or de Burgos. El dise\u00f1o planteado fue un esp\u00edritu santo y el s\u00edmbolo de una clave de sol acompa\u00f1ado del acr\u00f3nimo Undar.<\/span><\/p>\n<p><span style=\"font-size: 1rem;\">Tambi\u00e9n se arm\u00f3 un altar con la efigie de Santa Cecilia y un peque\u00f1o escenario para la parte musical. Esta vez, un equipo de cuatro docentes \u2014Maria Teresa Cabanillas L\u00f3pez, Fidel Huasco Espinoza, Lilian Lozano Benancio y Josu\u00e9 Choquevilca Chinguel\u2014 recibi\u00f3 al Rey y Patrono de Hu\u00e1nuco, interpretando el c\u00e1ntico \u201cHimno al Se\u00f1or de Burgos\u201d y, m\u00e1s adelante, se escuch\u00f3 la melod\u00eda \u201cPie Jesu\u201d en la voz de la maestra Lilian.<\/span><\/p>\n<p><span style=\"font-size: 1rem;\">Las palabras de bienvenida y agradecimiento estuvieron a cargo del Dr. Roberto Carlos C\u00e1rdenas Viviano, director de la E.P. de Educaci\u00f3n Musical y Artes, quien pidi\u00f3 el apoyo del Santo Patr\u00f3n huanuque\u00f1o para cumplir las metas institucionales, especialmente, el licenciamiento. Asimismo, implor\u00f3 que derrame sus bendiciones sobre la comunidad universitaria. En paralelo, el Mtro. Carlos Ortega y Obreg\u00f3n, director de Responsabilidad Social y Extensi\u00f3n Cultural, hizo entrega de un arreglo floral a la hermandad a manera de ofrenda. <\/span><\/p>\n<div>\n<p><!-- \/wp:paragraph --><\/p>\n<\/div>\t\t\t\t\t\t<\/div>\n\t\t\t\t<\/div>\n\t\t\t\t<div class=\"elementor-element elementor-element-f83af45 elementor-share-buttons--view-icon elementor-share-buttons--skin-minimal elementor-share-buttons--shape-circle elementor-share-buttons--align-center elementor-grid-0 elementor-share-buttons--color-official elementor-widget elementor-widget-share-buttons\" data-id=\"f83af45\" data-element_type=\"widget\" data-widget_type=\"share-buttons.default\">\n\t\t\t\t<div class=\"elementor-widget-container\">\n\t\t\t\t\t<div class=\"elementor-grid\">\n\t\t\t\t\t\t\t\t<div class=\"elementor-grid-item\">\n\t\t\t\t\t\t<div\n\t\t\t\t\t\t\tclass=\"elementor-share-btn elementor-share-btn_facebook\"\n\t\t\t\t\t\t\trole=\"button\"\n\t\t\t\t\t\t\ttabindex=\"0\"\n\t\t\t\t\t\t\taria-label=\"Compartir en facebook\"\n\t\t\t\t\t\t>\n\t\t\t\t\t\t\t\t\t\t\t\t\t\t\t<span class=\"elementor-share-btn__icon\">\n\t\t\t\t\t\t\t\t<i class=\"fab fa-facebook\" aria-hidden=\"true\"><\/i>\t\t\t\t\t\t\t<\/span>\n\t\t\t\t\t\t\t\t\t\t\t\t\t\t\t\t\t\t\t\t<\/div>\n\t\t\t\t\t<\/div>\n\t\t\t\t\t\t\t\t\t<div class=\"elementor-grid-item\">\n\t\t\t\t\t\t<div\n\t\t\t\t\t\t\tclass=\"elementor-share-btn elementor-share-btn_twitter\"\n\t\t\t\t\t\t\trole=\"button\"\n\t\t\t\t\t\t\ttabindex=\"0\"\n\t\t\t\t\t\t\taria-label=\"Compartir en twitter\"\n\t\t\t\t\t\t>\n\t\t\t\t\t\t\t\t\t\t\t\t\t\t\t<span class=\"elementor-share-btn__icon\">\n\t\t\t\t\t\t\t\t<i class=\"fab fa-twitter\" aria-hidden=\"true\"><\/i>\t\t\t\t\t\t\t<\/span>\n\t\t\t\t\t\t\t\t\t\t\t\t\t\t\t\t\t\t\t\t<\/div>\n\t\t\t\t\t<\/div>\n\t\t\t\t\t\t\t\t\t<div class=\"elementor-grid-item\">\n\t\t\t\t\t\t<div\n\t\t\t\t\t\t\tclass=\"elementor-share-btn elementor-share-btn_linkedin\"\n\t\t\t\t\t\t\trole=\"button\"\n\t\t\t\t\t\t\ttabindex=\"0\"\n\t\t\t\t\t\t\taria-label=\"Compartir en linkedin\"\n\t\t\t\t\t\t>\n\t\t\t\t\t\t\t\t\t\t\t\t\t\t\t<span class=\"elementor-share-btn__icon\">\n\t\t\t\t\t\t\t\t<i class=\"fab fa-linkedin\" aria-hidden=\"true\"><\/i>\t\t\t\t\t\t\t<\/span>\n\t\t\t\t\t\t\t\t\t\t\t\t\t\t\t\t\t\t\t\t<\/div>\n\t\t\t\t\t<\/div>\n\t\t\t\t\t\t<\/div>\n\t\t\t\t<\/div>\n\t\t\t\t<\/div>\n\t\t\t\t<section class=\"elementor-section elementor-inner-section elementor-element elementor-element-4bfc828 elementor-section-boxed elementor-section-height-default elementor-section-height-default\" data-id=\"4bfc828\" data-element_type=\"section\">\n\t\t\t\t\t\t<div class=\"elementor-container elementor-column-gap-default\">\n\t\t\t\t\t<div class=\"elementor-column elementor-col-33 elementor-inner-column elementor-element elementor-element-231c783\" data-id=\"231c783\" data-element_type=\"column\">\n\t\t\t<div class=\"elementor-widget-wrap elementor-element-populated\">\n\t\t\t\t\t\t<div class=\"elementor-element elementor-element-2845b88 elementor-align-justify elementor-widget__width-inherit elementor-widget elementor-widget-button\" data-id=\"2845b88\" data-element_type=\"widget\" data-widget_type=\"button.default\">\n\t\t\t\t<div class=\"elementor-widget-container\">\n\t\t\t\t\t\t\t<div class=\"elementor-button-wrapper\">\n\t\t\t\t\t<a class=\"elementor-button elementor-button-link elementor-size-md\" href=\"https:\/\/www.undar.edu.pe\/index.php\/2022\/10\/27\/presidenta-de-la-comision-organizadora-de-la-undar-se-reunio-con-el-congresista-luis-picon-quedo\/\">\n\t\t\t\t\t\t<span class=\"elementor-button-content-wrapper\">\n\t\t\t\t\t\t<span class=\"elementor-button-icon\">\n\t\t\t\t<i aria-hidden=\"true\" class=\"fas fa-arrow-left\"><\/i>\t\t\t<\/span>\n\t\t\t\t\t\t\t\t\t<span class=\"elementor-button-text\">ATR\u00c1S<\/span>\n\t\t\t\t\t<\/span>\n\t\t\t\t\t<\/a>\n\t\t\t\t<\/div>\n\t\t\t\t\t\t<\/div>\n\t\t\t\t<\/div>\n\t\t\t\t\t<\/div>\n\t\t<\/div>\n\t\t\t\t<div class=\"elementor-column elementor-col-33 elementor-inner-column elementor-element elementor-element-4d23888\" data-id=\"4d23888\" data-element_type=\"column\">\n\t\t\t<div class=\"elementor-widget-wrap\">\n\t\t\t\t\t\t\t<\/div>\n\t\t<\/div>\n\t\t\t\t<div class=\"elementor-column elementor-col-33 elementor-inner-column elementor-element elementor-element-ea4fe31\" data-id=\"ea4fe31\" data-element_type=\"column\">\n\t\t\t<div class=\"elementor-widget-wrap elementor-element-populated\">\n\t\t\t\t\t\t<div class=\"elementor-element elementor-element-4e9bafd elementor-align-justify elementor-widget__width-inherit elementor-widget elementor-widget-button\" data-id=\"4e9bafd\" data-element_type=\"widget\" data-widget_type=\"button.default\">\n\t\t\t\t<div class=\"elementor-widget-container\">\n\t\t\t\t\t\t\t<div class=\"elementor-button-wrapper\">\n\t\t\t\t\t<a class=\"elementor-button elementor-button-link elementor-size-md\" href=\"https:\/\/www.undar.edu.pe\/index.php\/2022\/11\/10\/se-viene-actualizando-el-plan-de-desarrollo-de-responsabilidad-social-universitaria-en-la-undar\/\">\n\t\t\t\t\t\t<span class=\"elementor-button-content-wrapper\">\n\t\t\t\t\t\t<span class=\"elementor-button-icon\">\n\t\t\t\t<i aria-hidden=\"true\" class=\"fas fa-arrow-right\"><\/i>\t\t\t<\/span>\n\t\t\t\t\t\t\t\t\t<span class=\"elementor-button-text\">SIGUIENTE<\/span>\n\t\t\t\t\t<\/span>\n\t\t\t\t\t<\/a>\n\t\t\t\t<\/div>\n\t\t\t\t\t\t<\/div>\n\t\t\t\t<\/div>\n\t\t\t\t\t<\/div>\n\t\t<\/div>\n\t\t\t\t\t<\/div>\n\t\t<\/section>\n\t\t\t\t<div class=\"elementor-element elementor-element-aa8fe31 elementor-widget elementor-widget-text-editor\" data-id=\"aa8fe31\" data-element_type=\"widget\" data-widget_type=\"text-editor.default\">\n\t\t\t\t<div class=\"elementor-widget-container\">\n\t\t\t\t\t\t\t<p><span style=\"color: #4b4f58; font-size: 15px;\"><button id=\"listenButton1\" class=\"responsivevoice-button\" type=\"button\" value=\"Play\" title=\"ResponsiveVoice Tap to Start\/Stop Speech\"><span>&#128266; Listen to this<\/span><\/button>\n        <script>\n            listenButton1.onclick = function(){\n                if(responsiveVoice.isPlaying()){\n                    responsiveVoice.cancel();\n                }else{\n                    responsiveVoice.speak(\"Facebook Twitter Youtube Linkedin UNDAR RINDI\u00d3 HOMENAJE AL SE\u00d1OR DE BURGOS CON ALTAR, ALFOMBRA ART\u00cdSTICA Y C\u00c1NTICOS La sagrada imagen del Se\u00f1or de Burgos sali\u00f3 hoy de procesi\u00f3n despu\u00e9s de dos a\u00f1os de pandemia para bendecir las calles de la ciudad de Hu\u00e1nuco. A las 7:00 a. m. se celebr\u00f3 una solemne misa en su honor en la catedral, que fue presidida por el vicario general de la Di\u00f3cesis de Hu\u00e1nuco, monse\u00f1or Oswaldo Rodr\u00edguez Mart\u00ednez. Luego inici\u00f3 su recorrido por el jir\u00f3n Dos de Mayo e ingres\u00f3 al jir\u00f3n General Prado para visitar nuestra casa de estudios. Desde tempranas horas de la ma\u00f1ana, servidores de la instituci\u00f3n, liderados por el Mgtr. Goyo De la Cruz Miraval y la Psic. Nataly Ingunza Lastra, director de Servicios Acad\u00e9micos y directora de Bienestar Universitario respectivamente, se reunieron a las afueras de la sede central y elaboraron una alfombra art\u00edstica con aserr\u00edn, pintura y flores, mostrando su fe y amor al Se\u00f1or de Burgos. El dise\u00f1o planteado fue un esp\u00edritu santo y el s\u00edmbolo de una clave de sol acompa\u00f1ado del acr\u00f3nimo Undar. Tambi\u00e9n se arm\u00f3 un altar con la efigie de Santa Cecilia y un peque\u00f1o escenario para la parte musical. Esta vez, un equipo de cuatro docentes \u2014Maria Teresa Cabanillas L\u00f3pez, Fidel Huasco Espinoza, Lilian Lozano Benancio y Josu\u00e9 Choquevilca Chinguel\u2014 recibi\u00f3 al Rey y Patrono de Hu\u00e1nuco, interpretando el c\u00e1ntico \u201cHimno al Se\u00f1or de Burgos\u201d y, m\u00e1s adelante, se escuch\u00f3 la melod\u00eda \u201cPie Jesu\u201d en la voz de la maestra Lilian. Las palabras de bienvenida y agradecimiento estuvieron a cargo del Dr. Roberto Carlos C\u00e1rdenas Viviano, director de la E.P. de Educaci\u00f3n Musical y Artes, quien pidi\u00f3 el apoyo del Santo Patr\u00f3n huanuque\u00f1o para cumplir las metas institucionales, especialmente, el licenciamiento. Asimismo, implor\u00f3 que derrame sus bendiciones sobre la comunidad universitaria. En paralelo, el Mtro. Carlos Ortega y Obreg\u00f3n, director de Responsabilidad Social y Extensi\u00f3n Cultural, hizo entrega de un arreglo floral a la hermandad a manera de ofrenda. Share on facebook Share on twitter Share on linkedin ATR\u00c1S SIGUIENTE \u00a0\", \"UK English Female\");\n                }\n            };\n        <\/script>\n    <\/span><span style=\"color: #4b4f58; font-size: 15px;\">\u00a0<\/span><\/p>\t\t\t\t\t\t<\/div>\n\t\t\t\t<\/div>\n\t\t\t\t\t<\/div>\n\t\t<\/div>\n\t\t\t\t\t<\/div>\n\t\t<\/section>\n\t\t\t\t<\/div>\n\t\t","protected":false},"excerpt":{"rendered":"<p>La sagrada imagen del Se\u00f1or de Burgos sali\u00f3 hoy de procesi\u00f3n despu\u00e9s de dos a\u00f1os de pandemia para bendecir las calles de la ciudad de Hu\u00e1nuco. A las 7:00 a. m. se celebr\u00f3 (&#8230;)<\/p>\n","protected":false},"author":1,"featured_media":30201,"comment_status":"closed","ping_status":"closed","sticky":false,"template":"","format":"standard","meta":{"_uf_show_specific_survey":0,"_uf_disable_surveys":false,"footnotes":""},"categories":[7],"tags":[],"class_list":["post-30199","post","type-post","status-publish","format-standard","has-post-thumbnail","hentry","category-noticias"],"aioseo_notices":[],"_links":{"self":[{"href":"http:\/\/www.undar.edu.pe\/index.php\/wp-json\/wp\/v2\/posts\/30199","targetHints":{"allow":["GET"]}}],"collection":[{"href":"http:\/\/www.undar.edu.pe\/index.php\/wp-json\/wp\/v2\/posts"}],"about":[{"href":"http:\/\/www.undar.edu.pe\/index.php\/wp-json\/wp\/v2\/types\/post"}],"author":[{"embeddable":true,"href":"http:\/\/www.undar.edu.pe\/index.php\/wp-json\/wp\/v2\/users\/1"}],"replies":[{"embeddable":true,"href":"http:\/\/www.undar.edu.pe\/index.php\/wp-json\/wp\/v2\/comments?post=30199"}],"version-history":[{"count":44,"href":"http:\/\/www.undar.edu.pe\/index.php\/wp-json\/wp\/v2\/posts\/30199\/revisions"}],"predecessor-version":[{"id":43413,"href":"http:\/\/www.undar.edu.pe\/index.php\/wp-json\/wp\/v2\/posts\/30199\/revisions\/43413"}],"wp:featuredmedia":[{"embeddable":true,"href":"http:\/\/www.undar.edu.pe\/index.php\/wp-json\/wp\/v2\/media\/30201"}],"wp:attachment":[{"href":"http:\/\/www.undar.edu.pe\/index.php\/wp-json\/wp\/v2\/media?parent=30199"}],"wp:term":[{"taxonomy":"category","embeddable":true,"href":"http:\/\/www.undar.edu.pe\/index.php\/wp-json\/wp\/v2\/categories?post=30199"},{"taxonomy":"post_tag","embeddable":true,"href":"http:\/\/www.undar.edu.pe\/index.php\/wp-json\/wp\/v2\/tags?post=30199"}],"curies":[{"name":"wp","href":"https:\/\/api.w.org\/{rel}","templated":true}]}}